{"id":6291,"date":"2016-07-25T18:26:20","date_gmt":"2016-07-25T21:26:20","guid":{"rendered":"https:\/\/eldiariodesanpedro.com.ar\/sitio\/?p=6291"},"modified":"2016-07-25T18:26:20","modified_gmt":"2016-07-25T21:26:20","slug":"el-diputado-provincial-guillermo-kane-se-reunio-con-las-empleadas-de-la-clinica-san-martin","status":"publish","type":"post","link":"https:\/\/eldiariodesanpedro.com.ar\/sitio\/el-diputado-provincial-guillermo-kane-se-reunio-con-las-empleadas-de-la-clinica-san-martin\/","title":{"rendered":"El diputado provincial Guillermo Kane se reuni\u00f3 con las empleadas de la Cl\u00ednica San Mart\u00edn"},"content":{"rendered":"<p><!-- VideographyWP Plugin Message: Automatic video embedding prevented by plugin options. --><br \/>\nEl viernes por la tarde estuvo presente en la ciudad Guillermo Kane, donde se entrevist\u00f3 con representantes gremiales a nivel local del SITRAIC y tambi\u00e9n con trabajadores de la Cl\u00ednica San Mart\u00edn. Estuvo acompa\u00f1ado de referentes locales como Ademar Marabert.<br \/>\nTambi\u00e9n estuvo presente en Baradero, donde se reuni\u00f3 con empleados de la firma Germa\u00edz, que tambi\u00e9n pasan un dif\u00edcil momento.<br \/>\n\u201cCu\u00e1ntos fen\u00f3menos que hay de trabajadores que se est\u00e1n organizando por fuera de las conducciones tradicionales de los sindicatos y que no est\u00e1n contentos con dejarse despedir que no les paguen los sueldos, con dejarse pisotear\u201d, dijo el diputado provincial del Frente de Izquierda a Norte Bonaerense.<br \/>\nSobre el momento que vive el pa\u00eds a nivel econ\u00f3mico, dijo: \u201cLa percepci\u00f3n que tenemos desde el partido obrero es que hay un gran descontento de la situaci\u00f3n\u201d. \u201cQue haya muchos en la estructura pol\u00edtica, en los parlamentos, los gobernadores de las principales centrales sindicales, est\u00e9n acordando con el gobierno actual no quiere decir que el trabajador, que la gente com\u00fan est\u00e9 satisfecha\u201d.<br \/>\nEn tanto que calific\u00f3 los incidentes de la UOCRA con el SITRAIC de \u201cextrema gravedad\u201d. Y opin\u00f3: \u201cEs una situaci\u00f3n que desgraciadamente no es nueva, la UOCRA no reconoce el derecho democr\u00e1tico a elegir a sus representantes y pretende hacer valer con sus alianzas en muchos casos con empresarios y con las autoridades del estado, hacerse valer como \u00fanica representaci\u00f3n\u201d.<br \/>\n\u201cLo que se est\u00e1 reivindicando ac\u00e1 es el derecho de los trabajadores a organizarse sindicalmente como entiendan, como les parezca mejor\u201d, agreg\u00f3.<br \/>\nPor otro lado, se refiri\u00f3 al encuentro con empleados del centro asistencial local. \u201cA cuatro meses de no estar cobrando su salario, realmente emociona como las trabajadoras se ponen al hombro esta situaci\u00f3n sin tener un respaldo que hubiera correspondido del gobierno local, del sindicato, porque ac\u00e1 hay una clara maniobra de vaciamiento, los mismos socios de la cl\u00ednica han abandonado a su suerte a los empleados y est\u00e1n atendiendo de manera privada en otros puntos de la ciudad\u201d. Y asever\u00f3: \u201cVamos a llevar a la legislatura bonaerense un proyecto de declaraci\u00f3n, declarando de inter\u00e9s preservar estas fuentes de trabajo y respaldando a las compa\u00f1eras\u201d.<\/p>\n","protected":false},"excerpt":{"rendered":"<p>El viernes por la tarde estuvo presente en la ciudad Guillermo Kane, donde se entrevist\u00f3 con representantes gremiales a nivel local del SITRAIC y tambi\u00e9n con trabajadores de la Cl\u00ednica San Mart\u00edn. Estuvo acompa\u00f1ado de referentes locales como Ademar Marabert. Tambi\u00e9n estuvo presente en Baradero, donde se reuni\u00f3 con empleados de la firma Germa\u00edz, que [&hellip;]<\/p>\n","protected":false},"author":4,"featured_media":6292,"comment_status":"open","ping_status":"closed","sticky":false,"template":"","format":"standard","meta":{"om_disable_all_campaigns":false,"_jetpack_memberships_contains_paid_content":false,"footnotes":""},"categories":[101,2],"tags":[],"class_list":["post-6291","post","type-post","status-publish","format-standard","has-post-thumbnail","hentry","category-interes-general-locales","category-locales"],"aioseo_notices":[],"gutentor_comment":0,"jetpack_featured_media_url":"https:\/\/eldiariodesanpedro.com.ar\/sitio\/wp-content\/uploads\/2016\/07\/kane.jpg","jetpack_shortlink":"https:\/\/wp.me\/p6RhLt-1Dt","jetpack_sharing_enabled":true,"_links":{"self":[{"href":"https:\/\/eldiariodesanpedro.com.ar\/sitio\/wp-json\/wp\/v2\/posts\/6291","targetHints":{"allow":["GET"]}}],"collection":[{"href":"https:\/\/eldiariodesanpedro.com.ar\/sitio\/wp-json\/wp\/v2\/posts"}],"about":[{"href":"https:\/\/eldiariodesanpedro.com.ar\/sitio\/wp-json\/wp\/v2\/types\/post"}],"author":[{"embeddable":true,"href":"https:\/\/eldiariodesanpedro.com.ar\/sitio\/wp-json\/wp\/v2\/users\/4"}],"replies":[{"embeddable":true,"href":"https:\/\/eldiariodesanpedro.com.ar\/sitio\/wp-json\/wp\/v2\/comments?post=6291"}],"version-history":[{"count":1,"href":"https:\/\/eldiariodesanpedro.com.ar\/sitio\/wp-json\/wp\/v2\/posts\/6291\/revisions"}],"predecessor-version":[{"id":6293,"href":"https:\/\/eldiariodesanpedro.com.ar\/sitio\/wp-json\/wp\/v2\/posts\/6291\/revisions\/6293"}],"wp:featuredmedia":[{"embeddable":true,"href":"https:\/\/eldiariodesanpedro.com.ar\/sitio\/wp-json\/wp\/v2\/media\/6292"}],"wp:attachment":[{"href":"https:\/\/eldiariodesanpedro.com.ar\/sitio\/wp-json\/wp\/v2\/media?parent=6291"}],"wp:term":[{"taxonomy":"category","embeddable":true,"href":"https:\/\/eldiariodesanpedro.com.ar\/sitio\/wp-json\/wp\/v2\/categories?post=6291"},{"taxonomy":"post_tag","embeddable":true,"href":"https:\/\/eldiariodesanpedro.com.ar\/sitio\/wp-json\/wp\/v2\/tags?post=6291"}],"curies":[{"name":"wp","href":"https:\/\/api.w.org\/{rel}","templated":true}]}}