{"id":62909,"date":"2019-10-29T09:43:18","date_gmt":"2019-10-29T12:43:18","guid":{"rendered":"https:\/\/eldiariodesanpedro.com.ar\/sitio\/?p=62909"},"modified":"2019-10-29T10:12:25","modified_gmt":"2019-10-29T13:12:25","slug":"el-joven-herido-de-bala-fue-intervenido-quirurgicamente","status":"publish","type":"post","link":"https:\/\/eldiariodesanpedro.com.ar\/sitio\/el-joven-herido-de-bala-fue-intervenido-quirurgicamente\/","title":{"rendered":"El joven herido de bala fue intervenido quirurgicamente"},"content":{"rendered":"<!-- VideographyWP Plugin Message: Automatic video embedding prevented by plugin options. -->\n\n<p>Fue operado luego de ser asistido de urgencia en el nosocomio local. El equipo de cirug\u00eda extirp\u00f3 el ri\u00f1\u00f3n izquierdo, gravemente lesionado. <\/p>\n\n\n\n<p>Recordemos que seg\u00fan testimonios de vecinos, el problema ocurri\u00f3 entre dos hombres mayores de edad que desde hace varios d\u00edas se encontraban manteniendo un conflicto familiar.<\/p>\n\n\n\n<figure class=\"wp-block-image\"><img decoding=\"async\" width=\"1024\" height=\"485\" data-attachment-id=\"62876\" data-permalink=\"https:\/\/eldiariodesanpedro.com.ar\/sitio\/20191028_110037\/\" data-orig-file=\"https:\/\/eldiariodesanpedro.com.ar\/sitio\/wp-content\/uploads\/2019\/10\/20191028_110037.jpg\" data-orig-size=\"4032,1908\" data-comments-opened=\"1\" data-image-meta=\"{&quot;aperture&quot;:&quot;2.4&quot;,&quot;credit&quot;:&quot;&quot;,&quot;camera&quot;:&quot;SM-G975F&quot;,&quot;caption&quot;:&quot;&quot;,&quot;created_timestamp&quot;:&quot;1572260436&quot;,&quot;copyright&quot;:&quot;&quot;,&quot;focal_length&quot;:&quot;6&quot;,&quot;iso&quot;:&quot;50&quot;,&quot;shutter_speed&quot;:&quot;0.0048309178743961&quot;,&quot;title&quot;:&quot;&quot;,&quot;orientation&quot;:&quot;1&quot;}\" data-image-title=\"20191028_110037\" data-image-description=\"\" data-image-caption=\"\" data-large-file=\"https:\/\/eldiariodesanpedro.com.ar\/sitio\/wp-content\/uploads\/2019\/10\/20191028_110037-1024x485.jpg\" data-src=\"https:\/\/eldiariodesanpedro.com.ar\/sitio\/wp-content\/uploads\/2019\/10\/20191028_110037-1024x485.jpg\" alt=\"\" class=\"wp-image-62876 lazyload\" data-srcset=\"https:\/\/eldiariodesanpedro.com.ar\/sitio\/wp-content\/uploads\/2019\/10\/20191028_110037-1024x485.jpg 1024w, https:\/\/eldiariodesanpedro.com.ar\/sitio\/wp-content\/uploads\/2019\/10\/20191028_110037-300x142.jpg 300w, https:\/\/eldiariodesanpedro.com.ar\/sitio\/wp-content\/uploads\/2019\/10\/20191028_110037-768x363.jpg 768w\" data-sizes=\"(max-width: 1024px) 100vw, 1024px\" src=\"data:image\/svg+xml;base64,PHN2ZyB3aWR0aD0iMSIgaGVpZ2h0PSIxIiB4bWxucz0iaHR0cDovL3d3dy53My5vcmcvMjAwMC9zdmciPjwvc3ZnPg==\" style=\"--smush-placeholder-width: 1024px; --smush-placeholder-aspect-ratio: 1024\/485;\" \/><\/figure>\n\n\n\n<p>En el barrio hubo quejas porque \u00abhace dias que estan a los tiros, as\u00ed no se puede vivir, uno de ellos se cree que es el due\u00f1o del barrio y nadie hace nada, estamos cansados y tenemos miedo por las criaturas, a ellos no les importa nada\u00bb, expresaban desde all\u00ed.<\/p>\n\n\n\n<p>Este lunes, no fue la excepci\u00f3n y se volvieron a repetir las agresiones por lo que un m\u00f3vil policial se hizo presente en el lugar.<\/p>\n\n\n\n<p>Al dar la voz de alto por los efectivos, al agresor apunta contra los mismos con un rev\u00f3lver calibre 32 y en modo de defensa uno de los oficiales efect\u00faa un disparo con su arma reglamentaria impactando en el abdomen.<\/p>\n\n\n\n<p>Fue trasladado por la ambulancia del SAME al Hospital y el otro sujeto fue trasladado a la dependencia local.<\/p>\n\n\n\n<p>Esta ma\u00f1ana desde nuestra redacci\u00f3n dialogamos el  Dr Herbas, Jefe de Guardia y nos cont\u00f3  el estado de salud del joven, \u00bb ingres\u00f3 con una herida provocada por un disparo en el abdomen, y se visualizaba un orificio de entrada, fue r\u00e1pidamente asistido e intervenido quirurgicamente\u00bb<\/p>\n\n\n\n<p>\u00abNos encontramos con una herida grave,   el equipo de cirug\u00eda extirp\u00f3 el ri\u00f1\u00f3n izquierdo y ademas el proyectil perforo el h\u00edgado, los intestinos y el estomago. En estos momentos se encuentra en terapia intensiva\u00bb.<\/p>\n\n\n\n<p>Las actuaciones judiciales\u00a0se encuentran a cargo de PREFECTURA NAVAL ARGENTINA y las pericias Cient\u00edficas GENDARMERIA NACIONAL ARGENTINA con intervenci\u00f3n de la UFI 11 local. Ademas se iniciaron actuaciones administrativas con intervenci\u00f3n de Asuntos Internos .<\/p>\n","protected":false},"excerpt":{"rendered":"<p>Fue operado luego de ser asistido de urgencia en el nosocomio local. El equipo de cirug\u00eda extirp\u00f3 el ri\u00f1\u00f3n izquierdo, gravemente lesionado. Recordemos que seg\u00fan testimonios de vecinos, el problema ocurri\u00f3 entre dos hombres mayores de edad que desde hace varios d\u00edas se encontraban manteniendo un conflicto familiar. En el barrio hubo quejas porque \u00abhace [&hellip;]<\/p>\n","protected":false},"author":4,"featured_media":62910,"comment_status":"open","ping_status":"closed","sticky":false,"template":"","format":"standard","meta":{"om_disable_all_campaigns":false,"_jetpack_memberships_contains_paid_content":false,"footnotes":""},"categories":[50,2,103],"tags":[],"class_list":["post-62909","post","type-post","status-publish","format-standard","has-post-thumbnail","hentry","category-destacadas","category-locales","category-policiales-locales"],"aioseo_notices":[],"gutentor_comment":0,"jetpack_featured_media_url":"https:\/\/eldiariodesanpedro.com.ar\/sitio\/wp-content\/uploads\/2019\/10\/guardia-2-940x528_0.jpg","jetpack_shortlink":"https:\/\/wp.me\/p6RhLt-gmF","jetpack_sharing_enabled":true,"_links":{"self":[{"href":"https:\/\/eldiariodesanpedro.com.ar\/sitio\/wp-json\/wp\/v2\/posts\/62909","targetHints":{"allow":["GET"]}}],"collection":[{"href":"https:\/\/eldiariodesanpedro.com.ar\/sitio\/wp-json\/wp\/v2\/posts"}],"about":[{"href":"https:\/\/eldiariodesanpedro.com.ar\/sitio\/wp-json\/wp\/v2\/types\/post"}],"author":[{"embeddable":true,"href":"https:\/\/eldiariodesanpedro.com.ar\/sitio\/wp-json\/wp\/v2\/users\/4"}],"replies":[{"embeddable":true,"href":"https:\/\/eldiariodesanpedro.com.ar\/sitio\/wp-json\/wp\/v2\/comments?post=62909"}],"version-history":[{"count":2,"href":"https:\/\/eldiariodesanpedro.com.ar\/sitio\/wp-json\/wp\/v2\/posts\/62909\/revisions"}],"predecessor-version":[{"id":62918,"href":"https:\/\/eldiariodesanpedro.com.ar\/sitio\/wp-json\/wp\/v2\/posts\/62909\/revisions\/62918"}],"wp:featuredmedia":[{"embeddable":true,"href":"https:\/\/eldiariodesanpedro.com.ar\/sitio\/wp-json\/wp\/v2\/media\/62910"}],"wp:attachment":[{"href":"https:\/\/eldiariodesanpedro.com.ar\/sitio\/wp-json\/wp\/v2\/media?parent=62909"}],"wp:term":[{"taxonomy":"category","embeddable":true,"href":"https:\/\/eldiariodesanpedro.com.ar\/sitio\/wp-json\/wp\/v2\/categories?post=62909"},{"taxonomy":"post_tag","embeddable":true,"href":"https:\/\/eldiariodesanpedro.com.ar\/sitio\/wp-json\/wp\/v2\/tags?post=62909"}],"curies":[{"name":"wp","href":"https:\/\/api.w.org\/{rel}","templated":true}]}}