{"id":62898,"date":"2019-10-28T18:09:07","date_gmt":"2019-10-28T21:09:07","guid":{"rendered":"https:\/\/eldiariodesanpedro.com.ar\/sitio\/?p=62898"},"modified":"2019-10-28T18:53:34","modified_gmt":"2019-10-28T21:53:34","slug":"fiscal-ramos-el-acusado-de-asesinato-tiene-pedido-de-captura-pero-el-juez-de-garantias-no-ordeno-la-captura","status":"publish","type":"post","link":"https:\/\/eldiariodesanpedro.com.ar\/sitio\/fiscal-ramos-el-acusado-de-asesinato-tiene-pedido-de-captura-pero-el-juez-de-garantias-no-ordeno-la-captura\/","title":{"rendered":"Fiscal Ramos: \u00abEl acusado de asesinato tiene pedido de detenci\u00f3n pero el Juez de Garant\u00edas no orden\u00f3 la captura\u00bb"},"content":{"rendered":"<!-- VideographyWP Plugin Message: Automatic video embedding prevented by plugin options. -->\n\n<p>Esta ma\u00f1ana la Dr Ramos. titular de la Fiscalia N\u00ba11,  quien se encuentra a cargo de la causa por el asesinato de Elias Chavez el sabado por la madrugada, dialog\u00f3 con la redacci\u00f3n del Diario, explic\u00f3 la situaci\u00f3n del acusado y brind\u00f3 detalles del hecho.<\/p>\n\n\n\n<p>Recordemos que el violento hecho sucedi\u00f3 por la madrugada del sabado 26, alrededor de las 4 horas, por calle Mitre casi intersecci\u00f3n con Las Heras, cuando un autom\u00f3vil Peugeot de color oscuro se cruza adelante de otro Renault Megane gris, provocando que detenga su marcha.<\/p>\n\n\n\n<p>El conductor del Renault desciende exaltado y se dirige hacia el Peugeot pateando las puertas para que salga el masculino que se le hab\u00eda cruzado,&nbsp;&nbsp;al descender lo hiere con un arma blanca en su pecho.<\/p>\n\n\n\n<p>El herido camin\u00f3 unos metros y cay\u00f3 tendido sobre el asfalto.<\/p>\n\n\n\n<figure class=\"wp-block-image\"><img decoding=\"async\" width=\"1024\" height=\"576\" data-attachment-id=\"62807\" data-permalink=\"https:\/\/eldiariodesanpedro.com.ar\/sitio\/picsart_10-26-02-49-26\/\" data-orig-file=\"https:\/\/eldiariodesanpedro.com.ar\/sitio\/wp-content\/uploads\/2019\/10\/PicsArt_10-26-02.49.26.jpg\" data-orig-size=\"3052,1717\" data-comments-opened=\"1\" data-image-meta=\"{&quot;aperture&quot;:&quot;2.2&quot;,&quot;credit&quot;:&quot;207085862001102&quot;,&quot;camera&quot;:&quot;motorola one&quot;,&quot;caption&quot;:&quot;&quot;,&quot;created_timestamp&quot;:&quot;0&quot;,&quot;copyright&quot;:&quot;&quot;,&quot;focal_length&quot;:&quot;3.463&quot;,&quot;iso&quot;:&quot;100&quot;,&quot;shutter_speed&quot;:&quot;0.0013&quot;,&quot;title&quot;:&quot;&quot;,&quot;orientation&quot;:&quot;1&quot;}\" data-image-title=\"PicsArt_10-26-02.49.26\" data-image-description=\"\" data-image-caption=\"\" data-large-file=\"https:\/\/eldiariodesanpedro.com.ar\/sitio\/wp-content\/uploads\/2019\/10\/PicsArt_10-26-02.49.26-1024x576.jpg\" data-src=\"https:\/\/eldiariodesanpedro.com.ar\/sitio\/wp-content\/uploads\/2019\/10\/PicsArt_10-26-02.49.26-1024x576.jpg\" alt=\"\" class=\"wp-image-62807 lazyload\" data-srcset=\"https:\/\/eldiariodesanpedro.com.ar\/sitio\/wp-content\/uploads\/2019\/10\/PicsArt_10-26-02.49.26-1024x576.jpg 1024w, https:\/\/eldiariodesanpedro.com.ar\/sitio\/wp-content\/uploads\/2019\/10\/PicsArt_10-26-02.49.26-300x169.jpg 300w, https:\/\/eldiariodesanpedro.com.ar\/sitio\/wp-content\/uploads\/2019\/10\/PicsArt_10-26-02.49.26-768x432.jpg 768w\" data-sizes=\"(max-width: 1024px) 100vw, 1024px\" src=\"data:image\/svg+xml;base64,PHN2ZyB3aWR0aD0iMSIgaGVpZ2h0PSIxIiB4bWxucz0iaHR0cDovL3d3dy53My5vcmcvMjAwMC9zdmciPjwvc3ZnPg==\" style=\"--smush-placeholder-width: 1024px; --smush-placeholder-aspect-ratio: 1024\/576;\" \/><\/figure>\n\n\n\n<p>El atacante se dio a la fuga r\u00e1pidamente.<\/p>\n\n\n\n<p> La fiscala Viviana Ramos, en di\u00e1logo con El Diario de San Pedro cont\u00f3 que luego de un arduo trabajo con c\u00e1maras de seguridad donde se estableci\u00f3 con la identificaci\u00f3n del auto, la patente y testigos, la identificaci\u00f3n del acusado.<\/p>\n\n\n\n<figure class=\"wp-block-image\"><img decoding=\"async\" width=\"960\" height=\"960\" data-attachment-id=\"62808\" data-permalink=\"https:\/\/eldiariodesanpedro.com.ar\/sitio\/picsart_10-26-02-47-44\/\" data-orig-file=\"https:\/\/eldiariodesanpedro.com.ar\/sitio\/wp-content\/uploads\/2019\/10\/PicsArt_10-26-02.47.44.jpg\" data-orig-size=\"960,960\" data-comments-opened=\"1\" data-image-meta=\"{&quot;aperture&quot;:&quot;0&quot;,&quot;credit&quot;:&quot;207085862001102&quot;,&quot;camera&quot;:&quot;&quot;,&quot;caption&quot;:&quot;&quot;,&quot;created_timestamp&quot;:&quot;0&quot;,&quot;copyright&quot;:&quot;&quot;,&quot;focal_length&quot;:&quot;0&quot;,&quot;iso&quot;:&quot;0&quot;,&quot;shutter_speed&quot;:&quot;0&quot;,&quot;title&quot;:&quot;&quot;,&quot;orientation&quot;:&quot;1&quot;}\" data-image-title=\"PicsArt_10-26-02.47.44\" data-image-description=\"\" data-image-caption=\"\" data-large-file=\"https:\/\/eldiariodesanpedro.com.ar\/sitio\/wp-content\/uploads\/2019\/10\/PicsArt_10-26-02.47.44.jpg\" data-src=\"https:\/\/eldiariodesanpedro.com.ar\/sitio\/wp-content\/uploads\/2019\/10\/PicsArt_10-26-02.47.44.jpg\" alt=\"\" class=\"wp-image-62808 lazyload\" data-srcset=\"https:\/\/eldiariodesanpedro.com.ar\/sitio\/wp-content\/uploads\/2019\/10\/PicsArt_10-26-02.47.44.jpg 960w, https:\/\/eldiariodesanpedro.com.ar\/sitio\/wp-content\/uploads\/2019\/10\/PicsArt_10-26-02.47.44-150x150.jpg 150w, https:\/\/eldiariodesanpedro.com.ar\/sitio\/wp-content\/uploads\/2019\/10\/PicsArt_10-26-02.47.44-300x300.jpg 300w, https:\/\/eldiariodesanpedro.com.ar\/sitio\/wp-content\/uploads\/2019\/10\/PicsArt_10-26-02.47.44-768x768.jpg 768w\" data-sizes=\"(max-width: 960px) 100vw, 960px\" src=\"data:image\/svg+xml;base64,PHN2ZyB3aWR0aD0iMSIgaGVpZ2h0PSIxIiB4bWxucz0iaHR0cDovL3d3dy53My5vcmcvMjAwMC9zdmciPjwvc3ZnPg==\" style=\"--smush-placeholder-width: 960px; --smush-placeholder-aspect-ratio: 960\/960;\" \/><\/figure>\n\n\n\n<p>\u00abEl hecho sucedi\u00f3 por la madrugada y ya para horas posteriores al mediod\u00eda ten\u00edamos identificado al autor, realizamos una diligencia de allanamiento en su domicilio de calle Ayacucho donde se encontr\u00f3 el auto con el que particip\u00f3, ropa y el arma homicida, este joven identificado como Sebastian Dotti no se encontraba, s\u00ed su progenitor que fue trasladado a la comisar\u00eda para tomarle declaraci\u00f3n\u00bb<\/p>\n\n\n\n<p>\u00abPedimos la detenci\u00f3n con todas las pruebas colectadas pero el Juez de Garant\u00edas Ricardo Pratti no ordeno todav\u00eda su captura\u00bb<\/p>\n\n\n\n<p>\u00abEs necesario comprender que no se encuentra pr\u00f3fugo, el pedido de detenci\u00f3n esta pero no aprobado todav\u00eda, el Juez debe evaluar las pruebas que se han demorado, adem\u00e1s el abogado defensor  particular de S.D solicit\u00f3 una eximici\u00f3n de prisi\u00f3n que considero que Pratti debe denegarla\u00bb.<\/p>\n\n\n\n<p>Para Ramos, est\u00e1 acreditado que Dotti asesin\u00f3 a Ch\u00e1vez. Las pruebas con datos de testimonios de testigos se le suman a las declaraciones que ya hicieron las dos femeninas mayores de edad que se encontraban junto al fallecido y la tercera femenina que acompa\u00f1aba al homicida.  Ademas aportaron datos del altercado en Boulevard Moreno e Ituzaing\u00f3,  donde supuestamente habr\u00eda comenzado el conflicto para luego terminar a 300 mts, con la muerte de Chavez.<\/p>\n\n\n\n<p> Los primeros testimonios efectivizaron  que esta persona llega a su casa luego del hecho, guarda el auto, pide un remis y se dirige a la ciudad de San Nicolas con familiares para entrevistarse con un reconocido penalista para luego refugiarse en en otra ciudad, Rosario.<\/p>\n\n\n\n<p>\u00abQue se haya ido para mi es una agravante situaci\u00f3n, hay peligro que esta persona se pueda ir. por eso sigo pidiendo que el Juez lo detenga\u00bb, culmin\u00f3.<\/p>\n\n\n\n<p><\/p>\n","protected":false},"excerpt":{"rendered":"<p>Esta ma\u00f1ana la Dr Ramos. titular de la Fiscalia N\u00ba11, quien se encuentra a cargo de la causa por el asesinato de Elias Chavez el sabado por la madrugada, dialog\u00f3 con la redacci\u00f3n del Diario, explic\u00f3 la situaci\u00f3n del acusado y brind\u00f3 detalles del hecho. Recordemos que el violento hecho sucedi\u00f3 por la madrugada del [&hellip;]<\/p>\n","protected":false},"author":4,"featured_media":62902,"comment_status":"open","ping_status":"closed","sticky":false,"template":"","format":"standard","meta":{"om_disable_all_campaigns":false,"_jetpack_memberships_contains_paid_content":false,"footnotes":""},"categories":[50,2,103],"tags":[],"class_list":["post-62898","post","type-post","status-publish","format-standard","has-post-thumbnail","hentry","category-destacadas","category-locales","category-policiales-locales"],"aioseo_notices":[],"gutentor_comment":0,"jetpack_featured_media_url":"https:\/\/eldiariodesanpedro.com.ar\/sitio\/wp-content\/uploads\/2019\/10\/dra-ramos.jpg","jetpack_shortlink":"https:\/\/wp.me\/p6RhLt-gmu","jetpack_sharing_enabled":true,"_links":{"self":[{"href":"https:\/\/eldiariodesanpedro.com.ar\/sitio\/wp-json\/wp\/v2\/posts\/62898","targetHints":{"allow":["GET"]}}],"collection":[{"href":"https:\/\/eldiariodesanpedro.com.ar\/sitio\/wp-json\/wp\/v2\/posts"}],"about":[{"href":"https:\/\/eldiariodesanpedro.com.ar\/sitio\/wp-json\/wp\/v2\/types\/post"}],"author":[{"embeddable":true,"href":"https:\/\/eldiariodesanpedro.com.ar\/sitio\/wp-json\/wp\/v2\/users\/4"}],"replies":[{"embeddable":true,"href":"https:\/\/eldiariodesanpedro.com.ar\/sitio\/wp-json\/wp\/v2\/comments?post=62898"}],"version-history":[{"count":3,"href":"https:\/\/eldiariodesanpedro.com.ar\/sitio\/wp-json\/wp\/v2\/posts\/62898\/revisions"}],"predecessor-version":[{"id":62906,"href":"https:\/\/eldiariodesanpedro.com.ar\/sitio\/wp-json\/wp\/v2\/posts\/62898\/revisions\/62906"}],"wp:featuredmedia":[{"embeddable":true,"href":"https:\/\/eldiariodesanpedro.com.ar\/sitio\/wp-json\/wp\/v2\/media\/62902"}],"wp:attachment":[{"href":"https:\/\/eldiariodesanpedro.com.ar\/sitio\/wp-json\/wp\/v2\/media?parent=62898"}],"wp:term":[{"taxonomy":"category","embeddable":true,"href":"https:\/\/eldiariodesanpedro.com.ar\/sitio\/wp-json\/wp\/v2\/categories?post=62898"},{"taxonomy":"post_tag","embeddable":true,"href":"https:\/\/eldiariodesanpedro.com.ar\/sitio\/wp-json\/wp\/v2\/tags?post=62898"}],"curies":[{"name":"wp","href":"https:\/\/api.w.org\/{rel}","templated":true}]}}