{"id":62896,"date":"2019-10-28T17:13:31","date_gmt":"2019-10-28T20:13:31","guid":{"rendered":"https:\/\/eldiariodesanpedro.com.ar\/sitio\/?p=62896"},"modified":"2019-10-28T17:13:35","modified_gmt":"2019-10-28T20:13:35","slug":"convenio-para-actividades-conjuntas-con-el-instituto-universitario-de-la-escuela-argentina-de-negocios","status":"publish","type":"post","link":"https:\/\/eldiariodesanpedro.com.ar\/sitio\/convenio-para-actividades-conjuntas-con-el-instituto-universitario-de-la-escuela-argentina-de-negocios\/","title":{"rendered":"Convenio para actividades conjuntas con el Instituto Universitario de la Escuela Argentina de Negocios"},"content":{"rendered":"<!-- VideographyWP Plugin Message: Automatic video embedding prevented by plugin options. -->\n\n<p>En el Centro de Comercio e Industria de San Pedro se firm\u00f3 esta semana un Convenio de Cooperaci\u00f3n con el Instituto Universitario Escuela Argentina de Negocios, especializado en la formaci\u00f3n en ciencias de la administraci\u00f3n y en el desarrollo de actividades de extensi\u00f3n hacia la comunidad como consultor\u00edas e investigaciones aplicadas a la resoluci\u00f3n de problemas sociales.<br><br>El objetivo es comenzar a trabajar en el desarrollo de proyectos de inter\u00e9s para los sectores que representa la entidad que contar\u00e1n con el respaldo y la infraestructura del Instituto. Juntos, el Instituto y el CCIT comenzar\u00e1n a evaluar con los representantes designados por cada parte, las caracter\u00edsticas de las acciones que ser\u00e1n puestas a disposici\u00f3n de la comunidad compartiendo la responsabilidad de la designaci\u00f3n y financiamiento del personal docente, t\u00e9cnico o administrativo que fuera necesario.<br><br>La EAN es una instituci\u00f3n universitaria que trabaja en el an\u00e1lisis y la discusi\u00f3n cient\u00edfica sobre el campo de conocimientos de aplicaci\u00f3n empresarial, con especial atenci\u00f3n a la relevancia cultural y social de los procesos formativos y al impacto de los servicios que se transfieren a la comunidad.<br><br>Estos valores son compartidos desde el CCIT para acercar herramientas a &nbsp;profesionales y emprendedores para liderar proyectos en contextos cambiantes y globales y, con ese prop\u00f3sito se ha arribado a este acuerdo para unir fuerzas en la regi\u00f3n.<br><br>Dentro de sus propuestas se destacan Diplomaturas, Programas Ejecutivos, Seminarios y Jornadas de Divulgacion y Debate en diferentes temas relacionados con las empresas, el marketing y el amplio ambito de los negocios.&nbsp;<\/p>\n\n\n\n<p><br><strong>Proximamente se dar\u00e1n a conocer las primeras opciones sobre las que se iniciar\u00e1n los planes conjuntos.<br><\/strong><\/p>\n\n\n\n<p><strong><br>Centro de Comercio Industria y Turismo &#8211; 28 de octubre de 2019<\/strong><\/p>\n","protected":false},"excerpt":{"rendered":"<p>En el Centro de Comercio e Industria de San Pedro se firm\u00f3 esta semana un Convenio de Cooperaci\u00f3n con el Instituto Universitario Escuela Argentina de Negocios, especializado en la formaci\u00f3n en ciencias de la administraci\u00f3n y en el desarrollo de actividades de extensi\u00f3n hacia la comunidad como consultor\u00edas e investigaciones aplicadas a la resoluci\u00f3n de [&hellip;]<\/p>\n","protected":false},"author":4,"featured_media":57515,"comment_status":"open","ping_status":"closed","sticky":false,"template":"","format":"standard","meta":{"om_disable_all_campaigns":false,"_jetpack_memberships_contains_paid_content":false,"footnotes":""},"categories":[101,2],"tags":[],"class_list":["post-62896","post","type-post","status-publish","format-standard","has-post-thumbnail","hentry","category-interes-general-locales","category-locales"],"aioseo_notices":[],"gutentor_comment":0,"jetpack_featured_media_url":"https:\/\/eldiariodesanpedro.com.ar\/sitio\/wp-content\/uploads\/2019\/08\/centro-de-comercio-e-industria_3.jpg","jetpack_shortlink":"https:\/\/wp.me\/p6RhLt-gms","jetpack_sharing_enabled":true,"_links":{"self":[{"href":"https:\/\/eldiariodesanpedro.com.ar\/sitio\/wp-json\/wp\/v2\/posts\/62896","targetHints":{"allow":["GET"]}}],"collection":[{"href":"https:\/\/eldiariodesanpedro.com.ar\/sitio\/wp-json\/wp\/v2\/posts"}],"about":[{"href":"https:\/\/eldiariodesanpedro.com.ar\/sitio\/wp-json\/wp\/v2\/types\/post"}],"author":[{"embeddable":true,"href":"https:\/\/eldiariodesanpedro.com.ar\/sitio\/wp-json\/wp\/v2\/users\/4"}],"replies":[{"embeddable":true,"href":"https:\/\/eldiariodesanpedro.com.ar\/sitio\/wp-json\/wp\/v2\/comments?post=62896"}],"version-history":[{"count":1,"href":"https:\/\/eldiariodesanpedro.com.ar\/sitio\/wp-json\/wp\/v2\/posts\/62896\/revisions"}],"predecessor-version":[{"id":62897,"href":"https:\/\/eldiariodesanpedro.com.ar\/sitio\/wp-json\/wp\/v2\/posts\/62896\/revisions\/62897"}],"wp:featuredmedia":[{"embeddable":true,"href":"https:\/\/eldiariodesanpedro.com.ar\/sitio\/wp-json\/wp\/v2\/media\/57515"}],"wp:attachment":[{"href":"https:\/\/eldiariodesanpedro.com.ar\/sitio\/wp-json\/wp\/v2\/media?parent=62896"}],"wp:term":[{"taxonomy":"category","embeddable":true,"href":"https:\/\/eldiariodesanpedro.com.ar\/sitio\/wp-json\/wp\/v2\/categories?post=62896"},{"taxonomy":"post_tag","embeddable":true,"href":"https:\/\/eldiariodesanpedro.com.ar\/sitio\/wp-json\/wp\/v2\/tags?post=62896"}],"curies":[{"name":"wp","href":"https:\/\/api.w.org\/{rel}","templated":true}]}}