{"id":62891,"date":"2019-10-28T12:52:14","date_gmt":"2019-10-28T15:52:14","guid":{"rendered":"https:\/\/eldiariodesanpedro.com.ar\/sitio\/?p=62891"},"modified":"2019-10-28T12:52:18","modified_gmt":"2019-10-28T15:52:18","slug":"baradero-volco-un-patrullero-en-el-camino-a-alsina","status":"publish","type":"post","link":"https:\/\/eldiariodesanpedro.com.ar\/sitio\/baradero-volco-un-patrullero-en-el-camino-a-alsina\/","title":{"rendered":"BARADERO | Volc\u00f3 un patrullero en el camino a Alsina"},"content":{"rendered":"<!-- VideographyWP Plugin Message: Automatic video embedding prevented by plugin options. -->\n\n<p>\n\nEl domingo en el camino que une baradero con alsina por causas que se tratan de establecer un m\u00f3vil policial volc\u00f3.<\/p>\n\n\n\n<p>Su ocupante de 33 a\u00f1os, un efectivo policial fue&nbsp;trasladado a un centro de mayor complejidad luego de recibir importantes golpes en su cabeza y columna.<\/p>\n\n\n\n<p>En el lugar trabaj\u00f3 personal de bomberos unidad 5\/45 para su rescate y personal del SAME.<\/p>\n\n\n\n<p>Fuente: Baradero Te Informa<\/p>\n","protected":false},"excerpt":{"rendered":"<p>El domingo en el camino que une baradero con alsina por causas que se tratan de establecer un m\u00f3vil policial volc\u00f3. Su ocupante de 33 a\u00f1os, un efectivo policial fue&nbsp;trasladado a un centro de mayor complejidad luego de recibir importantes golpes en su cabeza y columna. En el lugar trabaj\u00f3 personal de bomberos unidad 5\/45 [&hellip;]<\/p>\n","protected":false},"author":4,"featured_media":62892,"comment_status":"open","ping_status":"closed","sticky":false,"template":"","format":"standard","meta":{"om_disable_all_campaigns":false,"_jetpack_memberships_contains_paid_content":false,"footnotes":""},"categories":[621],"tags":[],"class_list":["post-62891","post","type-post","status-publish","format-standard","has-post-thumbnail","hentry","category-regionales"],"aioseo_notices":[],"gutentor_comment":0,"jetpack_featured_media_url":"https:\/\/eldiariodesanpedro.com.ar\/sitio\/wp-content\/uploads\/2019\/10\/75519314_2607310586163124_8072491423397576704_n_1.jpg","jetpack_shortlink":"https:\/\/wp.me\/p6RhLt-gmn","jetpack_sharing_enabled":true,"_links":{"self":[{"href":"https:\/\/eldiariodesanpedro.com.ar\/sitio\/wp-json\/wp\/v2\/posts\/62891","targetHints":{"allow":["GET"]}}],"collection":[{"href":"https:\/\/eldiariodesanpedro.com.ar\/sitio\/wp-json\/wp\/v2\/posts"}],"about":[{"href":"https:\/\/eldiariodesanpedro.com.ar\/sitio\/wp-json\/wp\/v2\/types\/post"}],"author":[{"embeddable":true,"href":"https:\/\/eldiariodesanpedro.com.ar\/sitio\/wp-json\/wp\/v2\/users\/4"}],"replies":[{"embeddable":true,"href":"https:\/\/eldiariodesanpedro.com.ar\/sitio\/wp-json\/wp\/v2\/comments?post=62891"}],"version-history":[{"count":1,"href":"https:\/\/eldiariodesanpedro.com.ar\/sitio\/wp-json\/wp\/v2\/posts\/62891\/revisions"}],"predecessor-version":[{"id":62893,"href":"https:\/\/eldiariodesanpedro.com.ar\/sitio\/wp-json\/wp\/v2\/posts\/62891\/revisions\/62893"}],"wp:featuredmedia":[{"embeddable":true,"href":"https:\/\/eldiariodesanpedro.com.ar\/sitio\/wp-json\/wp\/v2\/media\/62892"}],"wp:attachment":[{"href":"https:\/\/eldiariodesanpedro.com.ar\/sitio\/wp-json\/wp\/v2\/media?parent=62891"}],"wp:term":[{"taxonomy":"category","embeddable":true,"href":"https:\/\/eldiariodesanpedro.com.ar\/sitio\/wp-json\/wp\/v2\/categories?post=62891"},{"taxonomy":"post_tag","embeddable":true,"href":"https:\/\/eldiariodesanpedro.com.ar\/sitio\/wp-json\/wp\/v2\/tags?post=62891"}],"curies":[{"name":"wp","href":"https:\/\/api.w.org\/{rel}","templated":true}]}}