{"id":62888,"date":"2019-10-28T12:35:24","date_gmt":"2019-10-28T15:35:24","guid":{"rendered":"https:\/\/eldiariodesanpedro.com.ar\/sitio\/?p=62888"},"modified":"2019-10-28T12:35:29","modified_gmt":"2019-10-28T15:35:29","slug":"san-nicolas-detuvieron-al-remisero-acusado-de-abuso-sexual","status":"publish","type":"post","link":"https:\/\/eldiariodesanpedro.com.ar\/sitio\/san-nicolas-detuvieron-al-remisero-acusado-de-abuso-sexual\/","title":{"rendered":"SAN NICOL\u00c1S | Detuvieron al remisero acusado de abuso sexual"},"content":{"rendered":"<!-- VideographyWP Plugin Message: Automatic video embedding prevented by plugin options. -->\n\n<p>\n\nEL juez de Garant\u00edas Rom\u00e1n Parodi, orden\u00f3 la detenci\u00f3n del remisero acusado por presunto abuso sexual con acceso carnal a una menor de 17 a\u00f1os. La misma se hab\u00eda suspendido unos d\u00edas ya que la defensa hab\u00eda interpuesto una eximici\u00f3n de prisi\u00f3n, y finalmente la C\u00e1mara de Apelaciones hizo lugar a la resoluci\u00f3n de detenci\u00f3n.<\/p>\n\n\n\n<p>La orden se efectiviz\u00f3 el pasado mi\u00e9rcoles en S\u00e1nchez y el jueves se le realiz\u00f3 la indagatoria.<\/p>\n\n\n\n<p>En la misma, el remisero se\u00f1al\u00f3 que el encuentro sexual con la denunciante existi\u00f3, pero manifest\u00f3 que fue consentido.<\/p>\n\n\n\n<p>La v\u00edctima sent\u00f3 la denuncia el martes 15 de octubre y se\u00f1al\u00f3 que el hecho habr\u00eda ocurrido a plena luz del d\u00eda en un descampado de calle Islas Malvinas.<\/p>\n\n\n\n<p>La fiscal\u00eda solicit\u00f3 dos allanamientos en la agencia de remis y en su domicilio secuestr\u00e1ndose varios elementos de inter\u00e9s para la causa.<\/p>\n\n\n\n<p>Adem\u00e1s, se fue revisada por un m\u00e9dico, cuyo informe no mostr\u00f3 que la chica haya sufrido violencia, pero s\u00ed que ten\u00eda lesiones en \u00f3rganos genitales producto del acto sexual. <\/p>\n\n\n\n<p>Fuente: Diario El Informante<\/p>\n","protected":false},"excerpt":{"rendered":"<p>EL juez de Garant\u00edas Rom\u00e1n Parodi, orden\u00f3 la detenci\u00f3n del remisero acusado por presunto abuso sexual con acceso carnal a una menor de 17 a\u00f1os. La misma se hab\u00eda suspendido unos d\u00edas ya que la defensa hab\u00eda interpuesto una eximici\u00f3n de prisi\u00f3n, y finalmente la C\u00e1mara de Apelaciones hizo lugar a la resoluci\u00f3n de detenci\u00f3n. [&hellip;]<\/p>\n","protected":false},"author":4,"featured_media":62889,"comment_status":"open","ping_status":"closed","sticky":false,"template":"","format":"standard","meta":{"om_disable_all_campaigns":false,"_jetpack_memberships_contains_paid_content":false,"footnotes":""},"categories":[621],"tags":[],"class_list":["post-62888","post","type-post","status-publish","format-standard","has-post-thumbnail","hentry","category-regionales"],"aioseo_notices":[],"gutentor_comment":0,"jetpack_featured_media_url":"https:\/\/eldiariodesanpedro.com.ar\/sitio\/wp-content\/uploads\/2019\/10\/no_9ywdzrkrqojonmyremis.jpg","jetpack_shortlink":"https:\/\/wp.me\/p6RhLt-gmk","jetpack_sharing_enabled":true,"_links":{"self":[{"href":"https:\/\/eldiariodesanpedro.com.ar\/sitio\/wp-json\/wp\/v2\/posts\/62888","targetHints":{"allow":["GET"]}}],"collection":[{"href":"https:\/\/eldiariodesanpedro.com.ar\/sitio\/wp-json\/wp\/v2\/posts"}],"about":[{"href":"https:\/\/eldiariodesanpedro.com.ar\/sitio\/wp-json\/wp\/v2\/types\/post"}],"author":[{"embeddable":true,"href":"https:\/\/eldiariodesanpedro.com.ar\/sitio\/wp-json\/wp\/v2\/users\/4"}],"replies":[{"embeddable":true,"href":"https:\/\/eldiariodesanpedro.com.ar\/sitio\/wp-json\/wp\/v2\/comments?post=62888"}],"version-history":[{"count":1,"href":"https:\/\/eldiariodesanpedro.com.ar\/sitio\/wp-json\/wp\/v2\/posts\/62888\/revisions"}],"predecessor-version":[{"id":62890,"href":"https:\/\/eldiariodesanpedro.com.ar\/sitio\/wp-json\/wp\/v2\/posts\/62888\/revisions\/62890"}],"wp:featuredmedia":[{"embeddable":true,"href":"https:\/\/eldiariodesanpedro.com.ar\/sitio\/wp-json\/wp\/v2\/media\/62889"}],"wp:attachment":[{"href":"https:\/\/eldiariodesanpedro.com.ar\/sitio\/wp-json\/wp\/v2\/media?parent=62888"}],"wp:term":[{"taxonomy":"category","embeddable":true,"href":"https:\/\/eldiariodesanpedro.com.ar\/sitio\/wp-json\/wp\/v2\/categories?post=62888"},{"taxonomy":"post_tag","embeddable":true,"href":"https:\/\/eldiariodesanpedro.com.ar\/sitio\/wp-json\/wp\/v2\/tags?post=62888"}],"curies":[{"name":"wp","href":"https:\/\/api.w.org\/{rel}","templated":true}]}}