{"id":62884,"date":"2019-10-28T12:29:36","date_gmt":"2019-10-28T15:29:36","guid":{"rendered":"https:\/\/eldiariodesanpedro.com.ar\/sitio\/?p=62884"},"modified":"2019-10-28T12:29:37","modified_gmt":"2019-10-28T15:29:37","slug":"un-aprehendido-por-tenencia-ilegal-de-arma-de-fuego-en-la-ruta-9","status":"publish","type":"post","link":"https:\/\/eldiariodesanpedro.com.ar\/sitio\/un-aprehendido-por-tenencia-ilegal-de-arma-de-fuego-en-la-ruta-9\/","title":{"rendered":"Un aprehendido por tenencia ilegal de arma de fuego en la ruta 9"},"content":{"rendered":"<!-- VideographyWP Plugin Message: Automatic video embedding prevented by plugin options. -->\n\n<p>En ruta Nacional 9 km 177 a la altura de la localidad de R\u00edo Tala, el personal policial del destacamento de esa localidad y de la comisar\u00eda de San Pedro, proceden a secuestro de arma de fuego calibre 22 de marca \u00abThe  Woodsman\u00bb sin numeraci\u00f3n, con nueve proyectiles m\u00e1s uno en recamara, y aprehensi\u00f3n de ciudadano mayor de edad, quien se movilizaba en Chevrolet Astra.<br><\/p>\n","protected":false},"excerpt":{"rendered":"<p>En ruta Nacional 9 km 177 a la altura de la localidad de R\u00edo Tala, el personal policial del destacamento de esa localidad y de la comisar\u00eda de San Pedro, proceden a secuestro de arma de fuego calibre 22 de marca \u00abThe Woodsman\u00bb sin numeraci\u00f3n, con nueve proyectiles m\u00e1s uno en recamara, y aprehensi\u00f3n de [&hellip;]<\/p>\n","protected":false},"author":4,"featured_media":62530,"comment_status":"open","ping_status":"closed","sticky":false,"template":"","format":"standard","meta":{"om_disable_all_campaigns":false,"_jetpack_memberships_contains_paid_content":false,"footnotes":""},"categories":[2,103],"tags":[],"class_list":["post-62884","post","type-post","status-publish","format-standard","has-post-thumbnail","hentry","category-locales","category-policiales-locales"],"aioseo_notices":[],"gutentor_comment":0,"jetpack_featured_media_url":"https:\/\/eldiariodesanpedro.com.ar\/sitio\/wp-content\/uploads\/2019\/10\/patrullero-policia_9.jpg","jetpack_shortlink":"https:\/\/wp.me\/p6RhLt-gmg","jetpack_sharing_enabled":true,"_links":{"self":[{"href":"https:\/\/eldiariodesanpedro.com.ar\/sitio\/wp-json\/wp\/v2\/posts\/62884","targetHints":{"allow":["GET"]}}],"collection":[{"href":"https:\/\/eldiariodesanpedro.com.ar\/sitio\/wp-json\/wp\/v2\/posts"}],"about":[{"href":"https:\/\/eldiariodesanpedro.com.ar\/sitio\/wp-json\/wp\/v2\/types\/post"}],"author":[{"embeddable":true,"href":"https:\/\/eldiariodesanpedro.com.ar\/sitio\/wp-json\/wp\/v2\/users\/4"}],"replies":[{"embeddable":true,"href":"https:\/\/eldiariodesanpedro.com.ar\/sitio\/wp-json\/wp\/v2\/comments?post=62884"}],"version-history":[{"count":1,"href":"https:\/\/eldiariodesanpedro.com.ar\/sitio\/wp-json\/wp\/v2\/posts\/62884\/revisions"}],"predecessor-version":[{"id":62885,"href":"https:\/\/eldiariodesanpedro.com.ar\/sitio\/wp-json\/wp\/v2\/posts\/62884\/revisions\/62885"}],"wp:featuredmedia":[{"embeddable":true,"href":"https:\/\/eldiariodesanpedro.com.ar\/sitio\/wp-json\/wp\/v2\/media\/62530"}],"wp:attachment":[{"href":"https:\/\/eldiariodesanpedro.com.ar\/sitio\/wp-json\/wp\/v2\/media?parent=62884"}],"wp:term":[{"taxonomy":"category","embeddable":true,"href":"https:\/\/eldiariodesanpedro.com.ar\/sitio\/wp-json\/wp\/v2\/categories?post=62884"},{"taxonomy":"post_tag","embeddable":true,"href":"https:\/\/eldiariodesanpedro.com.ar\/sitio\/wp-json\/wp\/v2\/tags?post=62884"}],"curies":[{"name":"wp","href":"https:\/\/api.w.org\/{rel}","templated":true}]}}