{"id":6288,"date":"2016-07-25T18:19:51","date_gmt":"2016-07-25T21:19:51","guid":{"rendered":"https:\/\/eldiariodesanpedro.com.ar\/sitio\/?p=6288"},"modified":"2026-01-24T00:33:00","modified_gmt":"2026-01-24T03:33:00","slug":"parana-llego-a-la-final-con-dos-goles-de-franco-boaglio","status":"publish","type":"post","link":"https:\/\/eldiariodesanpedro.com.ar\/sitio\/parana-llego-a-la-final-con-dos-goles-de-franco-boaglio\/","title":{"rendered":"Paran\u00e1 lleg\u00f3 a la final con dos goles de Franco Boaglio"},"content":{"rendered":"<p><!-- VideographyWP Plugin Message: Automatic video embedding prevented by plugin options. --><br \/>\nQue partido en R\u00edo Tala!, disputado, con varias chances claras para ambos, pero solo marc\u00f3 Franco Boaglio (Paran\u00e1) a los 63m y 86m, quien sigue con la capacidad intacta de goleador. Fue figura El\u00edas Salom\u00f3n en la visita al tapar dos pelotas claras de gol y el palo en otra se lo neg\u00f3 al equipo de Miguel Gallegos. Mucho p\u00fablico sigui\u00f3 las acciones dando un gran marco a la semifinal del torneo Apertura. El partido de ida fue igualdad. Paran\u00e1, dirigido t\u00e9cnicamente por Nacho Garavaglia llega a meterse otra vez en una final de torneo.<br \/>\nLas Palmeras   Paran\u00e1 FC<br \/>\nLas Palmeras (0): J. Brites, G. D\u00edaz, J. C\u00f3rdoba, M. Bevilaqua, Carlos Balladares, J. Biain, Carlos C\u00e1ceres, M. Velo, J. Berrini, E. Caballero, R. Monsalvo.<br \/>\nRelevos: M. Fern\u00e1ndez, M. C\u00e1ceres, H. Giuliani, R. Manresa, R. Romero. DT: M. Gallego.<br \/>\nParan\u00e1 (2): E. Salom\u00f3n, B. Torrillo, E. Rold\u00e1n, J. Sepich, M. Longueira, H. Schallibaum, B. Burini, E. Alvarez, Jonathan Cerruti, F. Boaglio y Damian Cerruti.<br \/>\nRelevos: P. Brambilla, A. Castro, J. Costa Acevedo, I. Trelles y J. Ram\u00f3n. DT: I. Garavaglia.<br \/>\nGoles: 63m y 86m Franco Boaglio (P)<\/p>\n<p>Arbitro: Horacio Arias<br \/>\nCancha: Clementina y Rogelio Gonz\u00e1lez, club Las Palmeras<\/p>\n<p>Segunda y sexta<br \/>\nAmbas divisiones ya tienen sus finalistas luego de jugarse las revanchas de semifinales, con triunfos en el global de Agricultores y Sportivo en segunda y Sportivo &#8211; Mitre en sexta. Los cotejos se disputaron este domingo con el siguiente detalle:<br \/>\nSegunda divisi\u00f3n<br \/>\nAgricultores 4- Paran\u00e1 FC 1<br \/>\nSportivo Baradero 3- Rivadavia 0<br \/>\nSexta divisi\u00f3n<br \/>\nMitre 2- La Esperanza 0<br \/>\nAgricultores 2- Sportivo 2<br \/>\nFinales, partido de ida (elige local\u00eda equipo mejor ubicado en tabla general)<br \/>\nSegunda<br \/>\nAgricultores vs Sportivo<br \/>\nSexta<br \/>\nSportivo vs Mitre     <\/p>\n","protected":false},"excerpt":{"rendered":"<p>Que partido en R\u00edo Tala!, disputado, con varias chances claras para ambos, pero solo marc\u00f3 Franco Boaglio (Paran\u00e1) a los 63m y 86m, quien sigue con la capacidad intacta de goleador. Fue figura El\u00edas Salom\u00f3n en la visita al tapar dos pelotas claras de gol y el palo en otra se lo neg\u00f3 al equipo [&hellip;]<\/p>\n","protected":false},"author":4,"featured_media":6289,"comment_status":"open","ping_status":"closed","sticky":false,"template":"","format":"standard","meta":{"om_disable_all_campaigns":false,"_jetpack_memberships_contains_paid_content":false,"footnotes":""},"categories":[5],"tags":[],"class_list":["post-6288","post","type-post","status-publish","format-standard","has-post-thumbnail","hentry","category-deportes"],"aioseo_notices":[],"gutentor_comment":0,"jetpack_featured_media_url":"https:\/\/eldiariodesanpedro.com.ar\/sitio\/wp-content\/uploads\/2016\/07\/2-1.jpg","jetpack_shortlink":"https:\/\/wp.me\/p6RhLt-1Dq","jetpack_sharing_enabled":true,"_links":{"self":[{"href":"https:\/\/eldiariodesanpedro.com.ar\/sitio\/wp-json\/wp\/v2\/posts\/6288","targetHints":{"allow":["GET"]}}],"collection":[{"href":"https:\/\/eldiariodesanpedro.com.ar\/sitio\/wp-json\/wp\/v2\/posts"}],"about":[{"href":"https:\/\/eldiariodesanpedro.com.ar\/sitio\/wp-json\/wp\/v2\/types\/post"}],"author":[{"embeddable":true,"href":"https:\/\/eldiariodesanpedro.com.ar\/sitio\/wp-json\/wp\/v2\/users\/4"}],"replies":[{"embeddable":true,"href":"https:\/\/eldiariodesanpedro.com.ar\/sitio\/wp-json\/wp\/v2\/comments?post=6288"}],"version-history":[{"count":1,"href":"https:\/\/eldiariodesanpedro.com.ar\/sitio\/wp-json\/wp\/v2\/posts\/6288\/revisions"}],"predecessor-version":[{"id":6290,"href":"https:\/\/eldiariodesanpedro.com.ar\/sitio\/wp-json\/wp\/v2\/posts\/6288\/revisions\/6290"}],"wp:featuredmedia":[{"embeddable":true,"href":"https:\/\/eldiariodesanpedro.com.ar\/sitio\/wp-json\/wp\/v2\/media\/6289"}],"wp:attachment":[{"href":"https:\/\/eldiariodesanpedro.com.ar\/sitio\/wp-json\/wp\/v2\/media?parent=6288"}],"wp:term":[{"taxonomy":"category","embeddable":true,"href":"https:\/\/eldiariodesanpedro.com.ar\/sitio\/wp-json\/wp\/v2\/categories?post=6288"},{"taxonomy":"post_tag","embeddable":true,"href":"https:\/\/eldiariodesanpedro.com.ar\/sitio\/wp-json\/wp\/v2\/tags?post=6288"}],"curies":[{"name":"wp","href":"https:\/\/api.w.org\/{rel}","templated":true}]}}