{"id":62867,"date":"2019-10-28T11:34:34","date_gmt":"2019-10-28T14:34:34","guid":{"rendered":"https:\/\/eldiariodesanpedro.com.ar\/sitio\/?p=62867"},"modified":"2019-10-28T11:34:39","modified_gmt":"2019-10-28T14:34:39","slug":"san-nicolas-passaglia-gano-en-todas-las-delegaciones-y-barrios","status":"publish","type":"post","link":"https:\/\/eldiariodesanpedro.com.ar\/sitio\/san-nicolas-passaglia-gano-en-todas-las-delegaciones-y-barrios\/","title":{"rendered":"SAN NICOL\u00c1S | Passaglia gan\u00f3 en todas las delegaciones y barrios"},"content":{"rendered":"<!-- VideographyWP Plugin Message: Automatic video embedding prevented by plugin options. -->\n\n<p>\n\nEl intendente electo, Cdor. Manuel Passaglia gan\u00f3 por un amplio margen en estas elecciones generales, contando con el apoyo de todo el Partido de San Nicol\u00e1s.<\/p>\n\n\n\n<p>De acuerdo a la informaci\u00f3n oficial a la que pudo acceder EL INFORMANTE, tanto en las delegaciones como en los barrios, la mayor\u00eda de los nicole\u00f1os eligieron el plan de gobierno propuesto e implementado por la actual gesti\u00f3n.<\/p>\n\n\n\n<p>Los resultados son los siguientes:<\/p>\n\n\n\n<p>CENTRO:<br>63,64% Passaglia<br>27,36% Comerio<\/p>\n\n\n\n<p>NORTE:<br>50,30% Passaglia<br>42,14% Comerio<\/p>\n\n\n\n<p>SUR:<br>55,48% Passaglia<br>35,00% Comerio<\/p>\n\n\n\n<p>OESTE<br>50,82% Passaglia<br>40,06% Comerio<\/p>\n\n\n\n<p>LA EMILIA<br>52.88% Passaglia<br>38,21 % Comerio<\/p>\n\n\n\n<p>CAMPOS SALLES<br>52,37 % Passaglia<br>38,75 % Comerio<\/p>\n\n\n\n<p>GENERAL ROJO<br>52,20 % Passaglia<br>41,10 % Comerio<\/p>\n\n\n\n<p>EREZCANO<br>56,82 % Passaglia<br>29,81 % Comerio<\/p>\n\n\n\n<p>CONESA<br>57,32 % Passaglia<br>30,07 % Comerio<\/p>\n\n\n\n<p>EXTRANJERO<br>59,17 % Passaglia<br>33,73 % comerio <\/p>\n\n\n\n<p>Fuente: Diario El Informante<\/p>\n","protected":false},"excerpt":{"rendered":"<p>El intendente electo, Cdor. Manuel Passaglia gan\u00f3 por un amplio margen en estas elecciones generales, contando con el apoyo de todo el Partido de San Nicol\u00e1s. De acuerdo a la informaci\u00f3n oficial a la que pudo acceder EL INFORMANTE, tanto en las delegaciones como en los barrios, la mayor\u00eda de los nicole\u00f1os eligieron el plan [&hellip;]<\/p>\n","protected":false},"author":4,"featured_media":62868,"comment_status":"open","ping_status":"closed","sticky":false,"template":"","format":"standard","meta":{"om_disable_all_campaigns":false,"_jetpack_memberships_contains_paid_content":false,"footnotes":""},"categories":[621],"tags":[],"class_list":["post-62867","post","type-post","status-publish","format-standard","has-post-thumbnail","hentry","category-regionales"],"aioseo_notices":[],"gutentor_comment":0,"jetpack_featured_media_url":"https:\/\/eldiariodesanpedro.com.ar\/sitio\/wp-content\/uploads\/2019\/10\/no_i5kri8423eu3rprvita.jpg","jetpack_shortlink":"https:\/\/wp.me\/p6RhLt-glZ","jetpack_sharing_enabled":true,"_links":{"self":[{"href":"https:\/\/eldiariodesanpedro.com.ar\/sitio\/wp-json\/wp\/v2\/posts\/62867","targetHints":{"allow":["GET"]}}],"collection":[{"href":"https:\/\/eldiariodesanpedro.com.ar\/sitio\/wp-json\/wp\/v2\/posts"}],"about":[{"href":"https:\/\/eldiariodesanpedro.com.ar\/sitio\/wp-json\/wp\/v2\/types\/post"}],"author":[{"embeddable":true,"href":"https:\/\/eldiariodesanpedro.com.ar\/sitio\/wp-json\/wp\/v2\/users\/4"}],"replies":[{"embeddable":true,"href":"https:\/\/eldiariodesanpedro.com.ar\/sitio\/wp-json\/wp\/v2\/comments?post=62867"}],"version-history":[{"count":1,"href":"https:\/\/eldiariodesanpedro.com.ar\/sitio\/wp-json\/wp\/v2\/posts\/62867\/revisions"}],"predecessor-version":[{"id":62871,"href":"https:\/\/eldiariodesanpedro.com.ar\/sitio\/wp-json\/wp\/v2\/posts\/62867\/revisions\/62871"}],"wp:featuredmedia":[{"embeddable":true,"href":"https:\/\/eldiariodesanpedro.com.ar\/sitio\/wp-json\/wp\/v2\/media\/62868"}],"wp:attachment":[{"href":"https:\/\/eldiariodesanpedro.com.ar\/sitio\/wp-json\/wp\/v2\/media?parent=62867"}],"wp:term":[{"taxonomy":"category","embeddable":true,"href":"https:\/\/eldiariodesanpedro.com.ar\/sitio\/wp-json\/wp\/v2\/categories?post=62867"},{"taxonomy":"post_tag","embeddable":true,"href":"https:\/\/eldiariodesanpedro.com.ar\/sitio\/wp-json\/wp\/v2\/tags?post=62867"}],"curies":[{"name":"wp","href":"https:\/\/api.w.org\/{rel}","templated":true}]}}