{"id":62862,"date":"2019-10-28T10:34:36","date_gmt":"2019-10-28T13:34:36","guid":{"rendered":"https:\/\/eldiariodesanpedro.com.ar\/sitio\/?p=62862"},"modified":"2019-10-28T10:34:40","modified_gmt":"2019-10-28T13:34:40","slug":"arrecifes-amplio-triunfo-de-olaeta","status":"publish","type":"post","link":"https:\/\/eldiariodesanpedro.com.ar\/sitio\/arrecifes-amplio-triunfo-de-olaeta\/","title":{"rendered":"ARRECIFES | Amplio triunfo de Olaeta"},"content":{"rendered":"<!-- VideographyWP Plugin Message: Automatic video embedding prevented by plugin options. -->\n\n<p>No es com\u00fan en la pol\u00edtica arrecife\u00f1a lograr lo que viene consiguiendo Javier Olaeta, un hombre sin militancia partidaria que no perdi\u00f3 ni una sola elecci\u00f3n desde que decidi\u00f3 largarse al ruedo.<\/p>\n\n\n\n<p>En 2011, la \u00abmesa chica\u00bb de la entonces muy d\u00e9bil Uni\u00f3n C\u00edvica Radical lo fue a buscar para ser candidato. Era la \u00e9poca en la que Daniel Bolinaga resultaba reelecto intendente con el 62% de los votos. Olaeta respodi\u00f3 que no, que no era su momento, pero se manifest\u00f3 interesado en sumarse al trabajo partidario.<\/p>\n\n\n\n<p>En 2013 acept\u00f3 encabezar la lista de candidatos a concejales de la UCR, enfrent\u00e1ndose en una PASO contra un nombre fuerte como el de Sebasti\u00e1n Reigosa, en el frente que socialistas y radicales conformaron para esa elecci\u00f3n. Olaeta gan\u00f3 las primarias y luego, con Reigosa secund\u00e1ndolo, volvi\u00f3 a ganar las generales con el Frente Progresista C\u00edvico y Social. Se impusieron al bolinaguismo que llevaba como cabeza de lista a Pepe Aubalat.<\/p>\n\n\n\n<p>Ese frente se disolvi\u00f3 antes de las elecciones de 2015 y, con s\u00f3lo dos a\u00f1os como concejal, el Negro asumi\u00f3 la responsabilidad de ser precandidato a intendente dentro de una nueva alianza, Cambiemos, representando a la UCR y midi\u00e9ndose nada menos que contra el ex intendente Gustavo Picoy, reconocido y experimentado dirigente que lideraba el PRO.<\/p>\n\n\n\n<p>Muy pocos cre\u00edan entonces en Olaeta. A tal punto que Cambiemos no quer\u00eda darle lista y reconoc\u00eda a Picoy como \u00fanico candidato del espacio, ya que una encuesta preliminar de quienes manejaban Cambiemos en el orden nacional le daban un 80% a Picoy contra un 20% de Javier.<\/p>\n\n\n\n<p>Fueron los propios Olaeta y Mauro B\u00f3veda quienes le insistieron hasta el hartazgo a Ricardito Alfons\u00edn que conf\u00ede en ellos, que por favor gestionara que el Negro se mida en las PASO. Y casi rog\u00e1ndole, lo consiguieron.<\/p>\n\n\n\n<p>Picoy y el PRO se relajaron en esa interna, los radicales le pusieron much\u00edsimo trabajo y nuevamente ganaron. Era el tercer triunfo consecutivo de Olaeta en otras tantas presentaciones como candidato.<\/p>\n\n\n\n<p>Y dos meses despu\u00e9s, en las generales de 2015, sum\u00f3 la cuarta victoria al hilo y se convirti\u00f3 en intendente superando a Tana Di Palma.<\/p>\n\n\n\n<p>No es simp\u00e1tico, no es pol\u00edtico, puede gustarte o no, pero la mayor\u00eda de los arrecife\u00f1os lo banca.<\/p>\n\n\n\n<p>Ratific\u00f3 su liderazgo en 2017, cuando puso en evaluaci\u00f3n su gesti\u00f3n de gobierno municipal con Paqui B\u00f3veda como primer candidato a concejal. Y gan\u00f3 con comodidad, con el 50% de los votos. Si le adjudicamos que se midi\u00f3 su gesti\u00f3n, puede contabilizarse como la quinta victoria del Negro.<\/p>\n\n\n\n<p>En este 2019 s\u00ed, directa y personalmente, puso a consideraci\u00f3n del electorado si Arrecifes quer\u00eda o no un nuevo per\u00edodo de gobierno suyo. En las PASO gan\u00f3 con amplitud. Y este domingo, en las generales, lo hizo por una diferencia mayor, con m\u00e1s de la mitad de los votos emitidos.<\/p>\n\n\n\n<p>Los \u00faltimos d\u00edas de campa\u00f1a fueron muy duros, con algunos hechos muy graves de los que se lo acus\u00f3. Eso hizo pensar que su imagen se deteriorar\u00eda y, en algunos casos de la oposici\u00f3n, que pudiera llegar a perder la elecci\u00f3n. Pero lejos de eso, obtuvo el mayor apoyo de todas las elecciones que gan\u00f3.<\/p>\n\n\n\n<p>El voto popular es siempre indiscutido y as\u00ed debe serlo; tanto como el que le dio el triunfo a Alberto Fern\u00e1ndez en Naci\u00f3n y a Axel Kicillof en provincia, como el de Olaeta a nivel municipal. A la luz de los n\u00fameros, Arrecifes sigue respald\u00e1ndolo, y cada vez m\u00e1s.<\/p>\n\n\n\n<p>Fuente: Arrecifes Noticias<\/p>\n","protected":false},"excerpt":{"rendered":"<p>No es com\u00fan en la pol\u00edtica arrecife\u00f1a lograr lo que viene consiguiendo Javier Olaeta, un hombre sin militancia partidaria que no perdi\u00f3 ni una sola elecci\u00f3n desde que decidi\u00f3 largarse al ruedo. En 2011, la \u00abmesa chica\u00bb de la entonces muy d\u00e9bil Uni\u00f3n C\u00edvica Radical lo fue a buscar para ser candidato. Era la \u00e9poca [&hellip;]<\/p>\n","protected":false},"author":4,"featured_media":62863,"comment_status":"open","ping_status":"closed","sticky":false,"template":"","format":"standard","meta":{"om_disable_all_campaigns":false,"_jetpack_memberships_contains_paid_content":false,"footnotes":""},"categories":[621],"tags":[],"class_list":["post-62862","post","type-post","status-publish","format-standard","has-post-thumbnail","hentry","category-regionales"],"aioseo_notices":[],"gutentor_comment":0,"jetpack_featured_media_url":"https:\/\/eldiariodesanpedro.com.ar\/sitio\/wp-content\/uploads\/2019\/10\/Voto-Olaeta-2-702x510.jpg","jetpack_shortlink":"https:\/\/wp.me\/p6RhLt-glU","jetpack_sharing_enabled":true,"_links":{"self":[{"href":"https:\/\/eldiariodesanpedro.com.ar\/sitio\/wp-json\/wp\/v2\/posts\/62862","targetHints":{"allow":["GET"]}}],"collection":[{"href":"https:\/\/eldiariodesanpedro.com.ar\/sitio\/wp-json\/wp\/v2\/posts"}],"about":[{"href":"https:\/\/eldiariodesanpedro.com.ar\/sitio\/wp-json\/wp\/v2\/types\/post"}],"author":[{"embeddable":true,"href":"https:\/\/eldiariodesanpedro.com.ar\/sitio\/wp-json\/wp\/v2\/users\/4"}],"replies":[{"embeddable":true,"href":"https:\/\/eldiariodesanpedro.com.ar\/sitio\/wp-json\/wp\/v2\/comments?post=62862"}],"version-history":[{"count":1,"href":"https:\/\/eldiariodesanpedro.com.ar\/sitio\/wp-json\/wp\/v2\/posts\/62862\/revisions"}],"predecessor-version":[{"id":62864,"href":"https:\/\/eldiariodesanpedro.com.ar\/sitio\/wp-json\/wp\/v2\/posts\/62862\/revisions\/62864"}],"wp:featuredmedia":[{"embeddable":true,"href":"https:\/\/eldiariodesanpedro.com.ar\/sitio\/wp-json\/wp\/v2\/media\/62863"}],"wp:attachment":[{"href":"https:\/\/eldiariodesanpedro.com.ar\/sitio\/wp-json\/wp\/v2\/media?parent=62862"}],"wp:term":[{"taxonomy":"category","embeddable":true,"href":"https:\/\/eldiariodesanpedro.com.ar\/sitio\/wp-json\/wp\/v2\/categories?post=62862"},{"taxonomy":"post_tag","embeddable":true,"href":"https:\/\/eldiariodesanpedro.com.ar\/sitio\/wp-json\/wp\/v2\/tags?post=62862"}],"curies":[{"name":"wp","href":"https:\/\/api.w.org\/{rel}","templated":true}]}}