{"id":62859,"date":"2019-10-28T10:30:16","date_gmt":"2019-10-28T13:30:16","guid":{"rendered":"https:\/\/eldiariodesanpedro.com.ar\/sitio\/?p=62859"},"modified":"2019-10-28T10:30:21","modified_gmt":"2019-10-28T13:30:21","slug":"zarate-caffaro-renovara-su-mandato-por-cuarta-vez-consecutiva","status":"publish","type":"post","link":"https:\/\/eldiariodesanpedro.com.ar\/sitio\/zarate-caffaro-renovara-su-mandato-por-cuarta-vez-consecutiva\/","title":{"rendered":"Z\u00c1RATE | C\u00e1ffaro renovar\u00e1 su mandato por cuarta vez consecutiva"},"content":{"rendered":"<!-- VideographyWP Plugin Message: Automatic video embedding prevented by plugin options. -->\n\n<p>Con el 92% de las mesas escrutadas en Z\u00e1rate result\u00f3 ganador el candidato del Frente de Todos, Osvaldo C\u00e1ffaro con 40.656 votos.<\/p>\n\n\n\n<p>En segundo lugar se ubic\u00f3 el candidato de Juntos por el Cambio, Juli\u00e1n Guelvenz\u00fa con 21.087 votos.<\/p>\n\n\n\n<p>De esta manera C\u00e1ffaro renovar\u00e1 su mandato por cuarta vez consecutiva siendo el primer intendente en la historia de la ciudad en mantenerse en el Poder Ejecutivo por m\u00e1s de 12 a\u00f1os.<\/p>\n\n\n\n<p>Fuente: Impacto Local <\/p>\n","protected":false},"excerpt":{"rendered":"<p>Con el 92% de las mesas escrutadas en Z\u00e1rate result\u00f3 ganador el candidato del Frente de Todos, Osvaldo C\u00e1ffaro con 40.656 votos. En segundo lugar se ubic\u00f3 el candidato de Juntos por el Cambio, Juli\u00e1n Guelvenz\u00fa con 21.087 votos. De esta manera C\u00e1ffaro renovar\u00e1 su mandato por cuarta vez consecutiva siendo el primer intendente en [&hellip;]<\/p>\n","protected":false},"author":4,"featured_media":62860,"comment_status":"open","ping_status":"closed","sticky":false,"template":"","format":"standard","meta":{"om_disable_all_campaigns":false,"_jetpack_memberships_contains_paid_content":false,"footnotes":""},"categories":[621],"tags":[],"class_list":["post-62859","post","type-post","status-publish","format-standard","has-post-thumbnail","hentry","category-regionales"],"aioseo_notices":[],"gutentor_comment":0,"jetpack_featured_media_url":"https:\/\/eldiariodesanpedro.com.ar\/sitio\/wp-content\/uploads\/2019\/10\/IMG_20191027_235737.jpg","jetpack_shortlink":"https:\/\/wp.me\/p6RhLt-glR","jetpack_sharing_enabled":true,"_links":{"self":[{"href":"https:\/\/eldiariodesanpedro.com.ar\/sitio\/wp-json\/wp\/v2\/posts\/62859","targetHints":{"allow":["GET"]}}],"collection":[{"href":"https:\/\/eldiariodesanpedro.com.ar\/sitio\/wp-json\/wp\/v2\/posts"}],"about":[{"href":"https:\/\/eldiariodesanpedro.com.ar\/sitio\/wp-json\/wp\/v2\/types\/post"}],"author":[{"embeddable":true,"href":"https:\/\/eldiariodesanpedro.com.ar\/sitio\/wp-json\/wp\/v2\/users\/4"}],"replies":[{"embeddable":true,"href":"https:\/\/eldiariodesanpedro.com.ar\/sitio\/wp-json\/wp\/v2\/comments?post=62859"}],"version-history":[{"count":1,"href":"https:\/\/eldiariodesanpedro.com.ar\/sitio\/wp-json\/wp\/v2\/posts\/62859\/revisions"}],"predecessor-version":[{"id":62861,"href":"https:\/\/eldiariodesanpedro.com.ar\/sitio\/wp-json\/wp\/v2\/posts\/62859\/revisions\/62861"}],"wp:featuredmedia":[{"embeddable":true,"href":"https:\/\/eldiariodesanpedro.com.ar\/sitio\/wp-json\/wp\/v2\/media\/62860"}],"wp:attachment":[{"href":"https:\/\/eldiariodesanpedro.com.ar\/sitio\/wp-json\/wp\/v2\/media?parent=62859"}],"wp:term":[{"taxonomy":"category","embeddable":true,"href":"https:\/\/eldiariodesanpedro.com.ar\/sitio\/wp-json\/wp\/v2\/categories?post=62859"},{"taxonomy":"post_tag","embeddable":true,"href":"https:\/\/eldiariodesanpedro.com.ar\/sitio\/wp-json\/wp\/v2\/tags?post=62859"}],"curies":[{"name":"wp","href":"https:\/\/api.w.org\/{rel}","templated":true}]}}