{"id":62855,"date":"2019-10-28T10:28:17","date_gmt":"2019-10-28T13:28:17","guid":{"rendered":"https:\/\/eldiariodesanpedro.com.ar\/sitio\/?p=62855"},"modified":"2019-10-28T10:28:21","modified_gmt":"2019-10-28T13:28:21","slug":"campana-sebastian-abella-en-lo-mas-alto-del-podio-y-por-cuatro-anos-mas","status":"publish","type":"post","link":"https:\/\/eldiariodesanpedro.com.ar\/sitio\/campana-sebastian-abella-en-lo-mas-alto-del-podio-y-por-cuatro-anos-mas\/","title":{"rendered":"CAMPANA | Sebasti\u00e1n Abella, en lo m\u00e1s alto del podio y por cuatro a\u00f1os m\u00e1s"},"content":{"rendered":"<!-- VideographyWP Plugin Message: Automatic video embedding prevented by plugin options. -->\n\n<p> El Intendente fue reelecto con un 54% de los votos, superando al candidato del Frente de Todos (y principal competidor, Rub\u00e9n Romano, por m\u00e1s de 15 puntos. \u201cEstos cuatro a\u00f1os voy a trabajar m\u00e1s de lo que trabaj\u00e9 en los primeros\u201d dijo al encabezar los festejos en su bunker. Abella consolid\u00f3 el \u00fanico triunfo de Juntos por el Cambio en Campana, donde se impusieron Alberto Fern\u00e1ndez y Axel Kicillof.<\/p>\n\n\n\n<p>\n\n\u201cCuando ganamos en el 2015 fue incre\u00edble. Pero les puedo asegurar que hoy estoy mucho m\u00e1s feliz\u201d. Sebasti\u00e1n Abella festej\u00f3 en una jornada hist\u00f3rica para la democracia, alcanzando la reelecci\u00f3n como Intendente por cuatro a\u00f1os m\u00e1s.<\/p>\n\n\n\n<p>Y lo hizo con mayor contundencia que en las PASO (donde hab\u00eda alcanzado los casi 29000 votos). Sum\u00f3 (con el 93.7% de las mesas escrutadas) 33466 votos, el 54.2%. Mientras que Rub\u00e9n Romano, candidato por el Frente de Todos, logr\u00f3 23490 votos (un 38%).<\/p>\n\n\n\n<p>El resto de los candidatos no influy\u00f3 en los guarismos definitivos, que sellaron el escenario polarizado: Axel Cantlon (Consenso Federal) 3.9 %; Brenda Reymundo (FIT) 2.2%; Anibal Valdivia (Frente Nos) 1.7%.<\/p>\n\n\n\n<p>\u201cHoy ten\u00edamos que preguntarles a los vecinos si hab\u00edamos hecho bien las cosas, si les gust\u00f3. Y nos dijeron que ganamos por m\u00e1s del 50% de los votos\u201d asegur\u00f3 el Intendente reelecto, quien record\u00f3 el triunfo de las PASO. \u201cEn Agosto, nos dejaron un mensaje. Y desde el Lunes siguiente a esa elecci\u00f3n, no bajamos los brazos y nos multiplicamos hasta llegar a hoy, y pedirle a los vecinos que necesitamos un Concejo Deliberante que nos acompa\u00f1e\u201d.<\/p>\n\n\n\n<p>\u201cLos votos fueron m\u00e1s de los que imaginamos\u201d admiti\u00f3 Abella, y agradeci\u00f3 \u201ca todos los vecinos que se han sumado espont\u00e1neamente. Hoy somos un mont\u00f3n. Recorrimos toda la ciudad, y el resultado fue este\u201d.<\/p>\n\n\n\n<p>Euf\u00f3rico y emocionado, Abella asegur\u00f3: \u201cEstoy muy feliz por ser nuevamente Intendente de mi Ciudad. Le han puesto mucha actitud, con eso se gan\u00f3, y es lo que necesitamos para Campana. Esto me llena de orgullo y de responsabilidad. Estos cuatro a\u00f1os voy a trabajar m\u00e1s de lo que trabaj\u00e9 en los primeros. Y van a seguir viendo crecer a Campana\u201d.<\/p>\n\n\n\n<p>Mientras los vecinos alentaban con el famoso \u201cSi se puede\u201d, el Intendente hasta el 2023 dijo: \u201cLes prometo trabajo, y seguramente Campana va a seguir creciendo\u201d. Y asegur\u00f3 que convocar\u00e1 a dialogar a Rub\u00e9n Romano, \u201cporque a Campana lo construimos entre todos, y le puede aportar cosas a la ciudad\u201d. <\/p>\n\n\n\n<p>Fuente: Campana Noticias<\/p>\n\n\n\n<figure class=\"wp-block-image\"><img decoding=\"async\" width=\"470\" height=\"270\" data-attachment-id=\"62856\" data-permalink=\"https:\/\/eldiariodesanpedro.com.ar\/sitio\/campana-sebastian-abella-en-lo-mas-alto-del-podio-y-por-cuatro-anos-mas\/attachment\/20191027114707\/\" data-orig-file=\"https:\/\/eldiariodesanpedro.com.ar\/sitio\/wp-content\/uploads\/2019\/10\/20191027114707.jpg\" data-orig-size=\"470,270\" data-comments-opened=\"1\" data-image-meta=\"{&quot;aperture&quot;:&quot;0&quot;,&quot;credit&quot;:&quot;&quot;,&quot;camera&quot;:&quot;&quot;,&quot;caption&quot;:&quot;&quot;,&quot;created_timestamp&quot;:&quot;0&quot;,&quot;copyright&quot;:&quot;&quot;,&quot;focal_length&quot;:&quot;0&quot;,&quot;iso&quot;:&quot;0&quot;,&quot;shutter_speed&quot;:&quot;0&quot;,&quot;title&quot;:&quot;&quot;,&quot;orientation&quot;:&quot;0&quot;}\" data-image-title=\"20191027114707\" data-image-description=\"\" data-image-caption=\"\" data-large-file=\"https:\/\/eldiariodesanpedro.com.ar\/sitio\/wp-content\/uploads\/2019\/10\/20191027114707.jpg\" data-src=\"https:\/\/eldiariodesanpedro.com.ar\/sitio\/wp-content\/uploads\/2019\/10\/20191027114707.jpg\" alt=\"\" class=\"wp-image-62856 lazyload\" data-srcset=\"https:\/\/eldiariodesanpedro.com.ar\/sitio\/wp-content\/uploads\/2019\/10\/20191027114707.jpg 470w, https:\/\/eldiariodesanpedro.com.ar\/sitio\/wp-content\/uploads\/2019\/10\/20191027114707-300x172.jpg 300w\" data-sizes=\"(max-width: 470px) 100vw, 470px\" src=\"data:image\/svg+xml;base64,PHN2ZyB3aWR0aD0iMSIgaGVpZ2h0PSIxIiB4bWxucz0iaHR0cDovL3d3dy53My5vcmcvMjAwMC9zdmciPjwvc3ZnPg==\" style=\"--smush-placeholder-width: 470px; --smush-placeholder-aspect-ratio: 470\/270;\" \/><\/figure>\n","protected":false},"excerpt":{"rendered":"<p>El Intendente fue reelecto con un 54% de los votos, superando al candidato del Frente de Todos (y principal competidor, Rub\u00e9n Romano, por m\u00e1s de 15 puntos. \u201cEstos cuatro a\u00f1os voy a trabajar m\u00e1s de lo que trabaj\u00e9 en los primeros\u201d dijo al encabezar los festejos en su bunker. Abella consolid\u00f3 el \u00fanico triunfo de [&hellip;]<\/p>\n","protected":false},"author":4,"featured_media":62857,"comment_status":"open","ping_status":"closed","sticky":false,"template":"","format":"standard","meta":{"om_disable_all_campaigns":false,"_jetpack_memberships_contains_paid_content":false,"footnotes":""},"categories":[621],"tags":[],"class_list":["post-62855","post","type-post","status-publish","format-standard","has-post-thumbnail","hentry","category-regionales"],"aioseo_notices":[],"gutentor_comment":0,"jetpack_featured_media_url":"https:\/\/eldiariodesanpedro.com.ar\/sitio\/wp-content\/uploads\/2019\/10\/20191028070514.jpg","jetpack_shortlink":"https:\/\/wp.me\/p6RhLt-glN","jetpack_sharing_enabled":true,"_links":{"self":[{"href":"https:\/\/eldiariodesanpedro.com.ar\/sitio\/wp-json\/wp\/v2\/posts\/62855","targetHints":{"allow":["GET"]}}],"collection":[{"href":"https:\/\/eldiariodesanpedro.com.ar\/sitio\/wp-json\/wp\/v2\/posts"}],"about":[{"href":"https:\/\/eldiariodesanpedro.com.ar\/sitio\/wp-json\/wp\/v2\/types\/post"}],"author":[{"embeddable":true,"href":"https:\/\/eldiariodesanpedro.com.ar\/sitio\/wp-json\/wp\/v2\/users\/4"}],"replies":[{"embeddable":true,"href":"https:\/\/eldiariodesanpedro.com.ar\/sitio\/wp-json\/wp\/v2\/comments?post=62855"}],"version-history":[{"count":1,"href":"https:\/\/eldiariodesanpedro.com.ar\/sitio\/wp-json\/wp\/v2\/posts\/62855\/revisions"}],"predecessor-version":[{"id":62858,"href":"https:\/\/eldiariodesanpedro.com.ar\/sitio\/wp-json\/wp\/v2\/posts\/62855\/revisions\/62858"}],"wp:featuredmedia":[{"embeddable":true,"href":"https:\/\/eldiariodesanpedro.com.ar\/sitio\/wp-json\/wp\/v2\/media\/62857"}],"wp:attachment":[{"href":"https:\/\/eldiariodesanpedro.com.ar\/sitio\/wp-json\/wp\/v2\/media?parent=62855"}],"wp:term":[{"taxonomy":"category","embeddable":true,"href":"https:\/\/eldiariodesanpedro.com.ar\/sitio\/wp-json\/wp\/v2\/categories?post=62855"},{"taxonomy":"post_tag","embeddable":true,"href":"https:\/\/eldiariodesanpedro.com.ar\/sitio\/wp-json\/wp\/v2\/tags?post=62855"}],"curies":[{"name":"wp","href":"https:\/\/api.w.org\/{rel}","templated":true}]}}