{"id":62852,"date":"2019-10-28T10:25:39","date_gmt":"2019-10-28T13:25:39","guid":{"rendered":"https:\/\/eldiariodesanpedro.com.ar\/sitio\/?p=62852"},"modified":"2019-10-28T10:25:44","modified_gmt":"2019-10-28T13:25:44","slug":"ramallo-gustavo-perie-es-electo-intendente-por-44-votos","status":"publish","type":"post","link":"https:\/\/eldiariodesanpedro.com.ar\/sitio\/ramallo-gustavo-perie-es-electo-intendente-por-44-votos\/","title":{"rendered":"RAMALLO | Gustavo Perie es electo intendente por 44 votos"},"content":{"rendered":"<!-- VideographyWP Plugin Message: Automatic video embedding prevented by plugin options. -->\n\n<p>El candidato de Juntos por el Cambio gan\u00f3 una elecci\u00f3n muy re\u00f1ida. Tan solo 44 votos de diferencia con el actual intendente Mauro Poletti. Es la primera vez que un candidato de Villa Ramallo logra llegar a la intendencia.<\/p>\n\n\n\n<p>Perie gano en cuatro de las cinco localidades, empatando el resultado en Villa General Savio. Adem\u00e1s logr\u00f3 revertir los 500 votos de diferencia que lo separaron en las PASO. El intendente Poletti reconoci\u00f3 la derrota.<\/p>\n\n\n\n<p>En tanto, el Concejo Deliberante quedar\u00e1 divido en cuatro para Juntos por el Cambio, y cuatro para el Frente de Todos.<\/p>\n\n\n\n<p>Fuente: Ramallo Ciudad<\/p>\n","protected":false},"excerpt":{"rendered":"<p>El candidato de Juntos por el Cambio gan\u00f3 una elecci\u00f3n muy re\u00f1ida. Tan solo 44 votos de diferencia con el actual intendente Mauro Poletti. Es la primera vez que un candidato de Villa Ramallo logra llegar a la intendencia. Perie gano en cuatro de las cinco localidades, empatando el resultado en Villa General Savio. Adem\u00e1s [&hellip;]<\/p>\n","protected":false},"author":4,"featured_media":62853,"comment_status":"open","ping_status":"closed","sticky":false,"template":"","format":"standard","meta":{"om_disable_all_campaigns":false,"_jetpack_memberships_contains_paid_content":false,"footnotes":""},"categories":[621],"tags":[],"class_list":["post-62852","post","type-post","status-publish","format-standard","has-post-thumbnail","hentry","category-regionales"],"aioseo_notices":[],"gutentor_comment":0,"jetpack_featured_media_url":"https:\/\/eldiariodesanpedro.com.ar\/sitio\/wp-content\/uploads\/2019\/10\/IMG_20191027_220219.jpg","jetpack_shortlink":"https:\/\/wp.me\/p6RhLt-glK","jetpack_sharing_enabled":true,"_links":{"self":[{"href":"https:\/\/eldiariodesanpedro.com.ar\/sitio\/wp-json\/wp\/v2\/posts\/62852","targetHints":{"allow":["GET"]}}],"collection":[{"href":"https:\/\/eldiariodesanpedro.com.ar\/sitio\/wp-json\/wp\/v2\/posts"}],"about":[{"href":"https:\/\/eldiariodesanpedro.com.ar\/sitio\/wp-json\/wp\/v2\/types\/post"}],"author":[{"embeddable":true,"href":"https:\/\/eldiariodesanpedro.com.ar\/sitio\/wp-json\/wp\/v2\/users\/4"}],"replies":[{"embeddable":true,"href":"https:\/\/eldiariodesanpedro.com.ar\/sitio\/wp-json\/wp\/v2\/comments?post=62852"}],"version-history":[{"count":1,"href":"https:\/\/eldiariodesanpedro.com.ar\/sitio\/wp-json\/wp\/v2\/posts\/62852\/revisions"}],"predecessor-version":[{"id":62854,"href":"https:\/\/eldiariodesanpedro.com.ar\/sitio\/wp-json\/wp\/v2\/posts\/62852\/revisions\/62854"}],"wp:featuredmedia":[{"embeddable":true,"href":"https:\/\/eldiariodesanpedro.com.ar\/sitio\/wp-json\/wp\/v2\/media\/62853"}],"wp:attachment":[{"href":"https:\/\/eldiariodesanpedro.com.ar\/sitio\/wp-json\/wp\/v2\/media?parent=62852"}],"wp:term":[{"taxonomy":"category","embeddable":true,"href":"https:\/\/eldiariodesanpedro.com.ar\/sitio\/wp-json\/wp\/v2\/categories?post=62852"},{"taxonomy":"post_tag","embeddable":true,"href":"https:\/\/eldiariodesanpedro.com.ar\/sitio\/wp-json\/wp\/v2\/tags?post=62852"}],"curies":[{"name":"wp","href":"https:\/\/api.w.org\/{rel}","templated":true}]}}