{"id":62843,"date":"2019-10-28T09:49:22","date_gmt":"2019-10-28T12:49:22","guid":{"rendered":"https:\/\/eldiariodesanpedro.com.ar\/sitio\/?p=62843"},"modified":"2019-10-28T09:49:26","modified_gmt":"2019-10-28T12:49:26","slug":"elecciones-2019-sanzio-se-convirtio-hoy-en-el-intendente-mas-joven-de-la-historia-politica-de-baradero","status":"publish","type":"post","link":"https:\/\/eldiariodesanpedro.com.ar\/sitio\/elecciones-2019-sanzio-se-convirtio-hoy-en-el-intendente-mas-joven-de-la-historia-politica-de-baradero\/","title":{"rendered":"Elecciones 2019: Sanzio se convirti\u00f3 hoy en el intendente m\u00e1s joven de la historia pol\u00edtica de Baradero"},"content":{"rendered":"<!-- VideographyWP Plugin Message: Automatic video embedding prevented by plugin options. -->\n\n<p>El candidato del Frente de Todos realiz\u00f3 su primer discurso como intendente electo de la ciudad vecina Baradero, en la sede de SMATA.<\/p>\n\n\n\n<p>Sanzio, quien el 10 de diciembre asumir\u00e1 como el intendente m\u00e1s joven de la historia pol\u00edtica de Baradero, dijo:<\/p>\n\n\n\n<p><strong><em>\u00abQuiero agradecer a todo el pueblo de Baradero que se volc\u00f3 a votar de manera ordenada y pacifica y a los compa\u00f1eros que trabajaron a la par nuestra.\u00bb<\/em><\/strong><\/p>\n\n\n\n<p><em><strong>\u00abNuestro proyecto pretende devolverle los sue\u00f1os a todos los baraderenses, vamos a gobernar para todos y ese es nuestro compromiso.\u00bb<\/strong><\/em><\/p>\n\n\n\n<p><strong><em>\u00abQuiero agradecer a las autoridades municipales que nos llamaron y reconocieron nuestro triunfo.\u00bb<\/em><\/strong><\/p>\n\n\n\n<p>Por \u00faltimo aseguro:\u00a0<strong><em>\u00abNos vamos a romper el alma para estar a lado de cada vecino que necesite de nosotros\u00bb<\/em><\/strong><\/p>\n\n\n\n<figure class=\"wp-block-image\"><img decoding=\"async\" width=\"640\" height=\"427\" data-attachment-id=\"62844\" data-permalink=\"https:\/\/eldiariodesanpedro.com.ar\/sitio\/elecciones-2019-sanzio-se-convirtio-hoy-en-el-intendente-mas-joven-de-la-historia-politica-de-baradero\/img_0805-640x480\/\" data-orig-file=\"https:\/\/eldiariodesanpedro.com.ar\/sitio\/wp-content\/uploads\/2019\/10\/IMG_0805-640x480.jpg\" data-orig-size=\"640,427\" data-comments-opened=\"1\" data-image-meta=\"{&quot;aperture&quot;:&quot;5&quot;,&quot;credit&quot;:&quot;&quot;,&quot;camera&quot;:&quot;Canon EOS 70D&quot;,&quot;caption&quot;:&quot;&quot;,&quot;created_timestamp&quot;:&quot;1572212772&quot;,&quot;copyright&quot;:&quot;&quot;,&quot;focal_length&quot;:&quot;69&quot;,&quot;iso&quot;:&quot;1600&quot;,&quot;shutter_speed&quot;:&quot;0.016666666666667&quot;,&quot;title&quot;:&quot;&quot;,&quot;orientation&quot;:&quot;1&quot;}\" data-image-title=\"IMG_0805-640&amp;#215;480\" data-image-description=\"\" data-image-caption=\"\" data-large-file=\"https:\/\/eldiariodesanpedro.com.ar\/sitio\/wp-content\/uploads\/2019\/10\/IMG_0805-640x480.jpg\" data-src=\"https:\/\/eldiariodesanpedro.com.ar\/sitio\/wp-content\/uploads\/2019\/10\/IMG_0805-640x480.jpg\" alt=\"\" class=\"wp-image-62844 lazyload\" data-srcset=\"https:\/\/eldiariodesanpedro.com.ar\/sitio\/wp-content\/uploads\/2019\/10\/IMG_0805-640x480.jpg 640w, https:\/\/eldiariodesanpedro.com.ar\/sitio\/wp-content\/uploads\/2019\/10\/IMG_0805-640x480-300x200.jpg 300w\" data-sizes=\"(max-width: 640px) 100vw, 640px\" src=\"data:image\/svg+xml;base64,PHN2ZyB3aWR0aD0iMSIgaGVpZ2h0PSIxIiB4bWxucz0iaHR0cDovL3d3dy53My5vcmcvMjAwMC9zdmciPjwvc3ZnPg==\" style=\"--smush-placeholder-width: 640px; --smush-placeholder-aspect-ratio: 640\/427;\" \/><\/figure>\n\n\n\n<p> Alrededor de las 22 hs cuando ya los resultados del escrutinio llevado a cabo , hoy 27 de octubre de 2019, se hab\u00edan conocido y determinando que el nuevo intendente de Baradero por los pr\u00f3ximos cuatro a\u00f1os , elegido en las urnas es Esteban Tito Sanzio , en plena caravana de festejo , se expresaba de esta manera \u00bb Para los que estuvieron , y para los que se sumaron a esta caravana les digo que es una alegr\u00eda muy grande y una gran satisfacci\u00f3n pero por sobre todas las cosas es una responsabilidad muy grande que gran parte de la gente , vecinos de Baradero, nos puso sobre las espaldas.Cada uno de los que conformamos esta lista y de todos los compa\u00f1eros y compa\u00f1eras que han salido a militar tienen sobre la espalda esa responsabilidad . Los que iniciamos este camino , en la primera elecci\u00f3n , como aquellos que se sumaron despu\u00e9s . <\/p>\n\n\n\n<p>Los compa\u00f1eros del Frente de Todos, que al no obtener los resultados esperados se sumaron a este espacio porque entend\u00edan que la esperanza ven\u00eda a trav\u00e9s del Frente de Todos.. Eso es muy valorable para cada uno de nosotros. Es m\u00e1s valorable por encima de lo que han caminado cada uno de los propios, porque pudimos y estuvimos a la altura de las circunstancias cada uno de los que no estuvieron en la primera elecci\u00f3n, de poder unificarnos, porque entendimos que mas all\u00e1 de las diferencias y de cualquier discusi\u00f3n puntual estaba por encima el dolor y el sufrimiento de la gente de Baradero y del pa\u00eds.<\/p>\n\n\n\n<figure class=\"wp-block-image\"><img decoding=\"async\" width=\"640\" height=\"427\" data-attachment-id=\"62845\" data-permalink=\"https:\/\/eldiariodesanpedro.com.ar\/sitio\/elecciones-2019-sanzio-se-convirtio-hoy-en-el-intendente-mas-joven-de-la-historia-politica-de-baradero\/img_0823-640x480\/\" data-orig-file=\"https:\/\/eldiariodesanpedro.com.ar\/sitio\/wp-content\/uploads\/2019\/10\/IMG_0823-640x480.jpg\" data-orig-size=\"640,427\" data-comments-opened=\"1\" data-image-meta=\"{&quot;aperture&quot;:&quot;3.5&quot;,&quot;credit&quot;:&quot;&quot;,&quot;camera&quot;:&quot;Canon EOS 70D&quot;,&quot;caption&quot;:&quot;&quot;,&quot;created_timestamp&quot;:&quot;1572213289&quot;,&quot;copyright&quot;:&quot;&quot;,&quot;focal_length&quot;:&quot;20&quot;,&quot;iso&quot;:&quot;1600&quot;,&quot;shutter_speed&quot;:&quot;0.016666666666667&quot;,&quot;title&quot;:&quot;&quot;,&quot;orientation&quot;:&quot;1&quot;}\" data-image-title=\"IMG_0823-640&amp;#215;480\" data-image-description=\"\" data-image-caption=\"\" data-large-file=\"https:\/\/eldiariodesanpedro.com.ar\/sitio\/wp-content\/uploads\/2019\/10\/IMG_0823-640x480.jpg\" data-src=\"https:\/\/eldiariodesanpedro.com.ar\/sitio\/wp-content\/uploads\/2019\/10\/IMG_0823-640x480.jpg\" alt=\"\" class=\"wp-image-62845 lazyload\" data-srcset=\"https:\/\/eldiariodesanpedro.com.ar\/sitio\/wp-content\/uploads\/2019\/10\/IMG_0823-640x480.jpg 640w, https:\/\/eldiariodesanpedro.com.ar\/sitio\/wp-content\/uploads\/2019\/10\/IMG_0823-640x480-300x200.jpg 300w\" data-sizes=\"(max-width: 640px) 100vw, 640px\" src=\"data:image\/svg+xml;base64,PHN2ZyB3aWR0aD0iMSIgaGVpZ2h0PSIxIiB4bWxucz0iaHR0cDovL3d3dy53My5vcmcvMjAwMC9zdmciPjwvc3ZnPg==\" style=\"--smush-placeholder-width: 640px; --smush-placeholder-aspect-ratio: 640\/427;\" \/><\/figure>\n\n\n\n<p>En ese sentido , pudimos lograr esto que se logr\u00f3.Y esa responsabilidad se nos tiene que hacer carne.Porque cuando empiezan las discusiones entre dirigentes, empiezan a tener problemas la gente.Y eso es lo que no nos tenemos que permitir.Cada uno de los que estamos ac\u00e1 , antes de llevar una discusi\u00f3n con su compa\u00f1ero tiene que entender que atr\u00e1s de esa discusi\u00f3n hay un vecino o vecina que est\u00e1 sufriendo. Asi que hay que contar hasta diez.Tenemos que tener en claro, que quienes vamos a tener responsabilidad en el \u00e1mbito pol\u00edtico o la gesti\u00f3n van a tener que estar a la altura de las circunstancias, y esto significa cumplir con la palabra dada a cada uno de los vecinos , en cada visita, cada charla y cada mate compartido.<\/p>\n\n\n\n<p>Este edificio tiene que ser de puertas abiertas.Tendr\u00e1 que atender y contener a los vecinos que nos eligieron y tambi\u00e9n a los que no. Porque por alg\u00fan motivo, su elecci\u00f3n fue otra , y eso tiene que ser respetado.<\/p>\n\n\n\n<p>Hemos dicho, antes, que no todos los buenos estaban de un lado y los malos del otro y despu\u00e9s del diez de diciembre eso lo tenemos que sostener, tenemos que rompernos el alma, trabajar a la hora que sea necesaria, para que la gente entienda que los funcionarios pol\u00edticos no est\u00e1n para pasarla bien.<\/p>\n\n\n\n<figure class=\"wp-block-image\"><img decoding=\"async\" width=\"640\" height=\"427\" data-attachment-id=\"62846\" data-permalink=\"https:\/\/eldiariodesanpedro.com.ar\/sitio\/elecciones-2019-sanzio-se-convirtio-hoy-en-el-intendente-mas-joven-de-la-historia-politica-de-baradero\/img_0791-640x480\/\" data-orig-file=\"https:\/\/eldiariodesanpedro.com.ar\/sitio\/wp-content\/uploads\/2019\/10\/IMG_0791-640x480.jpg\" data-orig-size=\"640,427\" data-comments-opened=\"1\" data-image-meta=\"{&quot;aperture&quot;:&quot;3.5&quot;,&quot;credit&quot;:&quot;&quot;,&quot;camera&quot;:&quot;Canon EOS 70D&quot;,&quot;caption&quot;:&quot;&quot;,&quot;created_timestamp&quot;:&quot;1572212444&quot;,&quot;copyright&quot;:&quot;&quot;,&quot;focal_length&quot;:&quot;19&quot;,&quot;iso&quot;:&quot;1600&quot;,&quot;shutter_speed&quot;:&quot;0.016666666666667&quot;,&quot;title&quot;:&quot;&quot;,&quot;orientation&quot;:&quot;1&quot;}\" data-image-title=\"IMG_0791-640&amp;#215;480\" data-image-description=\"\" data-image-caption=\"\" data-large-file=\"https:\/\/eldiariodesanpedro.com.ar\/sitio\/wp-content\/uploads\/2019\/10\/IMG_0791-640x480.jpg\" data-src=\"https:\/\/eldiariodesanpedro.com.ar\/sitio\/wp-content\/uploads\/2019\/10\/IMG_0791-640x480.jpg\" alt=\"\" class=\"wp-image-62846 lazyload\" data-srcset=\"https:\/\/eldiariodesanpedro.com.ar\/sitio\/wp-content\/uploads\/2019\/10\/IMG_0791-640x480.jpg 640w, https:\/\/eldiariodesanpedro.com.ar\/sitio\/wp-content\/uploads\/2019\/10\/IMG_0791-640x480-300x200.jpg 300w\" data-sizes=\"(max-width: 640px) 100vw, 640px\" src=\"data:image\/svg+xml;base64,PHN2ZyB3aWR0aD0iMSIgaGVpZ2h0PSIxIiB4bWxucz0iaHR0cDovL3d3dy53My5vcmcvMjAwMC9zdmciPjwvc3ZnPg==\" style=\"--smush-placeholder-width: 640px; --smush-placeholder-aspect-ratio: 640\/427;\" \/><\/figure>\n\n\n\n<p>Est\u00e1n para venir y ponerse al servicio de la gente. Que todos se queden tranquilos que todo lo que hablamos antes de la elecci\u00f3n no eran solamente palabras, volvemos a repetirles lo que dijimos en cada una de las charlas; cuando alguno que tenga responsabilidad en el municipio, se equivoque o se desv\u00ede del camino, vengan y golpeen a patadas las puertas del municipio. Vengan y pateen los tobillos como les dijimos siempre.<\/p>\n\n\n\n<p>No solamente sea responsabilidad del grupo que tenga que conducir, sino que ser\u00e1 responsabilidad de cada uno de ustedes.El municipio tiene que ser de puertas abiertas y el vecino sentir ese sentido de pertenencia, que en los \u00faltimos tiempos se perdi\u00f3. Y porque mir\u00e1bamos para otro lado, si ten\u00edamos un amigo un vecino , un pariente , un familiar que quedaba sin trabajo, fuera del sistema nos empez\u00f3 a ganar la angustia .Y eso es lo que tenemos que recuperar. Recuperar la alegr\u00eda y el sentido de pertenencia. Cada uno de ustedes tiene que ser part\u00edcipe de la gesti\u00f3n que se viene, tomar sus decisiones, acompa\u00f1ar a los dirigentes.Porque cuando los dirigentes se equivocan es muchas veces porque la gente est\u00e1 quieta. No nos dejen equivocar, mu\u00e9vannos la rama.<\/p>\n\n\n\n<p>Participen, porque al participar, nosotros cuando nos equivoquemos mejoraremos sobre la marcha. Entonces seremos una gesti\u00f3n, no ,de cuatro a\u00f1os. Sino que conduciremos un proyecto en el campo nacional y popular que le traer\u00e1 , realmente la felicidad al pueblo . \u00ab<\/p>\n\n\n\n<p>Fuente: Baradero Te Informa<\/p>\n","protected":false},"excerpt":{"rendered":"<p>El candidato del Frente de Todos realiz\u00f3 su primer discurso como intendente electo de la ciudad vecina Baradero, en la sede de SMATA. Sanzio, quien el 10 de diciembre asumir\u00e1 como el intendente m\u00e1s joven de la historia pol\u00edtica de Baradero, dijo: \u00abQuiero agradecer a todo el pueblo de Baradero que se volc\u00f3 a votar [&hellip;]<\/p>\n","protected":false},"author":4,"featured_media":62847,"comment_status":"open","ping_status":"closed","sticky":false,"template":"","format":"standard","meta":{"om_disable_all_campaigns":false,"_jetpack_memberships_contains_paid_content":false,"footnotes":""},"categories":[621],"tags":[],"class_list":["post-62843","post","type-post","status-publish","format-standard","has-post-thumbnail","hentry","category-regionales"],"aioseo_notices":[],"gutentor_comment":0,"jetpack_featured_media_url":"https:\/\/eldiariodesanpedro.com.ar\/sitio\/wp-content\/uploads\/2019\/10\/IMG_0810-640x480-1.jpg","jetpack_shortlink":"https:\/\/wp.me\/p6RhLt-glB","jetpack_sharing_enabled":true,"_links":{"self":[{"href":"https:\/\/eldiariodesanpedro.com.ar\/sitio\/wp-json\/wp\/v2\/posts\/62843","targetHints":{"allow":["GET"]}}],"collection":[{"href":"https:\/\/eldiariodesanpedro.com.ar\/sitio\/wp-json\/wp\/v2\/posts"}],"about":[{"href":"https:\/\/eldiariodesanpedro.com.ar\/sitio\/wp-json\/wp\/v2\/types\/post"}],"author":[{"embeddable":true,"href":"https:\/\/eldiariodesanpedro.com.ar\/sitio\/wp-json\/wp\/v2\/users\/4"}],"replies":[{"embeddable":true,"href":"https:\/\/eldiariodesanpedro.com.ar\/sitio\/wp-json\/wp\/v2\/comments?post=62843"}],"version-history":[{"count":1,"href":"https:\/\/eldiariodesanpedro.com.ar\/sitio\/wp-json\/wp\/v2\/posts\/62843\/revisions"}],"predecessor-version":[{"id":62848,"href":"https:\/\/eldiariodesanpedro.com.ar\/sitio\/wp-json\/wp\/v2\/posts\/62843\/revisions\/62848"}],"wp:featuredmedia":[{"embeddable":true,"href":"https:\/\/eldiariodesanpedro.com.ar\/sitio\/wp-json\/wp\/v2\/media\/62847"}],"wp:attachment":[{"href":"https:\/\/eldiariodesanpedro.com.ar\/sitio\/wp-json\/wp\/v2\/media?parent=62843"}],"wp:term":[{"taxonomy":"category","embeddable":true,"href":"https:\/\/eldiariodesanpedro.com.ar\/sitio\/wp-json\/wp\/v2\/categories?post=62843"},{"taxonomy":"post_tag","embeddable":true,"href":"https:\/\/eldiariodesanpedro.com.ar\/sitio\/wp-json\/wp\/v2\/tags?post=62843"}],"curies":[{"name":"wp","href":"https:\/\/api.w.org\/{rel}","templated":true}]}}