{"id":62840,"date":"2019-10-28T09:44:51","date_gmt":"2019-10-28T12:44:51","guid":{"rendered":"https:\/\/eldiariodesanpedro.com.ar\/sitio\/?p=62840"},"modified":"2019-10-28T09:44:55","modified_gmt":"2019-10-28T12:44:55","slug":"baradero-elecciones-2019-antonijevic-reconocio-el-triunfo-de-sanzio","status":"publish","type":"post","link":"https:\/\/eldiariodesanpedro.com.ar\/sitio\/baradero-elecciones-2019-antonijevic-reconocio-el-triunfo-de-sanzio\/","title":{"rendered":"BARADERO: Elecciones 2019: Antonijevic reconoci\u00f3 el triunfo de Sanzio"},"content":{"rendered":"<!-- VideographyWP Plugin Message: Automatic video embedding prevented by plugin options. -->\n\n<p>Desde su local partidario de Anchorena y Oro, la actual jefe comunal Fernanda Antonijevic, reconoci\u00f3 la derrota a manos del candidato del Frente de Todos.<\/p>\n\n\n\n<p><strong><em>\u00abQueremos agradecer a la gente que nos apoy\u00f3, no solo en esta elecci\u00f3n sino durante los cuatro a\u00f1os de gobierno y tambi\u00e9n felicitar a el candidato Esteban Sanzio quien ya a esta altura es quien regir\u00e1 los destinos de nuestra comuna\u00bb.<\/em><\/strong><\/p>\n\n\n\n<p>Fuente: Baradero Te Informa<\/p>\n","protected":false},"excerpt":{"rendered":"<p>Desde su local partidario de Anchorena y Oro, la actual jefe comunal Fernanda Antonijevic, reconoci\u00f3 la derrota a manos del candidato del Frente de Todos. \u00abQueremos agradecer a la gente que nos apoy\u00f3, no solo en esta elecci\u00f3n sino durante los cuatro a\u00f1os de gobierno y tambi\u00e9n felicitar a el candidato Esteban Sanzio quien ya [&hellip;]<\/p>\n","protected":false},"author":4,"featured_media":62841,"comment_status":"open","ping_status":"closed","sticky":false,"template":"","format":"standard","meta":{"om_disable_all_campaigns":false,"_jetpack_memberships_contains_paid_content":false,"footnotes":""},"categories":[621],"tags":[],"class_list":["post-62840","post","type-post","status-publish","format-standard","has-post-thumbnail","hentry","category-regionales"],"aioseo_notices":[],"gutentor_comment":0,"jetpack_featured_media_url":"https:\/\/eldiariodesanpedro.com.ar\/sitio\/wp-content\/uploads\/2019\/10\/Fernanda-Antonijevic.jpg","jetpack_shortlink":"https:\/\/wp.me\/p6RhLt-gly","jetpack_sharing_enabled":true,"_links":{"self":[{"href":"https:\/\/eldiariodesanpedro.com.ar\/sitio\/wp-json\/wp\/v2\/posts\/62840","targetHints":{"allow":["GET"]}}],"collection":[{"href":"https:\/\/eldiariodesanpedro.com.ar\/sitio\/wp-json\/wp\/v2\/posts"}],"about":[{"href":"https:\/\/eldiariodesanpedro.com.ar\/sitio\/wp-json\/wp\/v2\/types\/post"}],"author":[{"embeddable":true,"href":"https:\/\/eldiariodesanpedro.com.ar\/sitio\/wp-json\/wp\/v2\/users\/4"}],"replies":[{"embeddable":true,"href":"https:\/\/eldiariodesanpedro.com.ar\/sitio\/wp-json\/wp\/v2\/comments?post=62840"}],"version-history":[{"count":1,"href":"https:\/\/eldiariodesanpedro.com.ar\/sitio\/wp-json\/wp\/v2\/posts\/62840\/revisions"}],"predecessor-version":[{"id":62842,"href":"https:\/\/eldiariodesanpedro.com.ar\/sitio\/wp-json\/wp\/v2\/posts\/62840\/revisions\/62842"}],"wp:featuredmedia":[{"embeddable":true,"href":"https:\/\/eldiariodesanpedro.com.ar\/sitio\/wp-json\/wp\/v2\/media\/62841"}],"wp:attachment":[{"href":"https:\/\/eldiariodesanpedro.com.ar\/sitio\/wp-json\/wp\/v2\/media?parent=62840"}],"wp:term":[{"taxonomy":"category","embeddable":true,"href":"https:\/\/eldiariodesanpedro.com.ar\/sitio\/wp-json\/wp\/v2\/categories?post=62840"},{"taxonomy":"post_tag","embeddable":true,"href":"https:\/\/eldiariodesanpedro.com.ar\/sitio\/wp-json\/wp\/v2\/tags?post=62840"}],"curies":[{"name":"wp","href":"https:\/\/api.w.org\/{rel}","templated":true}]}}