{"id":62837,"date":"2019-10-28T09:41:49","date_gmt":"2019-10-28T12:41:49","guid":{"rendered":"https:\/\/eldiariodesanpedro.com.ar\/sitio\/?p=62837"},"modified":"2019-10-28T09:54:31","modified_gmt":"2019-10-28T12:54:31","slug":"cambios-para-el-hcd-a-partir-del-10-de-diciembre","status":"publish","type":"post","link":"https:\/\/eldiariodesanpedro.com.ar\/sitio\/cambios-para-el-hcd-a-partir-del-10-de-diciembre\/","title":{"rendered":"Cambios para el HCD a partir del 10 de diciembre"},"content":{"rendered":"<!-- VideographyWP Plugin Message: Automatic video embedding prevented by plugin options. -->\n\n<p> El intendente de nuestra ciudad reelecto de Juntos por el Cambio, Cecilio Salazar, es uno de los casos donde el oficialismo se preserva en lo local pero pierde en los dos primeros estamentos. De esta manera, el jefe comunal no ver\u00e1 tan comprometido su Deliberante, aunque se sumar\u00edan a la banca cuatro nuevos ediles del Frente de Todos.<\/p>\n\n\n\n<p> La contundente elecci\u00f3n del intendente Salazar  llev\u00f3 a su hijo, Ram\u00f3n Salazar, como cabeza de lista local, le acredit\u00f3 el primer lugar en el HCD, junto a 4 integrantes;  M\u00f3nica Otero, Alejandro Donatti, Patricia Rocca y Gerardo Pelletier, en tanto la oposici\u00f3n suma cuatro nuevos ediles,  Mar\u00eda Florencia S\u00e1nchez (que renueva), Juan Cruz Gonz\u00e1lez, Tamara Vlaeminck y Fernando Gast\u00f3n Casco, donde contin\u00faan Soledad Llull y Mart\u00edn Baraybar.\u00a0 <\/p>\n\n\n\n<p>Lo cierto es que todav\u00eda falta el recuento oficial del 2% de las mesas pero ya los n\u00fameros marcan una paridad mayor a los 20 puntos de diferencia entre Salazar y Noat. <\/p>\n\n\n\n<p>El reparto de las bancas sera a partir de diciembre y se vera si San Pedro tendr\u00e1 mas cambios.<\/p>\n\n\n\n<p>En el Consejo Escolar, el reparto fue de dos consejeros para el oficialista Juntos por el Cambio (renuevan Fernando Cajide y Vanina Zubieta) y una para el Frente de Todos (vuelve Cecilia Macchia).  <br><\/p>\n\n\n\n<p><\/p>\n","protected":false},"excerpt":{"rendered":"<p>El intendente de nuestra ciudad reelecto de Juntos por el Cambio, Cecilio Salazar, es uno de los casos donde el oficialismo se preserva en lo local pero pierde en los dos primeros estamentos. De esta manera, el jefe comunal no ver\u00e1 tan comprometido su Deliberante, aunque se sumar\u00edan a la banca cuatro nuevos ediles del [&hellip;]<\/p>\n","protected":false},"author":4,"featured_media":62838,"comment_status":"open","ping_status":"closed","sticky":false,"template":"","format":"standard","meta":{"om_disable_all_campaigns":false,"_jetpack_memberships_contains_paid_content":false,"footnotes":""},"categories":[2,102],"tags":[],"class_list":["post-62837","post","type-post","status-publish","format-standard","has-post-thumbnail","hentry","category-locales","category-politica-locales"],"aioseo_notices":[],"gutentor_comment":0,"jetpack_featured_media_url":"https:\/\/eldiariodesanpedro.com.ar\/sitio\/wp-content\/uploads\/2019\/10\/file.jpg","jetpack_shortlink":"https:\/\/wp.me\/p6RhLt-glv","jetpack_sharing_enabled":true,"_links":{"self":[{"href":"https:\/\/eldiariodesanpedro.com.ar\/sitio\/wp-json\/wp\/v2\/posts\/62837","targetHints":{"allow":["GET"]}}],"collection":[{"href":"https:\/\/eldiariodesanpedro.com.ar\/sitio\/wp-json\/wp\/v2\/posts"}],"about":[{"href":"https:\/\/eldiariodesanpedro.com.ar\/sitio\/wp-json\/wp\/v2\/types\/post"}],"author":[{"embeddable":true,"href":"https:\/\/eldiariodesanpedro.com.ar\/sitio\/wp-json\/wp\/v2\/users\/4"}],"replies":[{"embeddable":true,"href":"https:\/\/eldiariodesanpedro.com.ar\/sitio\/wp-json\/wp\/v2\/comments?post=62837"}],"version-history":[{"count":2,"href":"https:\/\/eldiariodesanpedro.com.ar\/sitio\/wp-json\/wp\/v2\/posts\/62837\/revisions"}],"predecessor-version":[{"id":62850,"href":"https:\/\/eldiariodesanpedro.com.ar\/sitio\/wp-json\/wp\/v2\/posts\/62837\/revisions\/62850"}],"wp:featuredmedia":[{"embeddable":true,"href":"https:\/\/eldiariodesanpedro.com.ar\/sitio\/wp-json\/wp\/v2\/media\/62838"}],"wp:attachment":[{"href":"https:\/\/eldiariodesanpedro.com.ar\/sitio\/wp-json\/wp\/v2\/media?parent=62837"}],"wp:term":[{"taxonomy":"category","embeddable":true,"href":"https:\/\/eldiariodesanpedro.com.ar\/sitio\/wp-json\/wp\/v2\/categories?post=62837"},{"taxonomy":"post_tag","embeddable":true,"href":"https:\/\/eldiariodesanpedro.com.ar\/sitio\/wp-json\/wp\/v2\/tags?post=62837"}],"curies":[{"name":"wp","href":"https:\/\/api.w.org\/{rel}","templated":true}]}}