{"id":62821,"date":"2019-10-27T23:00:29","date_gmt":"2019-10-28T02:00:29","guid":{"rendered":"https:\/\/eldiariodesanpedro.com.ar\/sitio\/?p=62821"},"modified":"2019-10-27T23:02:32","modified_gmt":"2019-10-28T02:02:32","slug":"el-intendente-mas-votado-de-la-historia","status":"publish","type":"post","link":"https:\/\/eldiariodesanpedro.com.ar\/sitio\/el-intendente-mas-votado-de-la-historia\/","title":{"rendered":"El intendente m\u00e1s votado de la historia de San Pedro"},"content":{"rendered":"<!-- VideographyWP Plugin Message: Automatic video embedding prevented by plugin options. -->\n\n<p>El actual intendente de la ciudad de San Pedro fue reelecto en su cargo por los pr\u00f3ximos cuatro a\u00f1os con m\u00e1s del 56 % de los votos siendo el candidato m\u00e1s votado de la historia de la ciudad de esta manera reafirma lo ocurrio en las elecciones legislativas el pasado 2015.<\/p>\n\n\n\n<p> Como estaba estipulado a las 08:00 horas comenzaron los comicios en cada uno de los establecimientos educativos afectados por las elecciones en nuestra ciudad.<\/p>\n\n\n\n<p> La jornada de votaci\u00f3n comenz\u00f3 sin sobresaltos en San Pedro. Desde temprano personal del Correo Argentino y fuerzas de seguridad ultimaban detalles para poder abrir las puertas de las escuelas. <\/p>\n\n\n\n<p> Con el correr de las horas tras el cierre de los comicios se empez\u00f3 a notar la tendencia con las primeras mesas escrutadas dando una clara ventaja del actual intendendente sobre su principal competidora Ester Noat perteneciente al Frente de Todos.<\/p>\n\n\n\n<p> La candidata Noat junto a su esposo Julio P\u00e1ngaro pasadas las 19 hs realizo una conferencia de prensa en su local partidario donde entre l\u00e1grimas asumi\u00f3 su derrota y  declar\u00f3 <strong><em>\u201cla pena m\u00e1s grande no lo siento por mi sino por los j\u00f3venes que me han acompa\u00f1ado, quiz\u00e1s no pude llegar a con nuestra propuesta a la gente. De cualquier manera estamos felices por los compa\u00f1eros que asumen en el HCD el pr\u00f3ximo 10 de diciembre\u201d<\/em><\/strong> para finalizar agreg\u00f3 <strong><em>\u201cvamos a seguir luchando por lo que menos tienen, pero siempre con la verdad delante\u201d.<\/em><\/strong><\/p>\n\n\n\n<p> Por su parte alrededor de las 20 hs de este domingo se hizo presente en el local del Partido Fe el actual jefe comunal Don Cecilio Salazar quien con su peque\u00f1o hijo sobre sus hombros camino entre los militantes quien con c\u00e1nticos de victoria lograron quebrar en llanto al nuevamente elegido para liderar los destinos de nuestra ciudad. <\/p>\n\n\n\n<p> Minutos m\u00e1s tarde se subi\u00f3 sobre el escenario el ganador junto a su hijo Ram\u00f3n Salazar tambi\u00e9n electo como concejal para los pr\u00f3ximos 4 a\u00f1os y todo su equipo de trabajo.<\/p>\n\n\n\n<p> En un muy emotivo comienzo de discurso Salazar dijo <strong><em>\u201cEn primer lugar quiero agradecer a Dios y a mi viejo que siempre est\u00e1 del lado m\u00edo, y segundo que verlos felices a ustedes a mi tambien me pone muy feliz, porque uno trabaja para que ustedes los ciudadanos est\u00e9n bien, y a veces duele no poder hacerlo\u201d.<\/em><\/strong><\/p>\n\n\n\n<p><strong><em> \u201cDebemos aceptar y respetar el voto de la gente, porque en definitiva es la gente la que elige, en este caso es a nosotros a quienes volvieron a elegir, pero tenemos que entender que en la provincia y en la naci\u00f3n, el pueblo lamentablemente eligi\u00f3 otra cosa\u201d. <\/em><\/strong><\/p>\n\n\n\n<p> <strong><em>\u201cNo puedo dejar de tener un dolor muy grande por Maria Eugenia, seria muy desagradecido de mi parte y ustedes tambien por las cosas que ella a hecho por San Pedro despues de como estaba el pueblo cuando llegamos\u201d.<\/em><\/strong><\/p>\n\n\n\n<p><strong><em> \u201cTambi\u00e9n agradezco al presidente Macri, que gracias a \u00e9l se realizaron las obras que se realizaron en la ciudad como en todo el pa\u00eds, pero lamentablemente tom\u00f3 malas decisiones econ\u00f3micas por eso es que la gente eligi\u00f3 otro camino\u201d.<\/em><\/strong><\/p>\n\n\n\n<p><em><strong> \u201cAgradezco a Mario Barbieri y a Sergio Rosa que en 2015 conformamos el frente que gobern\u00f3 estos 4 a\u00f1os, que sin su apoyo no lo hubi\u00e9ramos logrado. Tambi\u00e9n quiero agradecer a los sindicatos que nos apoyaron y que a trav\u00e9s de un llamado me comunicaron, y me dijeron estamos con vos no nos podemos mostrar pero estamos con vos por que sos un trabajador\u201d. <\/strong><\/em><\/p>\n\n\n\n<p> \u201cMe trataron de traidor, pero yo nunca jamas traicione a mi pueblo aun estando en los lugares m\u00e1s importantes nunca traicione a mi pueblo, cuando no estaba ac\u00e1 nunca me olvide de un sampedrino y nunca me voy a olvidar de un sampedrino, lo m\u00e1s importante es el pueblo de San Pedro, me han dicho todo lo que se les ha ocurrido, de cualquier manera yo los convoco a dialogar para hacer un San Pedro mejor\u201d.<\/p>\n\n\n\n<p> Con esta elecci\u00f3n yo creo que hay algunos dirigentes que ya deber\u00edan estar en sus casas, espero que con esta derrota ya se queden en sus casas, lo espero sinceramente y al pueblo peronista le agradezco por que fueron un mont\u00f3n de peronistas que me votaron por que la tienen bien clara que yo soy peronista, por eso les digo a los que vienen hace 30 a\u00f1os siendo siempre los mismo les digo, espero que se vayan a disfrutar la jubilaci\u00f3n a sus casas que es lo mejor que pueden hacer que yo voy a seguir trabajando para el pueblo de San Pedro\u201d. <\/p>\n\n\n\n<p> \u201cYo se y creo que por algo Dios me puso ac\u00e1, y yo soy un creyente profundo de que \u00e9l me est\u00e1 acompa\u00f1ando, como tambien se que mi vieja me est\u00e1 acompa\u00f1ando que cuando m\u00e1s la necesito ella est\u00e1\u201d.<\/p>\n\n\n\n<ul class=\"wp-block-gallery columns-3 is-cropped wp-block-gallery-1 is-layout-flex wp-block-gallery-is-layout-flex\"><li class=\"blocks-gallery-item\"><figure><img decoding=\"async\" width=\"1024\" height=\"485\" data-attachment-id=\"62830\" data-permalink=\"https:\/\/eldiariodesanpedro.com.ar\/sitio\/20191027_211422\/\" data-orig-file=\"https:\/\/eldiariodesanpedro.com.ar\/sitio\/wp-content\/uploads\/2019\/10\/20191027_211422.jpg\" data-orig-size=\"4032,1908\" data-comments-opened=\"1\" data-image-meta=\"{&quot;aperture&quot;:&quot;1.5&quot;,&quot;credit&quot;:&quot;&quot;,&quot;camera&quot;:&quot;SM-G975F&quot;,&quot;caption&quot;:&quot;&quot;,&quot;created_timestamp&quot;:&quot;1572210862&quot;,&quot;copyright&quot;:&quot;&quot;,&quot;focal_length&quot;:&quot;4.32&quot;,&quot;iso&quot;:&quot;400&quot;,&quot;shutter_speed&quot;:&quot;0.02&quot;,&quot;title&quot;:&quot;&quot;,&quot;orientation&quot;:&quot;1&quot;}\" data-image-title=\"20191027_211422\" data-image-description=\"\" data-image-caption=\"\" data-large-file=\"https:\/\/eldiariodesanpedro.com.ar\/sitio\/wp-content\/uploads\/2019\/10\/20191027_211422-1024x485.jpg\" data-src=\"https:\/\/eldiariodesanpedro.com.ar\/sitio\/wp-content\/uploads\/2019\/10\/20191027_211422-1024x485.jpg\" alt=\"\" data-id=\"62830\" data-link=\"https:\/\/eldiariodesanpedro.com.ar\/sitio\/20191027_211422\/\" class=\"wp-image-62830 lazyload\" data-srcset=\"https:\/\/eldiariodesanpedro.com.ar\/sitio\/wp-content\/uploads\/2019\/10\/20191027_211422-1024x485.jpg 1024w, https:\/\/eldiariodesanpedro.com.ar\/sitio\/wp-content\/uploads\/2019\/10\/20191027_211422-300x142.jpg 300w, https:\/\/eldiariodesanpedro.com.ar\/sitio\/wp-content\/uploads\/2019\/10\/20191027_211422-768x363.jpg 768w\" data-sizes=\"(max-width: 1024px) 100vw, 1024px\" src=\"data:image\/svg+xml;base64,PHN2ZyB3aWR0aD0iMSIgaGVpZ2h0PSIxIiB4bWxucz0iaHR0cDovL3d3dy53My5vcmcvMjAwMC9zdmciPjwvc3ZnPg==\" style=\"--smush-placeholder-width: 1024px; --smush-placeholder-aspect-ratio: 1024\/485;\" \/><\/figure><\/li><li class=\"blocks-gallery-item\"><figure><img decoding=\"async\" width=\"1024\" height=\"485\" data-attachment-id=\"62829\" data-permalink=\"https:\/\/eldiariodesanpedro.com.ar\/sitio\/20191027_204743\/\" data-orig-file=\"https:\/\/eldiariodesanpedro.com.ar\/sitio\/wp-content\/uploads\/2019\/10\/20191027_204743.jpg\" data-orig-size=\"4032,1908\" data-comments-opened=\"1\" data-image-meta=\"{&quot;aperture&quot;:&quot;2.4&quot;,&quot;credit&quot;:&quot;&quot;,&quot;camera&quot;:&quot;SM-G975F&quot;,&quot;caption&quot;:&quot;&quot;,&quot;created_timestamp&quot;:&quot;1572209262&quot;,&quot;copyright&quot;:&quot;&quot;,&quot;focal_length&quot;:&quot;6&quot;,&quot;iso&quot;:&quot;320&quot;,&quot;shutter_speed&quot;:&quot;0.058823529411765&quot;,&quot;title&quot;:&quot;&quot;,&quot;orientation&quot;:&quot;1&quot;}\" data-image-title=\"20191027_204743\" data-image-description=\"\" data-image-caption=\"\" data-large-file=\"https:\/\/eldiariodesanpedro.com.ar\/sitio\/wp-content\/uploads\/2019\/10\/20191027_204743-1024x485.jpg\" data-src=\"https:\/\/eldiariodesanpedro.com.ar\/sitio\/wp-content\/uploads\/2019\/10\/20191027_204743-1024x485.jpg\" alt=\"\" data-id=\"62829\" data-link=\"https:\/\/eldiariodesanpedro.com.ar\/sitio\/20191027_204743\/\" class=\"wp-image-62829 lazyload\" data-srcset=\"https:\/\/eldiariodesanpedro.com.ar\/sitio\/wp-content\/uploads\/2019\/10\/20191027_204743-1024x485.jpg 1024w, https:\/\/eldiariodesanpedro.com.ar\/sitio\/wp-content\/uploads\/2019\/10\/20191027_204743-300x142.jpg 300w, https:\/\/eldiariodesanpedro.com.ar\/sitio\/wp-content\/uploads\/2019\/10\/20191027_204743-768x363.jpg 768w\" data-sizes=\"(max-width: 1024px) 100vw, 1024px\" src=\"data:image\/svg+xml;base64,PHN2ZyB3aWR0aD0iMSIgaGVpZ2h0PSIxIiB4bWxucz0iaHR0cDovL3d3dy53My5vcmcvMjAwMC9zdmciPjwvc3ZnPg==\" style=\"--smush-placeholder-width: 1024px; --smush-placeholder-aspect-ratio: 1024\/485;\" \/><\/figure><\/li><li class=\"blocks-gallery-item\"><figure><img decoding=\"async\" width=\"1024\" height=\"485\" data-attachment-id=\"62828\" data-permalink=\"https:\/\/eldiariodesanpedro.com.ar\/sitio\/20191027_211320\/\" data-orig-file=\"https:\/\/eldiariodesanpedro.com.ar\/sitio\/wp-content\/uploads\/2019\/10\/20191027_211320.jpg\" data-orig-size=\"4032,1908\" data-comments-opened=\"1\" data-image-meta=\"{&quot;aperture&quot;:&quot;1.5&quot;,&quot;credit&quot;:&quot;&quot;,&quot;camera&quot;:&quot;SM-G975F&quot;,&quot;caption&quot;:&quot;&quot;,&quot;created_timestamp&quot;:&quot;1572210801&quot;,&quot;copyright&quot;:&quot;&quot;,&quot;focal_length&quot;:&quot;4.32&quot;,&quot;iso&quot;:&quot;500&quot;,&quot;shutter_speed&quot;:&quot;0.01&quot;,&quot;title&quot;:&quot;&quot;,&quot;orientation&quot;:&quot;1&quot;}\" data-image-title=\"20191027_211320\" data-image-description=\"\" data-image-caption=\"\" data-large-file=\"https:\/\/eldiariodesanpedro.com.ar\/sitio\/wp-content\/uploads\/2019\/10\/20191027_211320-1024x485.jpg\" data-src=\"https:\/\/eldiariodesanpedro.com.ar\/sitio\/wp-content\/uploads\/2019\/10\/20191027_211320-1024x485.jpg\" alt=\"\" data-id=\"62828\" data-link=\"https:\/\/eldiariodesanpedro.com.ar\/sitio\/20191027_211320\/\" class=\"wp-image-62828 lazyload\" data-srcset=\"https:\/\/eldiariodesanpedro.com.ar\/sitio\/wp-content\/uploads\/2019\/10\/20191027_211320-1024x485.jpg 1024w, https:\/\/eldiariodesanpedro.com.ar\/sitio\/wp-content\/uploads\/2019\/10\/20191027_211320-300x142.jpg 300w, https:\/\/eldiariodesanpedro.com.ar\/sitio\/wp-content\/uploads\/2019\/10\/20191027_211320-768x363.jpg 768w\" data-sizes=\"(max-width: 1024px) 100vw, 1024px\" src=\"data:image\/svg+xml;base64,PHN2ZyB3aWR0aD0iMSIgaGVpZ2h0PSIxIiB4bWxucz0iaHR0cDovL3d3dy53My5vcmcvMjAwMC9zdmciPjwvc3ZnPg==\" style=\"--smush-placeholder-width: 1024px; --smush-placeholder-aspect-ratio: 1024\/485;\" \/><\/figure><\/li><li class=\"blocks-gallery-item\"><figure><img decoding=\"async\" width=\"1024\" height=\"485\" data-attachment-id=\"62827\" data-permalink=\"https:\/\/eldiariodesanpedro.com.ar\/sitio\/20191027_204833\/\" data-orig-file=\"https:\/\/eldiariodesanpedro.com.ar\/sitio\/wp-content\/uploads\/2019\/10\/20191027_204833.jpg\" data-orig-size=\"4032,1908\" data-comments-opened=\"1\" data-image-meta=\"{&quot;aperture&quot;:&quot;1.5&quot;,&quot;credit&quot;:&quot;&quot;,&quot;camera&quot;:&quot;SM-G975F&quot;,&quot;caption&quot;:&quot;&quot;,&quot;created_timestamp&quot;:&quot;1572209313&quot;,&quot;copyright&quot;:&quot;&quot;,&quot;focal_length&quot;:&quot;4.32&quot;,&quot;iso&quot;:&quot;500&quot;,&quot;shutter_speed&quot;:&quot;0.02&quot;,&quot;title&quot;:&quot;&quot;,&quot;orientation&quot;:&quot;1&quot;}\" data-image-title=\"20191027_204833\" data-image-description=\"\" data-image-caption=\"\" data-large-file=\"https:\/\/eldiariodesanpedro.com.ar\/sitio\/wp-content\/uploads\/2019\/10\/20191027_204833-1024x485.jpg\" data-src=\"https:\/\/eldiariodesanpedro.com.ar\/sitio\/wp-content\/uploads\/2019\/10\/20191027_204833-1024x485.jpg\" alt=\"\" data-id=\"62827\" data-link=\"https:\/\/eldiariodesanpedro.com.ar\/sitio\/20191027_204833\/\" class=\"wp-image-62827 lazyload\" data-srcset=\"https:\/\/eldiariodesanpedro.com.ar\/sitio\/wp-content\/uploads\/2019\/10\/20191027_204833-1024x485.jpg 1024w, https:\/\/eldiariodesanpedro.com.ar\/sitio\/wp-content\/uploads\/2019\/10\/20191027_204833-300x142.jpg 300w, https:\/\/eldiariodesanpedro.com.ar\/sitio\/wp-content\/uploads\/2019\/10\/20191027_204833-768x363.jpg 768w\" data-sizes=\"(max-width: 1024px) 100vw, 1024px\" src=\"data:image\/svg+xml;base64,PHN2ZyB3aWR0aD0iMSIgaGVpZ2h0PSIxIiB4bWxucz0iaHR0cDovL3d3dy53My5vcmcvMjAwMC9zdmciPjwvc3ZnPg==\" style=\"--smush-placeholder-width: 1024px; --smush-placeholder-aspect-ratio: 1024\/485;\" \/><\/figure><\/li><li class=\"blocks-gallery-item\"><figure><img decoding=\"async\" width=\"1024\" height=\"485\" data-attachment-id=\"62826\" data-permalink=\"https:\/\/eldiariodesanpedro.com.ar\/sitio\/20191027_204835\/\" data-orig-file=\"https:\/\/eldiariodesanpedro.com.ar\/sitio\/wp-content\/uploads\/2019\/10\/20191027_204835.jpg\" data-orig-size=\"4032,1908\" data-comments-opened=\"1\" data-image-meta=\"{&quot;aperture&quot;:&quot;1.5&quot;,&quot;credit&quot;:&quot;&quot;,&quot;camera&quot;:&quot;SM-G975F&quot;,&quot;caption&quot;:&quot;&quot;,&quot;created_timestamp&quot;:&quot;1572209315&quot;,&quot;copyright&quot;:&quot;&quot;,&quot;focal_length&quot;:&quot;4.32&quot;,&quot;iso&quot;:&quot;500&quot;,&quot;shutter_speed&quot;:&quot;0.03030303030303&quot;,&quot;title&quot;:&quot;&quot;,&quot;orientation&quot;:&quot;1&quot;}\" data-image-title=\"20191027_204835\" data-image-description=\"\" data-image-caption=\"\" data-large-file=\"https:\/\/eldiariodesanpedro.com.ar\/sitio\/wp-content\/uploads\/2019\/10\/20191027_204835-1024x485.jpg\" data-src=\"https:\/\/eldiariodesanpedro.com.ar\/sitio\/wp-content\/uploads\/2019\/10\/20191027_204835-1024x485.jpg\" alt=\"\" data-id=\"62826\" data-link=\"https:\/\/eldiariodesanpedro.com.ar\/sitio\/20191027_204835\/\" class=\"wp-image-62826 lazyload\" data-srcset=\"https:\/\/eldiariodesanpedro.com.ar\/sitio\/wp-content\/uploads\/2019\/10\/20191027_204835-1024x485.jpg 1024w, https:\/\/eldiariodesanpedro.com.ar\/sitio\/wp-content\/uploads\/2019\/10\/20191027_204835-300x142.jpg 300w, https:\/\/eldiariodesanpedro.com.ar\/sitio\/wp-content\/uploads\/2019\/10\/20191027_204835-768x363.jpg 768w\" data-sizes=\"(max-width: 1024px) 100vw, 1024px\" src=\"data:image\/svg+xml;base64,PHN2ZyB3aWR0aD0iMSIgaGVpZ2h0PSIxIiB4bWxucz0iaHR0cDovL3d3dy53My5vcmcvMjAwMC9zdmciPjwvc3ZnPg==\" style=\"--smush-placeholder-width: 1024px; --smush-placeholder-aspect-ratio: 1024\/485;\" \/><\/figure><\/li><li class=\"blocks-gallery-item\"><figure><img decoding=\"async\" width=\"1024\" height=\"485\" data-attachment-id=\"62823\" data-permalink=\"https:\/\/eldiariodesanpedro.com.ar\/sitio\/20191027_211416\/\" data-orig-file=\"https:\/\/eldiariodesanpedro.com.ar\/sitio\/wp-content\/uploads\/2019\/10\/20191027_211416.jpg\" data-orig-size=\"4032,1908\" data-comments-opened=\"1\" data-image-meta=\"{&quot;aperture&quot;:&quot;1.5&quot;,&quot;credit&quot;:&quot;&quot;,&quot;camera&quot;:&quot;SM-G975F&quot;,&quot;caption&quot;:&quot;&quot;,&quot;created_timestamp&quot;:&quot;1572210856&quot;,&quot;copyright&quot;:&quot;&quot;,&quot;focal_length&quot;:&quot;4.32&quot;,&quot;iso&quot;:&quot;400&quot;,&quot;shutter_speed&quot;:&quot;0.02&quot;,&quot;title&quot;:&quot;&quot;,&quot;orientation&quot;:&quot;1&quot;}\" data-image-title=\"20191027_211416\" data-image-description=\"\" data-image-caption=\"\" data-large-file=\"https:\/\/eldiariodesanpedro.com.ar\/sitio\/wp-content\/uploads\/2019\/10\/20191027_211416-1024x485.jpg\" data-src=\"https:\/\/eldiariodesanpedro.com.ar\/sitio\/wp-content\/uploads\/2019\/10\/20191027_211416-1024x485.jpg\" alt=\"\" data-id=\"62823\" data-link=\"https:\/\/eldiariodesanpedro.com.ar\/sitio\/20191027_211416\/\" class=\"wp-image-62823 lazyload\" data-srcset=\"https:\/\/eldiariodesanpedro.com.ar\/sitio\/wp-content\/uploads\/2019\/10\/20191027_211416-1024x485.jpg 1024w, https:\/\/eldiariodesanpedro.com.ar\/sitio\/wp-content\/uploads\/2019\/10\/20191027_211416-300x142.jpg 300w, https:\/\/eldiariodesanpedro.com.ar\/sitio\/wp-content\/uploads\/2019\/10\/20191027_211416-768x363.jpg 768w\" data-sizes=\"(max-width: 1024px) 100vw, 1024px\" src=\"data:image\/svg+xml;base64,PHN2ZyB3aWR0aD0iMSIgaGVpZ2h0PSIxIiB4bWxucz0iaHR0cDovL3d3dy53My5vcmcvMjAwMC9zdmciPjwvc3ZnPg==\" style=\"--smush-placeholder-width: 1024px; --smush-placeholder-aspect-ratio: 1024\/485;\" \/><\/figure><\/li><\/ul>\n","protected":false},"excerpt":{"rendered":"<p>El actual intendente de la ciudad de San Pedro fue reelecto en su cargo por los pr\u00f3ximos cuatro a\u00f1os con m\u00e1s del 56 % de los votos siendo el candidato m\u00e1s votado de la historia de la ciudad de esta manera reafirma lo ocurrio en las elecciones legislativas el pasado 2015. Como estaba estipulado a [&hellip;]<\/p>\n","protected":false},"author":4,"featured_media":62825,"comment_status":"open","ping_status":"closed","sticky":false,"template":"","format":"standard","meta":{"om_disable_all_campaigns":false,"_jetpack_memberships_contains_paid_content":false,"footnotes":""},"categories":[50,2,102],"tags":[],"class_list":["post-62821","post","type-post","status-publish","format-standard","has-post-thumbnail","hentry","category-destacadas","category-locales","category-politica-locales"],"aioseo_notices":[],"gutentor_comment":0,"jetpack_featured_media_url":"https:\/\/eldiariodesanpedro.com.ar\/sitio\/wp-content\/uploads\/2019\/10\/20191027_211346.jpg","jetpack_shortlink":"https:\/\/wp.me\/p6RhLt-glf","jetpack_sharing_enabled":true,"_links":{"self":[{"href":"https:\/\/eldiariodesanpedro.com.ar\/sitio\/wp-json\/wp\/v2\/posts\/62821","targetHints":{"allow":["GET"]}}],"collection":[{"href":"https:\/\/eldiariodesanpedro.com.ar\/sitio\/wp-json\/wp\/v2\/posts"}],"about":[{"href":"https:\/\/eldiariodesanpedro.com.ar\/sitio\/wp-json\/wp\/v2\/types\/post"}],"author":[{"embeddable":true,"href":"https:\/\/eldiariodesanpedro.com.ar\/sitio\/wp-json\/wp\/v2\/users\/4"}],"replies":[{"embeddable":true,"href":"https:\/\/eldiariodesanpedro.com.ar\/sitio\/wp-json\/wp\/v2\/comments?post=62821"}],"version-history":[{"count":2,"href":"https:\/\/eldiariodesanpedro.com.ar\/sitio\/wp-json\/wp\/v2\/posts\/62821\/revisions"}],"predecessor-version":[{"id":62833,"href":"https:\/\/eldiariodesanpedro.com.ar\/sitio\/wp-json\/wp\/v2\/posts\/62821\/revisions\/62833"}],"wp:featuredmedia":[{"embeddable":true,"href":"https:\/\/eldiariodesanpedro.com.ar\/sitio\/wp-json\/wp\/v2\/media\/62825"}],"wp:attachment":[{"href":"https:\/\/eldiariodesanpedro.com.ar\/sitio\/wp-json\/wp\/v2\/media?parent=62821"}],"wp:term":[{"taxonomy":"category","embeddable":true,"href":"https:\/\/eldiariodesanpedro.com.ar\/sitio\/wp-json\/wp\/v2\/categories?post=62821"},{"taxonomy":"post_tag","embeddable":true,"href":"https:\/\/eldiariodesanpedro.com.ar\/sitio\/wp-json\/wp\/v2\/tags?post=62821"}],"curies":[{"name":"wp","href":"https:\/\/api.w.org\/{rel}","templated":true}]}}