{"id":62817,"date":"2019-10-27T14:48:04","date_gmt":"2019-10-27T17:48:04","guid":{"rendered":"https:\/\/eldiariodesanpedro.com.ar\/sitio\/?p=62817"},"modified":"2019-10-27T14:48:10","modified_gmt":"2019-10-27T17:48:10","slug":"elecciones-generales-2019-todos-los-comicios-comenzaron-su-desarrollo-en-tiempo-y-forma","status":"publish","type":"post","link":"https:\/\/eldiariodesanpedro.com.ar\/sitio\/elecciones-generales-2019-todos-los-comicios-comenzaron-su-desarrollo-en-tiempo-y-forma\/","title":{"rendered":"Elecciones Generales 2019: Todos los comicios comenzaron su desarrollo en tiempo y forma"},"content":{"rendered":"<!-- VideographyWP Plugin Message: Automatic video embedding prevented by plugin options. -->\n\n<p>Como estaba estipulado a las 08:00 horas comenzaron los comicios en cada uno de los establecimientos educativos afectados por las elecciones en nuestra ciudad.<\/p>\n\n\n\n<p>La jornada de votaci\u00f3n comenz\u00f3 sin sobresaltos en San Pedro. Desde temprano personal del Correo Argentino y fuerzas de seguridad ultimaban detalles para poder abrir las puertas de las escuelas. Tambi\u00e9n hab\u00eda expectativa entre los fiscales de cada partido por comenzar el acto eleccionario.<\/p>\n\n\n\n<p>Los mismos estar\u00e1n hasta las 18 horas, momento cuando cerrar\u00e1n las escuelas para comenzar con el conteo de los votos.<\/p>\n\n\n\n<p>Desde la justicia se dijo que los primeros n\u00fameros oficiales se conocer\u00e1n reci\u00e9n despu\u00e9s de las 21:00 horas de este domingo.<\/p>\n\n\n\n<p>Con respecto a las boletas en el cuarto oscuro se hizo referencia a  denuncias de irregularidades que se han hecho p\u00fablicas como manifestaron fuentes de Juntos por el Cambio que indicaron que en varios cuartos oscuros, se han encontrado boletas viejas que se utilizaron para votar en las PASO que no tienen validez.<\/p>\n\n\n\n<p>Se pudo observar tambi\u00e9n que hay gran cantidad de boletas ya cortadas del Frente de Todos, y ubicadas de una manera diferente, o de Juntos por El Cambio y los otros frentes. Se recorta o al intendente\/a o al presidente, seg\u00fan informaron autoridades de mesa.<\/p>\n\n\n\n<p>El primer candidato en emitir su sufragio fue Ademar Marabert, por el Frente de Izquierda. Voto en la escuela N\u00b07 a las 9 de la ma\u00f1ana. Luego a las 10 y 30 horas aproximadamente, voto el intendente Cecilio Salazar, quien busca su reelecci\u00f3n, acompa\u00f1ado por su hijo, Ram\u00f3n Salazar, en la escuela Nuestra Se\u00f1ora del Socorro.<\/p>\n\n\n\n<p>A las 11 horas voto Fernando Nouet, por Consenso Federal, en la escuela N\u00b07 y por \u00faltimo, a las 11y30 horas, Ester Noat por el Frente de Todos en la escuela N\u00b07 tambi\u00e9n.<\/p>\n\n\n\n<p>Se espera \u00abun alto nivel de participaci\u00f3n\u00bb que estar\u00e1 \u00abpor encima del 80%\u00bb. En agosto fue de 76,5%.<\/p>\n","protected":false},"excerpt":{"rendered":"<p>Como estaba estipulado a las 08:00 horas comenzaron los comicios en cada uno de los establecimientos educativos afectados por las elecciones en nuestra ciudad. La jornada de votaci\u00f3n comenz\u00f3 sin sobresaltos en San Pedro. Desde temprano personal del Correo Argentino y fuerzas de seguridad ultimaban detalles para poder abrir las puertas de las escuelas. Tambi\u00e9n [&hellip;]<\/p>\n","protected":false},"author":4,"featured_media":62819,"comment_status":"open","ping_status":"closed","sticky":false,"template":"","format":"standard","meta":{"om_disable_all_campaigns":false,"_jetpack_memberships_contains_paid_content":false,"footnotes":""},"categories":[50,2,102],"tags":[],"class_list":["post-62817","post","type-post","status-publish","format-standard","has-post-thumbnail","hentry","category-destacadas","category-locales","category-politica-locales"],"aioseo_notices":[],"gutentor_comment":0,"jetpack_featured_media_url":"https:\/\/eldiariodesanpedro.com.ar\/sitio\/wp-content\/uploads\/2019\/10\/IMG-20191027-WA0059.jpg","jetpack_shortlink":"https:\/\/wp.me\/p6RhLt-glb","jetpack_sharing_enabled":true,"_links":{"self":[{"href":"https:\/\/eldiariodesanpedro.com.ar\/sitio\/wp-json\/wp\/v2\/posts\/62817","targetHints":{"allow":["GET"]}}],"collection":[{"href":"https:\/\/eldiariodesanpedro.com.ar\/sitio\/wp-json\/wp\/v2\/posts"}],"about":[{"href":"https:\/\/eldiariodesanpedro.com.ar\/sitio\/wp-json\/wp\/v2\/types\/post"}],"author":[{"embeddable":true,"href":"https:\/\/eldiariodesanpedro.com.ar\/sitio\/wp-json\/wp\/v2\/users\/4"}],"replies":[{"embeddable":true,"href":"https:\/\/eldiariodesanpedro.com.ar\/sitio\/wp-json\/wp\/v2\/comments?post=62817"}],"version-history":[{"count":1,"href":"https:\/\/eldiariodesanpedro.com.ar\/sitio\/wp-json\/wp\/v2\/posts\/62817\/revisions"}],"predecessor-version":[{"id":62820,"href":"https:\/\/eldiariodesanpedro.com.ar\/sitio\/wp-json\/wp\/v2\/posts\/62817\/revisions\/62820"}],"wp:featuredmedia":[{"embeddable":true,"href":"https:\/\/eldiariodesanpedro.com.ar\/sitio\/wp-json\/wp\/v2\/media\/62819"}],"wp:attachment":[{"href":"https:\/\/eldiariodesanpedro.com.ar\/sitio\/wp-json\/wp\/v2\/media?parent=62817"}],"wp:term":[{"taxonomy":"category","embeddable":true,"href":"https:\/\/eldiariodesanpedro.com.ar\/sitio\/wp-json\/wp\/v2\/categories?post=62817"},{"taxonomy":"post_tag","embeddable":true,"href":"https:\/\/eldiariodesanpedro.com.ar\/sitio\/wp-json\/wp\/v2\/tags?post=62817"}],"curies":[{"name":"wp","href":"https:\/\/api.w.org\/{rel}","templated":true}]}}