{"id":62815,"date":"2019-10-26T23:18:27","date_gmt":"2019-10-27T02:18:27","guid":{"rendered":"https:\/\/eldiariodesanpedro.com.ar\/sitio\/?p=62815"},"modified":"2019-10-26T23:18:31","modified_gmt":"2019-10-27T02:18:31","slug":"recuperaron-una-moto-que-fue-sustraida-este-sabado-a-la-madrugada","status":"publish","type":"post","link":"https:\/\/eldiariodesanpedro.com.ar\/sitio\/recuperaron-una-moto-que-fue-sustraida-este-sabado-a-la-madrugada\/","title":{"rendered":"Recuperaron una moto que fue sustra\u00edda este s\u00e1bado a la madrugada"},"content":{"rendered":"<!-- VideographyWP Plugin Message: Automatic video embedding prevented by plugin options. -->\n\n<p>El rodado se encontraba abandonado en intersecci\u00f3n de las calles Las Heras y Mateo Sbert. Fue secuestrado y alojado en la comisar\u00eda a la espera de la fiscal\u00eda en turno.<\/p>\n\n\n\n<p>Por la noche de este s\u00e1bado, personal del gabinete criminologico procedi\u00f3 al secuestro de una motocicleta 110 cc que se encontraba en estado de abandono en la v\u00eda p\u00fablica.<\/p>\n\n\n\n<p>Fue recuperada tras tareas investigativas en el marco del hecho de robo, d\u00f3nde fue sustra\u00edda por delincuentes esta madrugada.<\/p>\n\n\n\n<p>El rodado se encontraba estacionado en la vereda de calle Pellegrini a la altura del local bailable CLub Zero.<\/p>\n","protected":false},"excerpt":{"rendered":"<p>El rodado se encontraba abandonado en intersecci\u00f3n de las calles Las Heras y Mateo Sbert. Fue secuestrado y alojado en la comisar\u00eda a la espera de la fiscal\u00eda en turno. Por la noche de este s\u00e1bado, personal del gabinete criminologico procedi\u00f3 al secuestro de una motocicleta 110 cc que se encontraba en estado de abandono [&hellip;]<\/p>\n","protected":false},"author":4,"featured_media":62814,"comment_status":"open","ping_status":"closed","sticky":false,"template":"","format":"standard","meta":{"om_disable_all_campaigns":false,"_jetpack_memberships_contains_paid_content":false,"footnotes":""},"categories":[2,103],"tags":[],"class_list":["post-62815","post","type-post","status-publish","format-standard","has-post-thumbnail","hentry","category-locales","category-policiales-locales"],"aioseo_notices":[],"gutentor_comment":0,"jetpack_featured_media_url":"https:\/\/eldiariodesanpedro.com.ar\/sitio\/wp-content\/uploads\/2019\/10\/IMG-20191026-WA0121.jpg","jetpack_shortlink":"https:\/\/wp.me\/p6RhLt-gl9","jetpack_sharing_enabled":true,"_links":{"self":[{"href":"https:\/\/eldiariodesanpedro.com.ar\/sitio\/wp-json\/wp\/v2\/posts\/62815","targetHints":{"allow":["GET"]}}],"collection":[{"href":"https:\/\/eldiariodesanpedro.com.ar\/sitio\/wp-json\/wp\/v2\/posts"}],"about":[{"href":"https:\/\/eldiariodesanpedro.com.ar\/sitio\/wp-json\/wp\/v2\/types\/post"}],"author":[{"embeddable":true,"href":"https:\/\/eldiariodesanpedro.com.ar\/sitio\/wp-json\/wp\/v2\/users\/4"}],"replies":[{"embeddable":true,"href":"https:\/\/eldiariodesanpedro.com.ar\/sitio\/wp-json\/wp\/v2\/comments?post=62815"}],"version-history":[{"count":1,"href":"https:\/\/eldiariodesanpedro.com.ar\/sitio\/wp-json\/wp\/v2\/posts\/62815\/revisions"}],"predecessor-version":[{"id":62816,"href":"https:\/\/eldiariodesanpedro.com.ar\/sitio\/wp-json\/wp\/v2\/posts\/62815\/revisions\/62816"}],"wp:featuredmedia":[{"embeddable":true,"href":"https:\/\/eldiariodesanpedro.com.ar\/sitio\/wp-json\/wp\/v2\/media\/62814"}],"wp:attachment":[{"href":"https:\/\/eldiariodesanpedro.com.ar\/sitio\/wp-json\/wp\/v2\/media?parent=62815"}],"wp:term":[{"taxonomy":"category","embeddable":true,"href":"https:\/\/eldiariodesanpedro.com.ar\/sitio\/wp-json\/wp\/v2\/categories?post=62815"},{"taxonomy":"post_tag","embeddable":true,"href":"https:\/\/eldiariodesanpedro.com.ar\/sitio\/wp-json\/wp\/v2\/tags?post=62815"}],"curies":[{"name":"wp","href":"https:\/\/api.w.org\/{rel}","templated":true}]}}