{"id":62809,"date":"2019-10-26T15:11:25","date_gmt":"2019-10-26T18:11:25","guid":{"rendered":"https:\/\/eldiariodesanpedro.com.ar\/sitio\/?p=62809"},"modified":"2019-10-26T15:11:30","modified_gmt":"2019-10-26T18:11:30","slug":"homicidio-el-atacante-esta-identificado-y-fue-secuestrado-su-automovil","status":"publish","type":"post","link":"https:\/\/eldiariodesanpedro.com.ar\/sitio\/homicidio-el-atacante-esta-identificado-y-fue-secuestrado-su-automovil\/","title":{"rendered":"Homicidio: El atacante est\u00e1 identificado y fue secuestrado su automovil"},"content":{"rendered":"<!-- VideographyWP Plugin Message: Automatic video embedding prevented by plugin options. -->\n\n<p>Personal del gabinete criminologico y personal de DDI logr\u00f3 identificar al autor del homicidio de Elias Ch\u00e1vez (40),  quien luego de una discusi\u00f3n de tr\u00e1nsito le propina una pu\u00f1alada mortal en su pecho esta madrugada.<\/p>\n\n\n\n<p>El joven acusado de homicido fue identificado tras investigaciones y amplio operativo cerrojo del personal policial y DDI, obteniendo como resultado el secuestro del auto con el que circulaba esta madrugada.<\/p>\n\n\n\n<p>El veh\u00edculo fue encontrado guardado en el Garage de su domicilio de calle Ayacucho casi 11 de Septiembre. En el lugar se diligenci\u00f3 un allanamiento encontr\u00e1ndose el progenitor del acusado.<\/p>\n\n\n\n<ul class=\"wp-block-gallery columns-3 is-cropped wp-block-gallery-1 is-layout-flex wp-block-gallery-is-layout-flex\"><li class=\"blocks-gallery-item\"><figure><img decoding=\"async\" width=\"4160\" height=\"2340\" data-attachment-id=\"62810\" data-permalink=\"https:\/\/eldiariodesanpedro.com.ar\/sitio\/homicidio-el-atacante-esta-identificado-y-fue-secuestrado-su-automovil\/img_20191026_141150375_hdr\/\" data-orig-file=\"https:\/\/eldiariodesanpedro.com.ar\/sitio\/wp-content\/uploads\/2019\/10\/IMG_20191026_141150375_HDR.jpg\" data-orig-size=\"4160,2340\" data-comments-opened=\"1\" data-image-meta=\"{&quot;aperture&quot;:&quot;2.2&quot;,&quot;credit&quot;:&quot;&quot;,&quot;camera&quot;:&quot;motorola one&quot;,&quot;caption&quot;:&quot;&quot;,&quot;created_timestamp&quot;:&quot;1572099112&quot;,&quot;copyright&quot;:&quot;&quot;,&quot;focal_length&quot;:&quot;3.463&quot;,&quot;iso&quot;:&quot;100&quot;,&quot;shutter_speed&quot;:&quot;0.0010548523206751&quot;,&quot;title&quot;:&quot;&quot;,&quot;orientation&quot;:&quot;1&quot;}\" data-image-title=\"IMG_20191026_141150375_HDR\" data-image-description=\"\" data-image-caption=\"\" data-large-file=\"https:\/\/eldiariodesanpedro.com.ar\/sitio\/wp-content\/uploads\/2019\/10\/IMG_20191026_141150375_HDR-1024x576.jpg\" data-src=\"https:\/\/i1.wp.com\/eldiariodesanpedro.com.ar\/sitio\/wp-content\/uploads\/2019\/10\/IMG_20191026_141150375_HDR.jpg?fit=660%2C371\" alt=\"\" data-id=\"62810\" data-link=\"https:\/\/eldiariodesanpedro.com.ar\/sitio\/?attachment_id=62810\" class=\"wp-image-62810 lazyload\" data-srcset=\"https:\/\/eldiariodesanpedro.com.ar\/sitio\/wp-content\/uploads\/2019\/10\/IMG_20191026_141150375_HDR.jpg 4160w, https:\/\/eldiariodesanpedro.com.ar\/sitio\/wp-content\/uploads\/2019\/10\/IMG_20191026_141150375_HDR-300x169.jpg 300w, https:\/\/eldiariodesanpedro.com.ar\/sitio\/wp-content\/uploads\/2019\/10\/IMG_20191026_141150375_HDR-768x432.jpg 768w, https:\/\/eldiariodesanpedro.com.ar\/sitio\/wp-content\/uploads\/2019\/10\/IMG_20191026_141150375_HDR-1024x576.jpg 1024w\" data-sizes=\"(max-width: 4160px) 100vw, 4160px\" src=\"data:image\/svg+xml;base64,PHN2ZyB3aWR0aD0iMSIgaGVpZ2h0PSIxIiB4bWxucz0iaHR0cDovL3d3dy53My5vcmcvMjAwMC9zdmciPjwvc3ZnPg==\" style=\"--smush-placeholder-width: 4160px; --smush-placeholder-aspect-ratio: 4160\/2340;\" \/><\/figure><\/li><li class=\"blocks-gallery-item\"><figure><img decoding=\"async\" width=\"4160\" height=\"2340\" data-attachment-id=\"62811\" data-permalink=\"https:\/\/eldiariodesanpedro.com.ar\/sitio\/homicidio-el-atacante-esta-identificado-y-fue-secuestrado-su-automovil\/img_20191026_140755849\/\" data-orig-file=\"https:\/\/eldiariodesanpedro.com.ar\/sitio\/wp-content\/uploads\/2019\/10\/IMG_20191026_140755849.jpg\" data-orig-size=\"4160,2340\" data-comments-opened=\"1\" data-image-meta=\"{&quot;aperture&quot;:&quot;2.2&quot;,&quot;credit&quot;:&quot;&quot;,&quot;camera&quot;:&quot;motorola one&quot;,&quot;caption&quot;:&quot;&quot;,&quot;created_timestamp&quot;:&quot;1572098879&quot;,&quot;copyright&quot;:&quot;&quot;,&quot;focal_length&quot;:&quot;3.463&quot;,&quot;iso&quot;:&quot;100&quot;,&quot;shutter_speed&quot;:&quot;0.001233045622688&quot;,&quot;title&quot;:&quot;&quot;,&quot;orientation&quot;:&quot;1&quot;}\" data-image-title=\"IMG_20191026_140755849\" data-image-description=\"\" data-image-caption=\"\" data-large-file=\"https:\/\/eldiariodesanpedro.com.ar\/sitio\/wp-content\/uploads\/2019\/10\/IMG_20191026_140755849-1024x576.jpg\" data-src=\"https:\/\/i2.wp.com\/eldiariodesanpedro.com.ar\/sitio\/wp-content\/uploads\/2019\/10\/IMG_20191026_140755849.jpg?fit=660%2C371\" alt=\"\" data-id=\"62811\" data-link=\"https:\/\/eldiariodesanpedro.com.ar\/sitio\/?attachment_id=62811\" class=\"wp-image-62811 lazyload\" data-srcset=\"https:\/\/eldiariodesanpedro.com.ar\/sitio\/wp-content\/uploads\/2019\/10\/IMG_20191026_140755849.jpg 4160w, https:\/\/eldiariodesanpedro.com.ar\/sitio\/wp-content\/uploads\/2019\/10\/IMG_20191026_140755849-300x169.jpg 300w, https:\/\/eldiariodesanpedro.com.ar\/sitio\/wp-content\/uploads\/2019\/10\/IMG_20191026_140755849-768x432.jpg 768w, https:\/\/eldiariodesanpedro.com.ar\/sitio\/wp-content\/uploads\/2019\/10\/IMG_20191026_140755849-1024x576.jpg 1024w\" data-sizes=\"(max-width: 4160px) 100vw, 4160px\" src=\"data:image\/svg+xml;base64,PHN2ZyB3aWR0aD0iMSIgaGVpZ2h0PSIxIiB4bWxucz0iaHR0cDovL3d3dy53My5vcmcvMjAwMC9zdmciPjwvc3ZnPg==\" style=\"--smush-placeholder-width: 4160px; --smush-placeholder-aspect-ratio: 4160\/2340;\" \/><\/figure><\/li><li class=\"blocks-gallery-item\"><figure><img decoding=\"async\" width=\"4160\" height=\"2340\" data-attachment-id=\"62812\" data-permalink=\"https:\/\/eldiariodesanpedro.com.ar\/sitio\/homicidio-el-atacante-esta-identificado-y-fue-secuestrado-su-automovil\/img_20191026_140556439_hdr\/\" data-orig-file=\"https:\/\/eldiariodesanpedro.com.ar\/sitio\/wp-content\/uploads\/2019\/10\/IMG_20191026_140556439_HDR.jpg\" data-orig-size=\"4160,2340\" data-comments-opened=\"1\" data-image-meta=\"{&quot;aperture&quot;:&quot;2.2&quot;,&quot;credit&quot;:&quot;&quot;,&quot;camera&quot;:&quot;motorola one&quot;,&quot;caption&quot;:&quot;&quot;,&quot;created_timestamp&quot;:&quot;1572098758&quot;,&quot;copyright&quot;:&quot;&quot;,&quot;focal_length&quot;:&quot;3.463&quot;,&quot;iso&quot;:&quot;100&quot;,&quot;shutter_speed&quot;:&quot;0.0005952380952381&quot;,&quot;title&quot;:&quot;&quot;,&quot;orientation&quot;:&quot;1&quot;}\" data-image-title=\"IMG_20191026_140556439_HDR\" data-image-description=\"\" data-image-caption=\"\" data-large-file=\"https:\/\/eldiariodesanpedro.com.ar\/sitio\/wp-content\/uploads\/2019\/10\/IMG_20191026_140556439_HDR-1024x576.jpg\" data-src=\"https:\/\/i2.wp.com\/eldiariodesanpedro.com.ar\/sitio\/wp-content\/uploads\/2019\/10\/IMG_20191026_140556439_HDR.jpg?fit=660%2C371\" alt=\"\" data-id=\"62812\" data-link=\"https:\/\/eldiariodesanpedro.com.ar\/sitio\/?attachment_id=62812\" class=\"wp-image-62812 lazyload\" data-srcset=\"https:\/\/eldiariodesanpedro.com.ar\/sitio\/wp-content\/uploads\/2019\/10\/IMG_20191026_140556439_HDR.jpg 4160w, https:\/\/eldiariodesanpedro.com.ar\/sitio\/wp-content\/uploads\/2019\/10\/IMG_20191026_140556439_HDR-300x169.jpg 300w, https:\/\/eldiariodesanpedro.com.ar\/sitio\/wp-content\/uploads\/2019\/10\/IMG_20191026_140556439_HDR-768x432.jpg 768w, https:\/\/eldiariodesanpedro.com.ar\/sitio\/wp-content\/uploads\/2019\/10\/IMG_20191026_140556439_HDR-1024x576.jpg 1024w\" data-sizes=\"(max-width: 4160px) 100vw, 4160px\" src=\"data:image\/svg+xml;base64,PHN2ZyB3aWR0aD0iMSIgaGVpZ2h0PSIxIiB4bWxucz0iaHR0cDovL3d3dy53My5vcmcvMjAwMC9zdmciPjwvc3ZnPg==\" style=\"--smush-placeholder-width: 4160px; --smush-placeholder-aspect-ratio: 4160\/2340;\" \/><\/figure><\/li><\/ul>\n\n\n\n<p>El Peugeot 208 color negro, qued\u00f3 secuestrado a la espera de la intervenci\u00f3n de la justicia .<\/p>\n\n\n\n<figure class=\"wp-block-image\"><img decoding=\"async\" width=\"960\" height=\"960\" data-attachment-id=\"62808\" data-permalink=\"https:\/\/eldiariodesanpedro.com.ar\/sitio\/picsart_10-26-02-47-44\/\" data-orig-file=\"https:\/\/eldiariodesanpedro.com.ar\/sitio\/wp-content\/uploads\/2019\/10\/PicsArt_10-26-02.47.44.jpg\" data-orig-size=\"960,960\" data-comments-opened=\"1\" data-image-meta=\"{&quot;aperture&quot;:&quot;0&quot;,&quot;credit&quot;:&quot;207085862001102&quot;,&quot;camera&quot;:&quot;&quot;,&quot;caption&quot;:&quot;&quot;,&quot;created_timestamp&quot;:&quot;0&quot;,&quot;copyright&quot;:&quot;&quot;,&quot;focal_length&quot;:&quot;0&quot;,&quot;iso&quot;:&quot;0&quot;,&quot;shutter_speed&quot;:&quot;0&quot;,&quot;title&quot;:&quot;&quot;,&quot;orientation&quot;:&quot;1&quot;}\" data-image-title=\"PicsArt_10-26-02.47.44\" data-image-description=\"\" data-image-caption=\"\" data-large-file=\"https:\/\/eldiariodesanpedro.com.ar\/sitio\/wp-content\/uploads\/2019\/10\/PicsArt_10-26-02.47.44.jpg\" data-src=\"https:\/\/eldiariodesanpedro.com.ar\/sitio\/wp-content\/uploads\/2019\/10\/PicsArt_10-26-02.47.44.jpg\" alt=\"\" class=\"wp-image-62808 lazyload\" data-srcset=\"https:\/\/eldiariodesanpedro.com.ar\/sitio\/wp-content\/uploads\/2019\/10\/PicsArt_10-26-02.47.44.jpg 960w, https:\/\/eldiariodesanpedro.com.ar\/sitio\/wp-content\/uploads\/2019\/10\/PicsArt_10-26-02.47.44-150x150.jpg 150w, https:\/\/eldiariodesanpedro.com.ar\/sitio\/wp-content\/uploads\/2019\/10\/PicsArt_10-26-02.47.44-300x300.jpg 300w, https:\/\/eldiariodesanpedro.com.ar\/sitio\/wp-content\/uploads\/2019\/10\/PicsArt_10-26-02.47.44-768x768.jpg 768w\" data-sizes=\"(max-width: 960px) 100vw, 960px\" src=\"data:image\/svg+xml;base64,PHN2ZyB3aWR0aD0iMSIgaGVpZ2h0PSIxIiB4bWxucz0iaHR0cDovL3d3dy53My5vcmcvMjAwMC9zdmciPjwvc3ZnPg==\" style=\"--smush-placeholder-width: 960px; --smush-placeholder-aspect-ratio: 960\/960;\" \/><\/figure>\n\n\n\n<p>Recordemos que Seg\u00fan registraron c\u00e1maras de seguridad, un autom\u00f3vil se le cruza a otro provocando que detenga su marcha, el atacante baja exaltado y propina una pu\u00f1alada mortal d\u00e1ndose a la fuga r\u00e1pidamente.<\/p>\n\n\n\n<p>El violento hecho sucedi\u00f3 esta madrugada, alrededor de las 4 horas, por calle Mitre casi intersecci\u00f3n con Las Heras, cuando un autom\u00f3vil Peugeot de color oscuro se cruza adelante de otro Renault Megane gris, provocando que detenga su marcha.<\/p>\n\n\n\n<p>El conductor del Renault desciende exaltado y se dirige hacia el Peugeot pateando las puertas para que salga el masculino que se le hab\u00eda cruzado,&nbsp;&nbsp;al descender lo hiere con un arma blanca en su pecho.<\/p>\n\n\n\n<p>El herido camino unos metros y cay\u00f3 tendido sobre el asfalto.<\/p>\n\n\n\n<ul class=\"wp-block-gallery columns-2 is-cropped wp-block-gallery-2 is-layout-flex wp-block-gallery-is-layout-flex\"><li class=\"blocks-gallery-item\"><figure><img decoding=\"async\" width=\"1024\" height=\"576\" data-attachment-id=\"62806\" data-permalink=\"https:\/\/eldiariodesanpedro.com.ar\/sitio\/picsart_10-26-02-48-49\/\" data-orig-file=\"https:\/\/eldiariodesanpedro.com.ar\/sitio\/wp-content\/uploads\/2019\/10\/PicsArt_10-26-02.48.49.jpg\" data-orig-size=\"3052,1717\" data-comments-opened=\"1\" data-image-meta=\"{&quot;aperture&quot;:&quot;2.2&quot;,&quot;credit&quot;:&quot;207085862001102&quot;,&quot;camera&quot;:&quot;motorola one&quot;,&quot;caption&quot;:&quot;&quot;,&quot;created_timestamp&quot;:&quot;0&quot;,&quot;copyright&quot;:&quot;&quot;,&quot;focal_length&quot;:&quot;3.463&quot;,&quot;iso&quot;:&quot;100&quot;,&quot;shutter_speed&quot;:&quot;0.003&quot;,&quot;title&quot;:&quot;&quot;,&quot;orientation&quot;:&quot;1&quot;}\" data-image-title=\"PicsArt_10-26-02.48.49\" data-image-description=\"\" data-image-caption=\"\" data-large-file=\"https:\/\/eldiariodesanpedro.com.ar\/sitio\/wp-content\/uploads\/2019\/10\/PicsArt_10-26-02.48.49-1024x576.jpg\" data-src=\"https:\/\/eldiariodesanpedro.com.ar\/sitio\/wp-content\/uploads\/2019\/10\/PicsArt_10-26-02.48.49-1024x576.jpg\" alt=\"\" data-id=\"62806\" data-link=\"https:\/\/eldiariodesanpedro.com.ar\/sitio\/picsart_10-26-02-48-49\/\" class=\"wp-image-62806 lazyload\" data-srcset=\"https:\/\/eldiariodesanpedro.com.ar\/sitio\/wp-content\/uploads\/2019\/10\/PicsArt_10-26-02.48.49-1024x576.jpg 1024w, https:\/\/eldiariodesanpedro.com.ar\/sitio\/wp-content\/uploads\/2019\/10\/PicsArt_10-26-02.48.49-300x169.jpg 300w, https:\/\/eldiariodesanpedro.com.ar\/sitio\/wp-content\/uploads\/2019\/10\/PicsArt_10-26-02.48.49-768x432.jpg 768w\" data-sizes=\"(max-width: 1024px) 100vw, 1024px\" src=\"data:image\/svg+xml;base64,PHN2ZyB3aWR0aD0iMSIgaGVpZ2h0PSIxIiB4bWxucz0iaHR0cDovL3d3dy53My5vcmcvMjAwMC9zdmciPjwvc3ZnPg==\" style=\"--smush-placeholder-width: 1024px; --smush-placeholder-aspect-ratio: 1024\/576;\" \/><\/figure><\/li><li class=\"blocks-gallery-item\"><figure><img decoding=\"async\" width=\"1024\" height=\"576\" data-attachment-id=\"62807\" data-permalink=\"https:\/\/eldiariodesanpedro.com.ar\/sitio\/picsart_10-26-02-49-26\/\" data-orig-file=\"https:\/\/eldiariodesanpedro.com.ar\/sitio\/wp-content\/uploads\/2019\/10\/PicsArt_10-26-02.49.26.jpg\" data-orig-size=\"3052,1717\" data-comments-opened=\"1\" data-image-meta=\"{&quot;aperture&quot;:&quot;2.2&quot;,&quot;credit&quot;:&quot;207085862001102&quot;,&quot;camera&quot;:&quot;motorola one&quot;,&quot;caption&quot;:&quot;&quot;,&quot;created_timestamp&quot;:&quot;0&quot;,&quot;copyright&quot;:&quot;&quot;,&quot;focal_length&quot;:&quot;3.463&quot;,&quot;iso&quot;:&quot;100&quot;,&quot;shutter_speed&quot;:&quot;0.0013&quot;,&quot;title&quot;:&quot;&quot;,&quot;orientation&quot;:&quot;1&quot;}\" data-image-title=\"PicsArt_10-26-02.49.26\" data-image-description=\"\" data-image-caption=\"\" data-large-file=\"https:\/\/eldiariodesanpedro.com.ar\/sitio\/wp-content\/uploads\/2019\/10\/PicsArt_10-26-02.49.26-1024x576.jpg\" data-src=\"https:\/\/eldiariodesanpedro.com.ar\/sitio\/wp-content\/uploads\/2019\/10\/PicsArt_10-26-02.49.26-1024x576.jpg\" alt=\"\" data-id=\"62807\" data-link=\"https:\/\/eldiariodesanpedro.com.ar\/sitio\/picsart_10-26-02-49-26\/\" class=\"wp-image-62807 lazyload\" data-srcset=\"https:\/\/eldiariodesanpedro.com.ar\/sitio\/wp-content\/uploads\/2019\/10\/PicsArt_10-26-02.49.26-1024x576.jpg 1024w, https:\/\/eldiariodesanpedro.com.ar\/sitio\/wp-content\/uploads\/2019\/10\/PicsArt_10-26-02.49.26-300x169.jpg 300w, https:\/\/eldiariodesanpedro.com.ar\/sitio\/wp-content\/uploads\/2019\/10\/PicsArt_10-26-02.49.26-768x432.jpg 768w\" data-sizes=\"(max-width: 1024px) 100vw, 1024px\" src=\"data:image\/svg+xml;base64,PHN2ZyB3aWR0aD0iMSIgaGVpZ2h0PSIxIiB4bWxucz0iaHR0cDovL3d3dy53My5vcmcvMjAwMC9zdmciPjwvc3ZnPg==\" style=\"--smush-placeholder-width: 1024px; --smush-placeholder-aspect-ratio: 1024\/576;\" \/><\/figure><\/li><\/ul>\n\n\n\n<p>Fue r\u00e1pidamente trasladado a la guardia del hospital por la ambulancia del SAME quien fallece posteriormente a ra\u00edz de la lesi\u00f3n.<\/p>\n\n\n\n<p>Fue identificado como Elias Chavez, de 40 a\u00f1os de edad.<\/p>\n\n\n\n<p>Ch\u00e1vez, era oriundo de la vecina localidad de Baradero pero desde hace dos a\u00f1os se desempe\u00f1aba como empleado de una empresa contratista en la f\u00e1brica Arcor en nuestra ciudad.\u00a0<\/p>\n\n\n\n<p>El homicida sigue siendo buscado.<\/p>\n","protected":false},"excerpt":{"rendered":"<p>Personal del gabinete criminologico y personal de DDI logr\u00f3 identificar al autor del homicidio de Elias Ch\u00e1vez (40), quien luego de una discusi\u00f3n de tr\u00e1nsito le propina una pu\u00f1alada mortal en su pecho esta madrugada. El joven acusado de homicido fue identificado tras investigaciones y amplio operativo cerrojo del personal policial y DDI, obteniendo como [&hellip;]<\/p>\n","protected":false},"author":4,"featured_media":62808,"comment_status":"open","ping_status":"closed","sticky":false,"template":"","format":"standard","meta":{"om_disable_all_campaigns":false,"_jetpack_memberships_contains_paid_content":false,"footnotes":""},"categories":[50,2,103],"tags":[],"class_list":["post-62809","post","type-post","status-publish","format-standard","has-post-thumbnail","hentry","category-destacadas","category-locales","category-policiales-locales"],"aioseo_notices":[],"gutentor_comment":0,"jetpack_featured_media_url":"https:\/\/eldiariodesanpedro.com.ar\/sitio\/wp-content\/uploads\/2019\/10\/PicsArt_10-26-02.47.44.jpg","jetpack_shortlink":"https:\/\/wp.me\/p6RhLt-gl3","jetpack_sharing_enabled":true,"_links":{"self":[{"href":"https:\/\/eldiariodesanpedro.com.ar\/sitio\/wp-json\/wp\/v2\/posts\/62809","targetHints":{"allow":["GET"]}}],"collection":[{"href":"https:\/\/eldiariodesanpedro.com.ar\/sitio\/wp-json\/wp\/v2\/posts"}],"about":[{"href":"https:\/\/eldiariodesanpedro.com.ar\/sitio\/wp-json\/wp\/v2\/types\/post"}],"author":[{"embeddable":true,"href":"https:\/\/eldiariodesanpedro.com.ar\/sitio\/wp-json\/wp\/v2\/users\/4"}],"replies":[{"embeddable":true,"href":"https:\/\/eldiariodesanpedro.com.ar\/sitio\/wp-json\/wp\/v2\/comments?post=62809"}],"version-history":[{"count":1,"href":"https:\/\/eldiariodesanpedro.com.ar\/sitio\/wp-json\/wp\/v2\/posts\/62809\/revisions"}],"predecessor-version":[{"id":62813,"href":"https:\/\/eldiariodesanpedro.com.ar\/sitio\/wp-json\/wp\/v2\/posts\/62809\/revisions\/62813"}],"wp:featuredmedia":[{"embeddable":true,"href":"https:\/\/eldiariodesanpedro.com.ar\/sitio\/wp-json\/wp\/v2\/media\/62808"}],"wp:attachment":[{"href":"https:\/\/eldiariodesanpedro.com.ar\/sitio\/wp-json\/wp\/v2\/media?parent=62809"}],"wp:term":[{"taxonomy":"category","embeddable":true,"href":"https:\/\/eldiariodesanpedro.com.ar\/sitio\/wp-json\/wp\/v2\/categories?post=62809"},{"taxonomy":"post_tag","embeddable":true,"href":"https:\/\/eldiariodesanpedro.com.ar\/sitio\/wp-json\/wp\/v2\/tags?post=62809"}],"curies":[{"name":"wp","href":"https:\/\/api.w.org\/{rel}","templated":true}]}}