{"id":62803,"date":"2019-10-26T12:09:42","date_gmt":"2019-10-26T15:09:42","guid":{"rendered":"https:\/\/eldiariodesanpedro.com.ar\/sitio\/?p=62803"},"modified":"2019-10-26T12:09:46","modified_gmt":"2019-10-26T15:09:46","slug":"reabre-la-fabrica-de-naranju-y-mielcitas-gracias-a-los-trabajadores","status":"publish","type":"post","link":"https:\/\/eldiariodesanpedro.com.ar\/sitio\/reabre-la-fabrica-de-naranju-y-mielcitas-gracias-a-los-trabajadores\/","title":{"rendered":"Reabre la f\u00e1brica de Naranj\u00fa y Mielcitas gracias a los trabajadores"},"content":{"rendered":"<!-- VideographyWP Plugin Message: Automatic video embedding prevented by plugin options. -->\n\n<p> M\u00e1s de 80 trabajadores de la empresa esperan poder volver a poner en marcha la fabricaci\u00f3n. La empresa hab\u00eda dejado de producir a principios de julio<\/p>\n\n\n\n<p> La empresa de golosinas Suchen, fabricante de productos cl\u00e1sicos de los a\u00f1os 80 como las tiras de\u00a0<strong>Mielcitas\u00a0<\/strong>y el jugo congelado\u00a0<strong>Naranj\u00fa<\/strong>, se prepara para volver a producir luego de permanecer\u00a0<strong>m\u00e1s de dos meses paralizada<\/strong>. Los propios empleados formaron una cooperativa y planean poner en marcha la planta, ubicada en\u00a0<strong>Rafael Castillo<\/strong>, partido de La Matanza, en las pr\u00f3ximas semanas. <\/p>\n\n\n\n<p> Hace dos meses corr\u00eda la noticia del cierre de la f\u00e1brica Suschen, fabricantes de las golosinas \u201cmielcitas\u201d, \u201cnaranj\u00fa\u201d y de las bolsitas de girasol. La empresa fue recuperada por 88 trabajadores (66 mujeres y 22 hombres) y volver\u00e1 a operar, seg\u00fan inform\u00f3 el diario de la zona oeste del conurbano Primer Plano.<\/p>\n\n\n\n<p>\u201cEstamos en plena etapa de tr\u00e1mites, con la entrega de los \u00faltimos papeles para la conformaci\u00f3n de la cooperativa\u201d, indic\u00f3 al diario Silvia Ayala, flamante presidenta, elegida por sus pares, de la estructura para seguir adelante.<\/p>\n\n\n\n<p>Los Naranj\u00fa y las bolsas de girasol comestible ya est\u00e1n nuevamente en etapa productiva, mientras esperan por la materia prima para volver a fabricar las mielcitas.<\/p>\n\n\n\n<p>\u201cDe los due\u00f1os lo \u00fanico que sabemos es que hay una abogada present\u00e1ndose en nombre de ellos. Pero eso va por otro carril, y nosotras estamos muy entusiasmadas con la posibilidad de continuar produciendo. Es algo que nos devuelve la esperanza\u201d, concluy\u00f3 Ayala.<\/p>\n\n\n\n<p>Fuente: Infobae y Primer Plano<\/p>\n\n\n\n<p><br><br><\/p>\n","protected":false},"excerpt":{"rendered":"<p>M\u00e1s de 80 trabajadores de la empresa esperan poder volver a poner en marcha la fabricaci\u00f3n. La empresa hab\u00eda dejado de producir a principios de julio La empresa de golosinas Suchen, fabricante de productos cl\u00e1sicos de los a\u00f1os 80 como las tiras de\u00a0Mielcitas\u00a0y el jugo congelado\u00a0Naranj\u00fa, se prepara para volver a producir luego de permanecer\u00a0m\u00e1s [&hellip;]<\/p>\n","protected":false},"author":4,"featured_media":62804,"comment_status":"open","ping_status":"closed","sticky":false,"template":"","format":"standard","meta":{"om_disable_all_campaigns":false,"_jetpack_memberships_contains_paid_content":false,"footnotes":""},"categories":[621],"tags":[],"class_list":["post-62803","post","type-post","status-publish","format-standard","has-post-thumbnail","hentry","category-regionales"],"aioseo_notices":[],"gutentor_comment":0,"jetpack_featured_media_url":"https:\/\/eldiariodesanpedro.com.ar\/sitio\/wp-content\/uploads\/2019\/10\/whatsapp-image-2019-09-26-at-08.56.15.jpeg","jetpack_shortlink":"https:\/\/wp.me\/p6RhLt-gkX","jetpack_sharing_enabled":true,"_links":{"self":[{"href":"https:\/\/eldiariodesanpedro.com.ar\/sitio\/wp-json\/wp\/v2\/posts\/62803","targetHints":{"allow":["GET"]}}],"collection":[{"href":"https:\/\/eldiariodesanpedro.com.ar\/sitio\/wp-json\/wp\/v2\/posts"}],"about":[{"href":"https:\/\/eldiariodesanpedro.com.ar\/sitio\/wp-json\/wp\/v2\/types\/post"}],"author":[{"embeddable":true,"href":"https:\/\/eldiariodesanpedro.com.ar\/sitio\/wp-json\/wp\/v2\/users\/4"}],"replies":[{"embeddable":true,"href":"https:\/\/eldiariodesanpedro.com.ar\/sitio\/wp-json\/wp\/v2\/comments?post=62803"}],"version-history":[{"count":1,"href":"https:\/\/eldiariodesanpedro.com.ar\/sitio\/wp-json\/wp\/v2\/posts\/62803\/revisions"}],"predecessor-version":[{"id":62805,"href":"https:\/\/eldiariodesanpedro.com.ar\/sitio\/wp-json\/wp\/v2\/posts\/62803\/revisions\/62805"}],"wp:featuredmedia":[{"embeddable":true,"href":"https:\/\/eldiariodesanpedro.com.ar\/sitio\/wp-json\/wp\/v2\/media\/62804"}],"wp:attachment":[{"href":"https:\/\/eldiariodesanpedro.com.ar\/sitio\/wp-json\/wp\/v2\/media?parent=62803"}],"wp:term":[{"taxonomy":"category","embeddable":true,"href":"https:\/\/eldiariodesanpedro.com.ar\/sitio\/wp-json\/wp\/v2\/categories?post=62803"},{"taxonomy":"post_tag","embeddable":true,"href":"https:\/\/eldiariodesanpedro.com.ar\/sitio\/wp-json\/wp\/v2\/tags?post=62803"}],"curies":[{"name":"wp","href":"https:\/\/api.w.org\/{rel}","templated":true}]}}