{"id":62800,"date":"2019-10-26T12:04:44","date_gmt":"2019-10-26T15:04:44","guid":{"rendered":"https:\/\/eldiariodesanpedro.com.ar\/sitio\/?p=62800"},"modified":"2019-10-26T12:04:49","modified_gmt":"2019-10-26T15:04:49","slug":"campana-violento-robo-en-iriart-y-rawson","status":"publish","type":"post","link":"https:\/\/eldiariodesanpedro.com.ar\/sitio\/campana-violento-robo-en-iriart-y-rawson\/","title":{"rendered":"CAMPANA: Violento robo en Iriart y Rawson"},"content":{"rendered":"<!-- VideographyWP Plugin Message: Automatic video embedding prevented by plugin options. -->\n\n<p> Poco despu\u00e9s del mediod\u00eda, dos delincuentes ingresaron a la vivienda de un vecino, al cual golpearon y le robaron la camioneta. La v\u00edctima fue hospitalizada por una ambulancia del Same.<\/p>\n\n\n\n<p>\n\n14.30 hs. Un post mediod\u00eda aparentemente tranquilo, en la zona de Iriart y Rawson, hasta que dos ladrones en moto irrumpieron en la vivienda de un vecino.<\/p>\n\n\n\n<p>All\u00ed, los sujetos (que llegaron a bordo de una moto tipo Cross blanca 150 cc., ambos con cascos colocados) golpearon con un arma en la cabeza al due\u00f1o de casa, robando una Chevrolet Spin y d\u00e1ndose a la fuga hacia ruta 6.<\/p>\n\n\n\n<p>La v\u00edctima, identificada como Fabi\u00e1n Pacheco, sufri\u00f3 varios cortes en la cabeza y fue trasladado al hospital por el m\u00f3vil 3 del Same, a cargo del Dr Rossi.<\/p>\n\n\n\n<p>Al lugar arribaron los m\u00f3viles del Comando Patrulla correspondientes a las zonas 3, 4 y 8 del CP, y luego personal de la polic\u00eda cient\u00edfica relev\u00f3 pruebas de lo ocurrido. <\/p>\n\n\n\n<p>Fuente: Campana Noticias<\/p>\n\n\n\n<p><br><\/p>\n","protected":false},"excerpt":{"rendered":"<p>Poco despu\u00e9s del mediod\u00eda, dos delincuentes ingresaron a la vivienda de un vecino, al cual golpearon y le robaron la camioneta. La v\u00edctima fue hospitalizada por una ambulancia del Same. 14.30 hs. Un post mediod\u00eda aparentemente tranquilo, en la zona de Iriart y Rawson, hasta que dos ladrones en moto irrumpieron en la vivienda de [&hellip;]<\/p>\n","protected":false},"author":4,"featured_media":62801,"comment_status":"open","ping_status":"closed","sticky":false,"template":"","format":"standard","meta":{"om_disable_all_campaigns":false,"_jetpack_memberships_contains_paid_content":false,"footnotes":""},"categories":[621],"tags":[],"class_list":["post-62800","post","type-post","status-publish","format-standard","has-post-thumbnail","hentry","category-regionales"],"aioseo_notices":[],"gutentor_comment":0,"jetpack_featured_media_url":"https:\/\/eldiariodesanpedro.com.ar\/sitio\/wp-content\/uploads\/2019\/10\/20191025054653.jpg","jetpack_shortlink":"https:\/\/wp.me\/p6RhLt-gkU","jetpack_sharing_enabled":true,"_links":{"self":[{"href":"https:\/\/eldiariodesanpedro.com.ar\/sitio\/wp-json\/wp\/v2\/posts\/62800","targetHints":{"allow":["GET"]}}],"collection":[{"href":"https:\/\/eldiariodesanpedro.com.ar\/sitio\/wp-json\/wp\/v2\/posts"}],"about":[{"href":"https:\/\/eldiariodesanpedro.com.ar\/sitio\/wp-json\/wp\/v2\/types\/post"}],"author":[{"embeddable":true,"href":"https:\/\/eldiariodesanpedro.com.ar\/sitio\/wp-json\/wp\/v2\/users\/4"}],"replies":[{"embeddable":true,"href":"https:\/\/eldiariodesanpedro.com.ar\/sitio\/wp-json\/wp\/v2\/comments?post=62800"}],"version-history":[{"count":1,"href":"https:\/\/eldiariodesanpedro.com.ar\/sitio\/wp-json\/wp\/v2\/posts\/62800\/revisions"}],"predecessor-version":[{"id":62802,"href":"https:\/\/eldiariodesanpedro.com.ar\/sitio\/wp-json\/wp\/v2\/posts\/62800\/revisions\/62802"}],"wp:featuredmedia":[{"embeddable":true,"href":"https:\/\/eldiariodesanpedro.com.ar\/sitio\/wp-json\/wp\/v2\/media\/62801"}],"wp:attachment":[{"href":"https:\/\/eldiariodesanpedro.com.ar\/sitio\/wp-json\/wp\/v2\/media?parent=62800"}],"wp:term":[{"taxonomy":"category","embeddable":true,"href":"https:\/\/eldiariodesanpedro.com.ar\/sitio\/wp-json\/wp\/v2\/categories?post=62800"},{"taxonomy":"post_tag","embeddable":true,"href":"https:\/\/eldiariodesanpedro.com.ar\/sitio\/wp-json\/wp\/v2\/tags?post=62800"}],"curies":[{"name":"wp","href":"https:\/\/api.w.org\/{rel}","templated":true}]}}