{"id":62797,"date":"2019-10-26T12:02:23","date_gmt":"2019-10-26T15:02:23","guid":{"rendered":"https:\/\/eldiariodesanpedro.com.ar\/sitio\/?p=62797"},"modified":"2019-10-26T12:02:28","modified_gmt":"2019-10-26T15:02:28","slug":"campana-fuego-y-explosiones-atemorizaron-a-vecinos-de-un-edificio-centrico","status":"publish","type":"post","link":"https:\/\/eldiariodesanpedro.com.ar\/sitio\/campana-fuego-y-explosiones-atemorizaron-a-vecinos-de-un-edificio-centrico\/","title":{"rendered":"CAMPANA: Fuego y explosiones atemorizaron a vecinos de un edificio c\u00e9ntrico"},"content":{"rendered":"<!-- VideographyWP Plugin Message: Automatic video embedding prevented by plugin options. -->\n\n<p> Poco antes de la medianoche de este viernes, un principio de incendio se desat\u00f3 en uno de los balcones del inmueble de G\u00fcemes y Belgrano. Dos dotaciones de Bomberos actuaron, controlando r\u00e1pidamente la situaci\u00f3n. La mayor\u00eda de los vecinos se autoevacu\u00f3. Un \u201cpucho\u201d habr\u00eda desencadenado las primeras llamas.<\/p>\n\n\n\n<p>\n\nSusto, autoevacuados y bomberos. Todo pas\u00f3 anoche, cerca de las 23:10 horas, en un edificio de la calle G\u00fcemes 759, esquina Belgrano.<\/p>\n\n\n\n<p>Al parecer, el fuego se habr\u00eda iniciado en un balc\u00f3n del quinto piso, y seg\u00fan versiones de los vecinos, se habr\u00eda originado cuando desde unos pisos m\u00e1s arriba, arrojaron una colilla de cigarrillo hacia el balc\u00f3n en cuesti\u00f3n, donde hab\u00eda pedazos de madera, cart\u00f3n y pl\u00e1stico. Luego, tom\u00f3 algunos aerosoles que guardaban en el lugar, dando origen a explosiones que causaron temor en los vecinos.<\/p>\n\n\n\n<p>Al lugar arribaron dos dotaciones de bomberos, los m\u00f3viles 36 y 41, que procedieron a la extinci\u00f3n del fuego utilizando la red de incendio del edificio. Al momento del hecho, los propietarios del lugar no estaban presentes, pero si una ni\u00f1era de 19 a\u00f1os al cuidado de alg\u00fan menor.<\/p>\n\n\n\n<p>Colaboraron en el lugar m\u00f3viles del CP zona 1, 2 y 3, personal de tr\u00e1nsito y defensa civil.<\/p>\n\n\n\n<p>En el balc\u00f3n tambi\u00e9n hab\u00eda aerosoles que al agarrar fuego explotaron causando p\u00e1nico con los dem\u00e1s habitantes del edificio lo cual en su mayor\u00eda se auto evacuaron solos.\n\n<\/p>\n\n\n\n<p><br><\/p>\n","protected":false},"excerpt":{"rendered":"<p>Poco antes de la medianoche de este viernes, un principio de incendio se desat\u00f3 en uno de los balcones del inmueble de G\u00fcemes y Belgrano. Dos dotaciones de Bomberos actuaron, controlando r\u00e1pidamente la situaci\u00f3n. La mayor\u00eda de los vecinos se autoevacu\u00f3. Un \u201cpucho\u201d habr\u00eda desencadenado las primeras llamas. Susto, autoevacuados y bomberos. Todo pas\u00f3 anoche, [&hellip;]<\/p>\n","protected":false},"author":4,"featured_media":62798,"comment_status":"open","ping_status":"closed","sticky":false,"template":"","format":"standard","meta":{"om_disable_all_campaigns":false,"_jetpack_memberships_contains_paid_content":false,"footnotes":""},"categories":[621],"tags":[],"class_list":["post-62797","post","type-post","status-publish","format-standard","has-post-thumbnail","hentry","category-regionales"],"aioseo_notices":[],"gutentor_comment":0,"jetpack_featured_media_url":"https:\/\/eldiariodesanpedro.com.ar\/sitio\/wp-content\/uploads\/2019\/10\/20191026102901.jpg","jetpack_shortlink":"https:\/\/wp.me\/p6RhLt-gkR","jetpack_sharing_enabled":true,"_links":{"self":[{"href":"https:\/\/eldiariodesanpedro.com.ar\/sitio\/wp-json\/wp\/v2\/posts\/62797","targetHints":{"allow":["GET"]}}],"collection":[{"href":"https:\/\/eldiariodesanpedro.com.ar\/sitio\/wp-json\/wp\/v2\/posts"}],"about":[{"href":"https:\/\/eldiariodesanpedro.com.ar\/sitio\/wp-json\/wp\/v2\/types\/post"}],"author":[{"embeddable":true,"href":"https:\/\/eldiariodesanpedro.com.ar\/sitio\/wp-json\/wp\/v2\/users\/4"}],"replies":[{"embeddable":true,"href":"https:\/\/eldiariodesanpedro.com.ar\/sitio\/wp-json\/wp\/v2\/comments?post=62797"}],"version-history":[{"count":1,"href":"https:\/\/eldiariodesanpedro.com.ar\/sitio\/wp-json\/wp\/v2\/posts\/62797\/revisions"}],"predecessor-version":[{"id":62799,"href":"https:\/\/eldiariodesanpedro.com.ar\/sitio\/wp-json\/wp\/v2\/posts\/62797\/revisions\/62799"}],"wp:featuredmedia":[{"embeddable":true,"href":"https:\/\/eldiariodesanpedro.com.ar\/sitio\/wp-json\/wp\/v2\/media\/62798"}],"wp:attachment":[{"href":"https:\/\/eldiariodesanpedro.com.ar\/sitio\/wp-json\/wp\/v2\/media?parent=62797"}],"wp:term":[{"taxonomy":"category","embeddable":true,"href":"https:\/\/eldiariodesanpedro.com.ar\/sitio\/wp-json\/wp\/v2\/categories?post=62797"},{"taxonomy":"post_tag","embeddable":true,"href":"https:\/\/eldiariodesanpedro.com.ar\/sitio\/wp-json\/wp\/v2\/tags?post=62797"}],"curies":[{"name":"wp","href":"https:\/\/api.w.org\/{rel}","templated":true}]}}