{"id":62795,"date":"2019-10-26T12:00:32","date_gmt":"2019-10-26T15:00:32","guid":{"rendered":"https:\/\/eldiariodesanpedro.com.ar\/sitio\/?p=62795"},"modified":"2019-10-26T12:00:37","modified_gmt":"2019-10-26T15:00:37","slug":"cinco-personas-aprehendidas-en-operativo-nocturnidad","status":"publish","type":"post","link":"https:\/\/eldiariodesanpedro.com.ar\/sitio\/cinco-personas-aprehendidas-en-operativo-nocturnidad\/","title":{"rendered":"Cinco personas aprehendidas en Operativo Nocturnidad"},"content":{"rendered":"<!-- VideographyWP Plugin Message: Automatic video embedding prevented by plugin options. -->\n\n<p>Este viernes por la noche y madrugada de este sabado se realizaron los operativos de control de tr\u00e1nsito e identificaci\u00f3n de personas y operativos de saturacion en zona de vias ferreas. Como resultado 5 personas fueron aprehendidas por distintos hechos.<\/p>\n\n\n\n<p>Primeramente personal policial en el marco de operativo saturaci\u00f3n en calle Molina y v\u00edas f\u00e9rreas se detiene a un masculino mayor de edad,\u00a0\u00a0quien posee orden de detenci\u00f3n car\u00e1tula ROBO AGRAVADO POR EL USO DE ARMA, encontr\u00e1ndose en  tr\u00e1mite ante la UFI 11 San Pedro y solicitud del Juzgado de Garant\u00edas 1 San Nicol\u00e1s.<\/p>\n\n\n\n<p>Luego en el marco operativo nocturnidad en calle  Bozzano y 11 de Septiembre, se aprehende en fuga a masculino mayor de edad, y se le secuestr\u00f3 en su poder una cuchilla de mango madera tipo tachuela, quien momentos antes habr\u00eda intentado sustraer un tel\u00e9fono celular y dinero a j\u00f3venes menores de edad que se encontraban en Bottaro y Casella mediante utilizaci\u00f3n de elemento cortante. Receptada testimonio testigo del hecho. Toma intervenci\u00f3n UFI 11 San Pedro.<\/p>\n\n\n\n<p>En calle San Martin al 3000, se aprehende a masculino mayor de edad, quien registra\u00a0PEDIDO PARADERO ACTIVO del a\u00f1o 2018 a requerimiento UFI 11 San Pedro.<\/p>\n\n\n\n<p>En Ruta Nacional 9 km 152,500, se detiene a masculino mayor de edad, quien posee pedido de CAPTURA ACTIVO,\u00a0\u00a0fecha 2018, en solicitud del Juzgado garant\u00edas Nro. 4 de La Matanza.<\/p>\n\n\n\n<p>En Ruta nacional 9 km 152, se aprehende masculino mayor de edad, quien registra Pedido de Paradero activo del a\u00f1o 2004,\u00a0a requerimiento\u00a0 \u00a0UFI . N\u00ba 2 de\u00a0 San Isidro.<\/p>\n\n\n\n<p><br><\/p>\n","protected":false},"excerpt":{"rendered":"<p>Este viernes por la noche y madrugada de este sabado se realizaron los operativos de control de tr\u00e1nsito e identificaci\u00f3n de personas y operativos de saturacion en zona de vias ferreas. Como resultado 5 personas fueron aprehendidas por distintos hechos. Primeramente personal policial en el marco de operativo saturaci\u00f3n en calle Molina y v\u00edas f\u00e9rreas [&hellip;]<\/p>\n","protected":false},"author":4,"featured_media":60820,"comment_status":"open","ping_status":"closed","sticky":false,"template":"","format":"standard","meta":{"om_disable_all_campaigns":false,"_jetpack_memberships_contains_paid_content":false,"footnotes":""},"categories":[2,103],"tags":[],"class_list":["post-62795","post","type-post","status-publish","format-standard","has-post-thumbnail","hentry","category-locales","category-policiales-locales"],"aioseo_notices":[],"gutentor_comment":0,"jetpack_featured_media_url":"https:\/\/eldiariodesanpedro.com.ar\/sitio\/wp-content\/uploads\/2019\/09\/menor-aprehendido.jpg","jetpack_shortlink":"https:\/\/wp.me\/p6RhLt-gkP","jetpack_sharing_enabled":true,"_links":{"self":[{"href":"https:\/\/eldiariodesanpedro.com.ar\/sitio\/wp-json\/wp\/v2\/posts\/62795","targetHints":{"allow":["GET"]}}],"collection":[{"href":"https:\/\/eldiariodesanpedro.com.ar\/sitio\/wp-json\/wp\/v2\/posts"}],"about":[{"href":"https:\/\/eldiariodesanpedro.com.ar\/sitio\/wp-json\/wp\/v2\/types\/post"}],"author":[{"embeddable":true,"href":"https:\/\/eldiariodesanpedro.com.ar\/sitio\/wp-json\/wp\/v2\/users\/4"}],"replies":[{"embeddable":true,"href":"https:\/\/eldiariodesanpedro.com.ar\/sitio\/wp-json\/wp\/v2\/comments?post=62795"}],"version-history":[{"count":1,"href":"https:\/\/eldiariodesanpedro.com.ar\/sitio\/wp-json\/wp\/v2\/posts\/62795\/revisions"}],"predecessor-version":[{"id":62796,"href":"https:\/\/eldiariodesanpedro.com.ar\/sitio\/wp-json\/wp\/v2\/posts\/62795\/revisions\/62796"}],"wp:featuredmedia":[{"embeddable":true,"href":"https:\/\/eldiariodesanpedro.com.ar\/sitio\/wp-json\/wp\/v2\/media\/60820"}],"wp:attachment":[{"href":"https:\/\/eldiariodesanpedro.com.ar\/sitio\/wp-json\/wp\/v2\/media?parent=62795"}],"wp:term":[{"taxonomy":"category","embeddable":true,"href":"https:\/\/eldiariodesanpedro.com.ar\/sitio\/wp-json\/wp\/v2\/categories?post=62795"},{"taxonomy":"post_tag","embeddable":true,"href":"https:\/\/eldiariodesanpedro.com.ar\/sitio\/wp-json\/wp\/v2\/tags?post=62795"}],"curies":[{"name":"wp","href":"https:\/\/api.w.org\/{rel}","templated":true}]}}