{"id":62784,"date":"2019-10-26T11:42:36","date_gmt":"2019-10-26T14:42:36","guid":{"rendered":"https:\/\/eldiariodesanpedro.com.ar\/sitio\/?p=62784"},"modified":"2019-10-26T11:42:40","modified_gmt":"2019-10-26T14:42:40","slug":"elecciones-aqui-las-4-listas-completas","status":"publish","type":"post","link":"https:\/\/eldiariodesanpedro.com.ar\/sitio\/elecciones-aqui-las-4-listas-completas\/","title":{"rendered":"Elecciones: Aqu\u00ed las 4 listas completas"},"content":{"rendered":"<!-- VideographyWP Plugin Message: Automatic video embedding prevented by plugin options. -->\n\n<p> El a\u00f1o electoral va cerrando su calendario que ha incluido elecciones provinciales, nacionales, internas y generales. Este domingo 27 de octubre se elegir\u00e1 nada menos que presidente de la Naci\u00f3n y en nuestra ciudad Intendente.<\/p>\n\n\n\n<p> Si bien las mesas de votaci\u00f3n ser\u00e1n las mismas de las Paso que se celebraron el pasado 11 de agosto, es recomendable chequear en el padr\u00f3n definitivo publicado por la Justicia Nacional Electoral (<a rel=\"noreferrer noopener\" href=\"https:\/\/www.padron.gob.ar\/?gclid=CjwKCAjwusrtBRBmEiwAGBPgE6-Ghjcx6rB20ar1LuBwTmq2qqX07_pyBkLt9akbxaTLZWBtBFOkCRoCnvoQAvD_BwE\" target=\"_blank\">padron.gob.ar<\/a>).<\/p>\n\n\n\n<p>Para hacer una consulta, el usuario tiene que ingresar su n\u00famero de documento, el distrito que figura en el DNI y completar un recuadro para confirmar que la consulta es realizada por una persona.<\/p>\n\n\n\n<p>Con esos datos aportados, el sistema indicar\u00e1 el establecimiento escolar y el n\u00famero de mesa, donde el elector tendr\u00e1 que ir a votar este domingo 27 de octubre y tambi\u00e9n si existiese un ballottage el 24 de noviembre.<\/p>\n\n\n\n<p>En caso de tener alguna consulta o reclamo, los votantes pueden llamar a la l\u00ednea 0800-999-7237 o enviar un mensaje de texto al n\u00famero 30777 con la palabra VOTO seguida de espacio, n\u00famero de DNI, espacio y la letra M o F (masculino o femenino).<\/p>\n\n\n\n<p> Para nuestra ciudad te presentamos las \u00a0cuatro listas completas de candidatos a Intendente que quedaron oficializadas para las elecciones generales:<br><\/p>\n\n\n\n<p><strong>Juntos por el Cambio<\/strong><br> INTENDENTE<br> <strong>SALAZAR, CECILI<\/strong>O<\/p>\n\n\n\n<figure class=\"wp-block-image is-resized\"><img decoding=\"async\" data-attachment-id=\"62786\" data-permalink=\"https:\/\/eldiariodesanpedro.com.ar\/sitio\/elecciones-aqui-las-4-listas-completas\/12800376_534800370030452_4102199092561004270_n-1\/\" data-orig-file=\"https:\/\/eldiariodesanpedro.com.ar\/sitio\/wp-content\/uploads\/2019\/10\/12800376_534800370030452_4102199092561004270_n-1.jpg\" data-orig-size=\"508,509\" data-comments-opened=\"1\" data-image-meta=\"{&quot;aperture&quot;:&quot;0&quot;,&quot;credit&quot;:&quot;Picasa&quot;,&quot;camera&quot;:&quot;&quot;,&quot;caption&quot;:&quot;&quot;,&quot;created_timestamp&quot;:&quot;1572100012&quot;,&quot;copyright&quot;:&quot;&quot;,&quot;focal_length&quot;:&quot;0&quot;,&quot;iso&quot;:&quot;0&quot;,&quot;shutter_speed&quot;:&quot;0&quot;,&quot;title&quot;:&quot;&quot;,&quot;orientation&quot;:&quot;0&quot;}\" data-image-title=\"12800376_534800370030452_4102199092561004270_n-1\" data-image-description=\"\" data-image-caption=\"\" data-large-file=\"https:\/\/eldiariodesanpedro.com.ar\/sitio\/wp-content\/uploads\/2019\/10\/12800376_534800370030452_4102199092561004270_n-1.jpg\" data-src=\"https:\/\/eldiariodesanpedro.com.ar\/sitio\/wp-content\/uploads\/2019\/10\/12800376_534800370030452_4102199092561004270_n-1.jpg\" alt=\"\" class=\"wp-image-62786 lazyload\" width=\"258\" height=\"259\" data-srcset=\"https:\/\/eldiariodesanpedro.com.ar\/sitio\/wp-content\/uploads\/2019\/10\/12800376_534800370030452_4102199092561004270_n-1.jpg 508w, https:\/\/eldiariodesanpedro.com.ar\/sitio\/wp-content\/uploads\/2019\/10\/12800376_534800370030452_4102199092561004270_n-1-150x150.jpg 150w, https:\/\/eldiariodesanpedro.com.ar\/sitio\/wp-content\/uploads\/2019\/10\/12800376_534800370030452_4102199092561004270_n-1-300x300.jpg 300w\" data-sizes=\"(max-width: 258px) 100vw, 258px\" src=\"data:image\/svg+xml;base64,PHN2ZyB3aWR0aD0iMSIgaGVpZ2h0PSIxIiB4bWxucz0iaHR0cDovL3d3dy53My5vcmcvMjAwMC9zdmciPjwvc3ZnPg==\" style=\"--smush-placeholder-width: 258px; --smush-placeholder-aspect-ratio: 258\/259;\" \/><\/figure>\n\n\n\n<p><strong>CONCEJAL TITULAR<\/strong><br> 1\u00a0\u00a0\u00a0 SALAZAR, RAM\u00d3N OSCAR<br> 2\u00a0\u00a0\u00a0 OTERO, MONICA BEATRIZ<br> 3\u00a0\u00a0\u00a0 DONATTI, ALEJANDRO PABLO<br> 4\u00a0\u00a0\u00a0 ROCCA, PATRICIA MARIA<br> 5\u00a0\u00a0\u00a0 PELLETIER, GERARDO RAUL<br> 6\u00a0\u00a0\u00a0 IBERN, SILVINA MARIEL<br> 7\u00a0\u00a0\u00a0 GARAVAGLIA, JUAN LUIS<br> 8\u00a0\u00a0\u00a0 MORA, MAR\u00cdA JOSE<br> 9\u00a0\u00a0\u00a0 MAGALLANES, CRISTIAN ALEJANDRO<br> <br> <strong>CONCEJAL SUPLENTE<\/strong><br> 1\u00a0\u00a0\u00a0 BRAMBILLA, SILVANA ALEJANDRA<br> 2\u00a0\u00a0\u00a0 PRADO, FEDERICO AUGUSTO<br> 3\u00a0\u00a0\u00a0 TAURIZANO, ELEONORA<br> 4\u00a0\u00a0\u00a0 ALARCON, MAURICIO MIGUEL<br> 5\u00a0\u00a0\u00a0 CACERES, MARCELA ALEJANDRA<br> <br> <strong>CONSEJERO ESCOLAR TITULAR<\/strong><br> 1\u00a0\u00a0\u00a0 CAJIDE, FERNANDO<br> 2\u00a0\u00a0\u00a0 ZUBIETA, VANINA GISELA<br> 3\u00a0\u00a0\u00a0 D&#8217;ANDREA, JORGE ALBERTO<br> <br><strong> CONSEJERO ESCOLAR SUPLENTE<\/strong><br> 1\u00a0\u00a0\u00a0 ANSALONI, MAR\u00cdA CECILIA<br> 2\u00a0\u00a0\u00a0 NOVARO, CRISTIAN DAVID<br> 3\u00a0\u00a0\u00a0 GARMENDIA, MAR\u00cdA EUGENIA<\/p>\n\n\n\n<p>&#8230;&#8230;&#8230;&#8230;&#8230;&#8230;&#8230;&#8230;&#8230;&#8230;&#8230;&#8230;&#8230;&#8230;&#8230;&#8230;&#8230;&#8230;&#8230;&#8230;&#8230;&#8230;&#8230;<\/p>\n\n\n\n<p> <em><strong>Frente de Todos<\/strong><\/em><br>INTENDENTE<br>NOAT, ESTER NOEMI<\/p>\n\n\n\n<figure class=\"wp-block-image is-resized\"><img decoding=\"async\" data-attachment-id=\"62785\" data-permalink=\"https:\/\/eldiariodesanpedro.com.ar\/sitio\/elecciones-aqui-las-4-listas-completas\/65656260_381703032468911_3137463164367536128_n-2\/\" data-orig-file=\"https:\/\/eldiariodesanpedro.com.ar\/sitio\/wp-content\/uploads\/2019\/10\/65656260_381703032468911_3137463164367536128_n.jpg\" data-orig-size=\"879,879\" data-comments-opened=\"1\" data-image-meta=\"{&quot;aperture&quot;:&quot;0&quot;,&quot;credit&quot;:&quot;&quot;,&quot;camera&quot;:&quot;&quot;,&quot;caption&quot;:&quot;&quot;,&quot;created_timestamp&quot;:&quot;0&quot;,&quot;copyright&quot;:&quot;&quot;,&quot;focal_length&quot;:&quot;0&quot;,&quot;iso&quot;:&quot;0&quot;,&quot;shutter_speed&quot;:&quot;0&quot;,&quot;title&quot;:&quot;&quot;,&quot;orientation&quot;:&quot;0&quot;}\" data-image-title=\"65656260_381703032468911_3137463164367536128_n\" data-image-description=\"\" data-image-caption=\"\" data-large-file=\"https:\/\/eldiariodesanpedro.com.ar\/sitio\/wp-content\/uploads\/2019\/10\/65656260_381703032468911_3137463164367536128_n.jpg\" data-src=\"https:\/\/eldiariodesanpedro.com.ar\/sitio\/wp-content\/uploads\/2019\/10\/65656260_381703032468911_3137463164367536128_n.jpg\" alt=\"\" class=\"wp-image-62785 lazyload\" width=\"258\" height=\"258\" data-srcset=\"https:\/\/eldiariodesanpedro.com.ar\/sitio\/wp-content\/uploads\/2019\/10\/65656260_381703032468911_3137463164367536128_n.jpg 879w, https:\/\/eldiariodesanpedro.com.ar\/sitio\/wp-content\/uploads\/2019\/10\/65656260_381703032468911_3137463164367536128_n-150x150.jpg 150w, https:\/\/eldiariodesanpedro.com.ar\/sitio\/wp-content\/uploads\/2019\/10\/65656260_381703032468911_3137463164367536128_n-300x300.jpg 300w, https:\/\/eldiariodesanpedro.com.ar\/sitio\/wp-content\/uploads\/2019\/10\/65656260_381703032468911_3137463164367536128_n-768x768.jpg 768w\" data-sizes=\"(max-width: 258px) 100vw, 258px\" src=\"data:image\/svg+xml;base64,PHN2ZyB3aWR0aD0iMSIgaGVpZ2h0PSIxIiB4bWxucz0iaHR0cDovL3d3dy53My5vcmcvMjAwMC9zdmciPjwvc3ZnPg==\" style=\"--smush-placeholder-width: 258px; --smush-placeholder-aspect-ratio: 258\/258;\" \/><\/figure>\n\n\n\n<p>CONCEJAL TITULAR<br>1\u00a0\u00a0\u00a0 SANCHEZ, MARIA FLORENCIA<br>2\u00a0\u00a0\u00a0 GONZALEZ, JUAN CRUZ<br>3\u00a0\u00a0\u00a0 VLAEMINCK, TAMARA<br>4\u00a0\u00a0\u00a0 CASCO, FERNANDO GASTON<br>5\u00a0\u00a0\u00a0 VAZQUEZ CECILIA BEATRIZ<br>6\u00a0\u00a0\u00a0 ESCALZO, ROBERTO<br>7\u00a0\u00a0\u00a0 ZELASCHI, CARLA<br>8\u00a0\u00a0\u00a0 PANGARO, FEDERICO ALBERTO<br>9\u00a0\u00a0\u00a0 GIRANDOLA, MARIANELA<br><br>CONCEJAL SUPLENTE<br>1\u00a0\u00a0\u00a0 ARTENZIO FABIAN OSVALDO<br>2\u00a0\u00a0\u00a0 CABRERA, PATRICIA LAURA<br>3\u00a0\u00a0\u00a0 LESCANO, SEBASTIAN ANIBAL<br>4\u00a0\u00a0\u00a0 RAMIREZ, SUSANA ANGELICA<br>5\u00a0\u00a0\u00a0 BELTRAN, DAMIAN ALEJANDRO<br>6\u00a0\u00a0\u00a0 LEGUIZAMON RITA KARINA<br><br>CONSEJERO ESCOLAR TITULAR<br>1\u00a0\u00a0\u00a0 MACCHIA, MARIA CECILIA<br>2\u00a0\u00a0\u00a0 MASERONI, NICOLAS ENRIQUE<br>3\u00a0\u00a0\u00a0 CA\u00d1A, ELISA<br><br>CONSEJERO ESCOLAR SUPLENTE<br>1\u00a0\u00a0\u00a0 BON LUCAS PABLO<br>2\u00a0\u00a0\u00a0 ARANDA LAURA ANDREA<br>3\u00a0\u00a0\u00a0 GONZALBO, FAUSTO <\/p>\n\n\n\n<p>&#8230;&#8230;&#8230;&#8230;&#8230;&#8230;&#8230;&#8230;&#8230;&#8230;&#8230;&#8230;&#8230;&#8230;&#8230;&#8230;&#8230;&#8230;&#8230;&#8230;&#8230;&#8230;&#8230;.<\/p>\n\n\n\n<p> <em><strong>Frente de Izquierda y los Trabajadores &#8211; Unidad<\/strong><\/em><br>INTENDENTE<br>MARABERT ADEMAR<\/p>\n\n\n\n<figure class=\"wp-block-image is-resized\"><img decoding=\"async\" data-attachment-id=\"62788\" data-permalink=\"https:\/\/eldiariodesanpedro.com.ar\/sitio\/elecciones-aqui-las-4-listas-completas\/marabert-vota\/\" data-orig-file=\"https:\/\/eldiariodesanpedro.com.ar\/sitio\/wp-content\/uploads\/2019\/10\/marabert-vota.jpg\" data-orig-size=\"1280,720\" data-comments-opened=\"1\" data-image-meta=\"{&quot;aperture&quot;:&quot;0&quot;,&quot;credit&quot;:&quot;&quot;,&quot;camera&quot;:&quot;&quot;,&quot;caption&quot;:&quot;&quot;,&quot;created_timestamp&quot;:&quot;0&quot;,&quot;copyright&quot;:&quot;&quot;,&quot;focal_length&quot;:&quot;0&quot;,&quot;iso&quot;:&quot;0&quot;,&quot;shutter_speed&quot;:&quot;0&quot;,&quot;title&quot;:&quot;&quot;,&quot;orientation&quot;:&quot;0&quot;}\" data-image-title=\"marabert-vota\" data-image-description=\"\" data-image-caption=\"\" data-large-file=\"https:\/\/eldiariodesanpedro.com.ar\/sitio\/wp-content\/uploads\/2019\/10\/marabert-vota-1024x576.jpg\" data-src=\"https:\/\/i0.wp.com\/eldiariodesanpedro.com.ar\/sitio\/wp-content\/uploads\/2019\/10\/marabert-vota.jpg?fit=660%2C371\" alt=\"\" class=\"wp-image-62788 lazyload\" width=\"324\" height=\"182\" data-srcset=\"https:\/\/eldiariodesanpedro.com.ar\/sitio\/wp-content\/uploads\/2019\/10\/marabert-vota.jpg 1280w, https:\/\/eldiariodesanpedro.com.ar\/sitio\/wp-content\/uploads\/2019\/10\/marabert-vota-300x169.jpg 300w, https:\/\/eldiariodesanpedro.com.ar\/sitio\/wp-content\/uploads\/2019\/10\/marabert-vota-768x432.jpg 768w, https:\/\/eldiariodesanpedro.com.ar\/sitio\/wp-content\/uploads\/2019\/10\/marabert-vota-1024x576.jpg 1024w\" data-sizes=\"(max-width: 324px) 100vw, 324px\" src=\"data:image\/svg+xml;base64,PHN2ZyB3aWR0aD0iMSIgaGVpZ2h0PSIxIiB4bWxucz0iaHR0cDovL3d3dy53My5vcmcvMjAwMC9zdmciPjwvc3ZnPg==\" style=\"--smush-placeholder-width: 324px; --smush-placeholder-aspect-ratio: 324\/182;\" \/><\/figure>\n\n\n\n<p><br><br>CONCEJAL TITULAR<br>1\u00a0\u00a0\u00a0 GALAN MARIA FLORENCIA<br>2\u00a0\u00a0\u00a0 ARRIGHETTI ANIBAL ROBERTO<br>3\u00a0\u00a0\u00a0 LEIVA PAULA ELIZABETH<br>4\u00a0\u00a0\u00a0 ZENONI MARTIN<br>5\u00a0\u00a0\u00a0 COPPA CINTIA VANESA<br>6\u00a0\u00a0\u00a0 VARELA JOSE ISMAEL<br>7\u00a0\u00a0\u00a0 PEREZ SUSANA LUJAN<br>8\u00a0\u00a0\u00a0 ORTEGA MAURICIO ANDRES<br>9\u00a0\u00a0\u00a0 DOMINGUEZ ALICIA<br><br>CONCEJAL SUPLENTE<br>1\u00a0\u00a0\u00a0 IRIARTE MIGUEL ANGEL<br>2\u00a0\u00a0\u00a0 GIMENEZ ISOLINA TERESA<br>3\u00a0\u00a0\u00a0 NIETO LEONARDO ARIEL<br>4\u00a0\u00a0\u00a0 GROSSO YANINA AYELEN<br>5\u00a0\u00a0\u00a0 PARRA MARCOS JAVIER<br>6\u00a0\u00a0\u00a0 VARELA MARINA JEANETTE<br><br>CONSEJERO ESCOLAR TITULAR<br>1\u00a0\u00a0\u00a0 MENDEZ JOAQUIN<br>2\u00a0\u00a0\u00a0 CASCO MARIA LAURA<br>3\u00a0\u00a0\u00a0 SALAVERRY LAUTARO JUAN JESUS<br><br>CONSEJERO ESCOLAR SUPLENTE<br>1\u00a0\u00a0\u00a0 SOMBRA MARIA CRISTINA<br>2\u00a0\u00a0\u00a0 SIERRA ERNESTO JAVIER<br>3\u00a0\u00a0\u00a0 ROUGIER MARCIA SOLANGE<\/p>\n\n\n\n<p>&#8230;&#8230;&#8230;&#8230;&#8230;&#8230;&#8230;&#8230;&#8230;&#8230;&#8230;&#8230;&#8230;&#8230;&#8230;&#8230;&#8230;&#8230;&#8230;&#8230;&#8230;&#8230;&#8230;&#8230;&#8230;<\/p>\n\n\n\n<p> <em><strong>Consenso Federal<\/strong><\/em><br>INTENDENTE<br>NOUET FERNANDO GABRIEL<\/p>\n\n\n\n<figure class=\"wp-block-image is-resized\"><img decoding=\"async\" data-attachment-id=\"62787\" data-permalink=\"https:\/\/eldiariodesanpedro.com.ar\/sitio\/elecciones-aqui-las-4-listas-completas\/70998030_100439711365276_6136744917151514624_n\/\" data-orig-file=\"https:\/\/eldiariodesanpedro.com.ar\/sitio\/wp-content\/uploads\/2019\/10\/70998030_100439711365276_6136744917151514624_n.jpg\" data-orig-size=\"639,960\" data-comments-opened=\"1\" data-image-meta=\"{&quot;aperture&quot;:&quot;0&quot;,&quot;credit&quot;:&quot;&quot;,&quot;camera&quot;:&quot;&quot;,&quot;caption&quot;:&quot;&quot;,&quot;created_timestamp&quot;:&quot;0&quot;,&quot;copyright&quot;:&quot;&quot;,&quot;focal_length&quot;:&quot;0&quot;,&quot;iso&quot;:&quot;0&quot;,&quot;shutter_speed&quot;:&quot;0&quot;,&quot;title&quot;:&quot;&quot;,&quot;orientation&quot;:&quot;0&quot;}\" data-image-title=\"70998030_100439711365276_6136744917151514624_n\" data-image-description=\"\" data-image-caption=\"\" data-large-file=\"https:\/\/eldiariodesanpedro.com.ar\/sitio\/wp-content\/uploads\/2019\/10\/70998030_100439711365276_6136744917151514624_n.jpg\" data-src=\"https:\/\/eldiariodesanpedro.com.ar\/sitio\/wp-content\/uploads\/2019\/10\/70998030_100439711365276_6136744917151514624_n.jpg\" alt=\"\" class=\"wp-image-62787 lazyload\" width=\"277\" height=\"416\" data-srcset=\"https:\/\/eldiariodesanpedro.com.ar\/sitio\/wp-content\/uploads\/2019\/10\/70998030_100439711365276_6136744917151514624_n.jpg 639w, https:\/\/eldiariodesanpedro.com.ar\/sitio\/wp-content\/uploads\/2019\/10\/70998030_100439711365276_6136744917151514624_n-200x300.jpg 200w\" data-sizes=\"(max-width: 277px) 100vw, 277px\" src=\"data:image\/svg+xml;base64,PHN2ZyB3aWR0aD0iMSIgaGVpZ2h0PSIxIiB4bWxucz0iaHR0cDovL3d3dy53My5vcmcvMjAwMC9zdmciPjwvc3ZnPg==\" style=\"--smush-placeholder-width: 277px; --smush-placeholder-aspect-ratio: 277\/416;\" \/><\/figure>\n\n\n\n<p>CONCEJAL TITULAR<br>1\u00a0\u00a0\u00a0 SALVARREGUY KARINA D. V.<br>2\u00a0\u00a0\u00a0 QUINTANA AMERICO JOSE<br>3\u00a0\u00a0\u00a0 GONZALEZ VERONICA SONIA<br>4\u00a0\u00a0\u00a0 PUCURULL OMAR EDGARDO<br>5\u00a0\u00a0\u00a0 BARRIOS YESICA ANAHI<br>6\u00a0\u00a0\u00a0 FERRONI ENRIQUE DANIEL<br>7\u00a0\u00a0\u00a0 SBERT MARIA DE LOS ANGELES<br>8\u00a0\u00a0\u00a0 PLANA GONZALO ANTONIO<br>9\u00a0\u00a0\u00a0 ALMIRON LORENA J.<br><br>CONCEJAL SUPLENTE<br>1\u00a0\u00a0\u00a0 GONZALEZ JOSE LUIS<br>2\u00a0\u00a0\u00a0 CORTEZ VANINA LORENA<br>3\u00a0\u00a0\u00a0 ANCE JAVIER<br>4\u00a0\u00a0\u00a0 GOMEZ NADIA CYNTHIA<br>5\u00a0\u00a0\u00a0 JAIMES MAURICIO<br>6\u00a0\u00a0\u00a0 BELLA MIRTA MABEL<br><br>CONSEJERO ESCOLAR TITULAR<br>1\u00a0\u00a0\u00a0 CARBALLO WALTER<br>2\u00a0\u00a0\u00a0 HERNANDEZ LILIA H.<br>3\u00a0\u00a0\u00a0 STERPO FERNANDO M.<br><br>CONSEJERO ESCOLAR SUPLENTE<br>1\u00a0\u00a0\u00a0 GIRANDOLA MARIA ALEJANDRA<br>2\u00a0\u00a0\u00a0 ACHUCARRO CARLOS ALBERTO<br>3\u00a0\u00a0\u00a0 VILA JESICA TAMARA <br> <\/p>\n","protected":false},"excerpt":{"rendered":"<p>El a\u00f1o electoral va cerrando su calendario que ha incluido elecciones provinciales, nacionales, internas y generales. Este domingo 27 de octubre se elegir\u00e1 nada menos que presidente de la Naci\u00f3n y en nuestra ciudad Intendente. Si bien las mesas de votaci\u00f3n ser\u00e1n las mismas de las Paso que se celebraron el pasado 11 de agosto, [&hellip;]<\/p>\n","protected":false},"author":4,"featured_media":62790,"comment_status":"open","ping_status":"closed","sticky":false,"template":"","format":"standard","meta":{"om_disable_all_campaigns":false,"_jetpack_memberships_contains_paid_content":false,"footnotes":""},"categories":[50,101,2],"tags":[],"class_list":["post-62784","post","type-post","status-publish","format-standard","has-post-thumbnail","hentry","category-destacadas","category-interes-general-locales","category-locales"],"aioseo_notices":[],"gutentor_comment":0,"jetpack_featured_media_url":"https:\/\/eldiariodesanpedro.com.ar\/sitio\/wp-content\/uploads\/2019\/10\/puedes-consultar-el-padron-electoral___S1JZKUIm7_1256x620__1.jpg","jetpack_shortlink":"https:\/\/wp.me\/p6RhLt-gkE","jetpack_sharing_enabled":true,"_links":{"self":[{"href":"https:\/\/eldiariodesanpedro.com.ar\/sitio\/wp-json\/wp\/v2\/posts\/62784","targetHints":{"allow":["GET"]}}],"collection":[{"href":"https:\/\/eldiariodesanpedro.com.ar\/sitio\/wp-json\/wp\/v2\/posts"}],"about":[{"href":"https:\/\/eldiariodesanpedro.com.ar\/sitio\/wp-json\/wp\/v2\/types\/post"}],"author":[{"embeddable":true,"href":"https:\/\/eldiariodesanpedro.com.ar\/sitio\/wp-json\/wp\/v2\/users\/4"}],"replies":[{"embeddable":true,"href":"https:\/\/eldiariodesanpedro.com.ar\/sitio\/wp-json\/wp\/v2\/comments?post=62784"}],"version-history":[{"count":1,"href":"https:\/\/eldiariodesanpedro.com.ar\/sitio\/wp-json\/wp\/v2\/posts\/62784\/revisions"}],"predecessor-version":[{"id":62791,"href":"https:\/\/eldiariodesanpedro.com.ar\/sitio\/wp-json\/wp\/v2\/posts\/62784\/revisions\/62791"}],"wp:featuredmedia":[{"embeddable":true,"href":"https:\/\/eldiariodesanpedro.com.ar\/sitio\/wp-json\/wp\/v2\/media\/62790"}],"wp:attachment":[{"href":"https:\/\/eldiariodesanpedro.com.ar\/sitio\/wp-json\/wp\/v2\/media?parent=62784"}],"wp:term":[{"taxonomy":"category","embeddable":true,"href":"https:\/\/eldiariodesanpedro.com.ar\/sitio\/wp-json\/wp\/v2\/categories?post=62784"},{"taxonomy":"post_tag","embeddable":true,"href":"https:\/\/eldiariodesanpedro.com.ar\/sitio\/wp-json\/wp\/v2\/tags?post=62784"}],"curies":[{"name":"wp","href":"https:\/\/api.w.org\/{rel}","templated":true}]}}