{"id":62777,"date":"2019-10-26T10:46:17","date_gmt":"2019-10-26T13:46:17","guid":{"rendered":"https:\/\/eldiariodesanpedro.com.ar\/sitio\/?p=62777"},"modified":"2026-01-23T23:14:31","modified_gmt":"2026-01-24T02:14:31","slug":"comenzo-la-veda-electoral-macri-y-fernandez-entre-el-sueno-del-balotaje-y-el-deseo-de-una-transicion-ordenada","status":"publish","type":"post","link":"https:\/\/eldiariodesanpedro.com.ar\/sitio\/comenzo-la-veda-electoral-macri-y-fernandez-entre-el-sueno-del-balotaje-y-el-deseo-de-una-transicion-ordenada\/","title":{"rendered":"Comenz\u00f3 la veda electoral: Macri y Fern\u00e1ndez, entre el sue\u00f1o del balotaje y el deseo de una transici\u00f3n ordenada"},"content":{"rendered":"<!-- VideographyWP Plugin Message: Automatic video embedding prevented by plugin options. -->\n\n<p>Termin\u00f3 la campa\u00f1a. Desde las 8 de este viernes y hasta las 21 horas del domingo hay varias restricciones, entre ellas que los candidatos no pueden hacer proselitismo. Tampoco se pueden publicar y difundir encuestas y sondeos. La veda tambi\u00e9n incluye a las redes sociales.<\/p>\n\n\n\n<p>Con este panorama, Mauricio Macri apuesta a dos variables distintas para so\u00f1ar con la segunda vuelta en noviembre: evitar el fraude que supuestamente se hizo en las PASO y aumentar en millones la cantidad de votantes a favor de Juntos por el Cambio.&nbsp;<strong>\u201cSi esto pasa, llego al balotaje y lo gano\u201d, confi\u00f3 Macri a un amigo en la quinta de Olivos.<\/strong><\/p>\n\n\n\n<p><strong>Alberto Fern\u00e1ndez considera que su triunfo est\u00e1 asegurado y espera que Macri reconozca la derrota y ordene una transici\u00f3n pol\u00edtica sin zancadillas y con acuerdos institucionales.&nbsp;<\/strong>El candidato presidencial del Frente Todos pretende anunciar su gabinete y las primeras medidas de su probable gobierno antes de que concluya octubre, y para ello necesita un escenario social y pol\u00edtico con vaivenes razonables para la historia contempor\u00e1nea de la Argentina.<\/p>\n\n\n\n<p>El presidente asume los deseos pol\u00edticos de Fern\u00e1ndez y los entiende desde su propia experiencia personal: Cristina Fern\u00e1ndez de Kirchner complic\u00f3 su asunci\u00f3n presidencial y debi\u00f3 convocar a Ricardo Lorenzetti -entonces titular de la Corte Suprema- para resolver una crisis institucional que no ten\u00eda registros institucionales. \u201cYo no soy Cristina, pierdo la elecci\u00f3n y me pongo a disposici\u00f3n. Esa es mi responsabilidad\u201d, asegura Macri cuando se le pregunta sobre una eventual transici\u00f3n.<\/p>\n\n\n\n<p>\n\nMacri, Awada y Antonia, la familia presidencial pasara el fin de semana juntos antes de votar en Barrio Parque<\/p>\n\n\n\n<p><strong>Sin embargo, antes de ejecutar una probable coreograf\u00eda de transici\u00f3n presidencial, Macri va a agotar todas las instancias a su alcance.<\/strong>&nbsp;Solo reconocer\u00e1 la derrota cuando la diferencia con Fern\u00e1ndez sea imposible de descontar aun sumando a sus votos todos los que todav\u00eda faltan escrutar de manera provisoria.<\/p>\n\n\n\n<p><strong>Macri cumplir\u00e1 con la veda electoral en Los Abrojos, su quinta familiar.&nbsp;<\/strong>El presidente estar\u00e1 junto a Juliana Awada y su hija Antonia, y ya sabe que pasar\u00e1 horas y horas del fin de semana chateando con Marcos Pe\u00f1a, Miguel \u00c1ngel Pichetto, Elisa Carri\u00f3, Gerardo Morales, Mar\u00eda Eugenia Vidal, Patricia Bullrich, Rogelio Frigerio y Horacio Rodr\u00edguez Larreta. En la intimidad del poder circulan encuestas propias y sondeos prestados, aunque su valor pr\u00e1ctico es casi cero desde el resultado de las PASO.<\/p>\n\n\n\n<p><strong>Macri y Fern\u00e1ndez ya ni se chatean.<\/strong>&nbsp;Tienen profundas diferencias personales e ideol\u00f3gicas, y la furia de la campa\u00f1a electoral consolid\u00f3 entre ambos un zanja de proporciones casi infinitas. El ministro del Interior, Rogelio Frigerio, tiene una l\u00ednea abierta con Sergio Massa y Wado de Pedro, que servir\u00e1 para articular los primeros minutos de la transici\u00f3n, si el sue\u00f1o de Macri se transforma en su pesadilla pol\u00edtica.<\/p>\n\n\n\n<p>Fern\u00e1ndez espera que Macri llame r\u00e1pido a su celular personal, anuncie cuando sea posible que perdi\u00f3 los comicios y fije una hoja de ruta que permita ejecutar su propia agenda de transici\u00f3n presidencial. En este contexto, si fuera presidente electo, Fern\u00e1ndez tiene intenciones de anunciar su gabinete nacional y las primeras medidas que podr\u00eda implementar desde el 10 de diciembre. Eso ocurrir\u00eda antes que concluya octubre.<\/p>\n\n\n\n<p>Fern\u00e1ndez est\u00e1 preocupado por las reservas del Banco Central y la cotizaci\u00f3n del d\u00f3lar. Macri defiende el tipo de cambio a fuerza de las reservas y no modificar\u00e1 su estrategia si cumple su sue\u00f1o y fuerza el balotaje. Entonces, si finalmente no llega a la segunda vuelta,\u00a0<strong>Macri est\u00e1 dispuesto a negociar una t\u00e1ctica financiera y econ\u00f3mica com\u00fan con Alberto,\u00a0<\/strong>pero esa t\u00e1ctica no puede aparecer como una rendici\u00f3n incondicional del presidente que concluye al presidente electo.<\/p>\n\n\n\n<p>\n\nAlberto Fern\u00e1ndez y Cristina Fern\u00e1ndez de Kirchner en el acto de cierre del Frente de Todos en Mar del Plata<\/p>\n\n\n\n<p>La veda electoral encuentra a Macri y Fern\u00e1ndez con distintas preocupaciones. Macri con llegar al balotaje o negociar la transici\u00f3n con un presidente electo que no respeta. Fern\u00e1ndez asumiendo que puede ganar en primera vuelta y&nbsp;<strong>con la obligaci\u00f3n de enfrentar desde el lunes 28 a una crisis financiera y econ\u00f3mica que incluye a millones de pobres, la desencantada clase media, Wall Street y el Fondo Monetario Internacional (FMI).<\/strong><\/p>\n\n\n\n<p>No ser\u00e1 f\u00e1cil. Para ninguno de los dos<strong>.<\/strong><\/p>\n\n\n\n<p>Fuente: Infobae<\/p>\n","protected":false},"excerpt":{"rendered":"<p>Termin\u00f3 la campa\u00f1a. Desde las 8 de este viernes y hasta las 21 horas del domingo hay varias restricciones, entre ellas que los candidatos no pueden hacer proselitismo. Tampoco se pueden publicar y difundir encuestas y sondeos. La veda tambi\u00e9n incluye a las redes sociales. Con este panorama, Mauricio Macri apuesta a dos variables distintas [&hellip;]<\/p>\n","protected":false},"author":4,"featured_media":62778,"comment_status":"open","ping_status":"closed","sticky":false,"template":"","format":"standard","meta":{"om_disable_all_campaigns":false,"_jetpack_memberships_contains_paid_content":false,"footnotes":""},"categories":[3],"tags":[],"class_list":["post-62777","post","type-post","status-publish","format-standard","has-post-thumbnail","hentry","category-nacionales"],"aioseo_notices":[],"gutentor_comment":0,"jetpack_featured_media_url":"https:\/\/eldiariodesanpedro.com.ar\/sitio\/wp-content\/uploads\/2019\/10\/macri-fernandez-11062019-728293.jpg","jetpack_shortlink":"https:\/\/wp.me\/p6RhLt-gkx","jetpack_sharing_enabled":true,"_links":{"self":[{"href":"https:\/\/eldiariodesanpedro.com.ar\/sitio\/wp-json\/wp\/v2\/posts\/62777","targetHints":{"allow":["GET"]}}],"collection":[{"href":"https:\/\/eldiariodesanpedro.com.ar\/sitio\/wp-json\/wp\/v2\/posts"}],"about":[{"href":"https:\/\/eldiariodesanpedro.com.ar\/sitio\/wp-json\/wp\/v2\/types\/post"}],"author":[{"embeddable":true,"href":"https:\/\/eldiariodesanpedro.com.ar\/sitio\/wp-json\/wp\/v2\/users\/4"}],"replies":[{"embeddable":true,"href":"https:\/\/eldiariodesanpedro.com.ar\/sitio\/wp-json\/wp\/v2\/comments?post=62777"}],"version-history":[{"count":1,"href":"https:\/\/eldiariodesanpedro.com.ar\/sitio\/wp-json\/wp\/v2\/posts\/62777\/revisions"}],"predecessor-version":[{"id":62779,"href":"https:\/\/eldiariodesanpedro.com.ar\/sitio\/wp-json\/wp\/v2\/posts\/62777\/revisions\/62779"}],"wp:featuredmedia":[{"embeddable":true,"href":"https:\/\/eldiariodesanpedro.com.ar\/sitio\/wp-json\/wp\/v2\/media\/62778"}],"wp:attachment":[{"href":"https:\/\/eldiariodesanpedro.com.ar\/sitio\/wp-json\/wp\/v2\/media?parent=62777"}],"wp:term":[{"taxonomy":"category","embeddable":true,"href":"https:\/\/eldiariodesanpedro.com.ar\/sitio\/wp-json\/wp\/v2\/categories?post=62777"},{"taxonomy":"post_tag","embeddable":true,"href":"https:\/\/eldiariodesanpedro.com.ar\/sitio\/wp-json\/wp\/v2\/tags?post=62777"}],"curies":[{"name":"wp","href":"https:\/\/api.w.org\/{rel}","templated":true}]}}