{"id":62769,"date":"2019-10-26T09:45:24","date_gmt":"2019-10-26T12:45:24","guid":{"rendered":"https:\/\/eldiariodesanpedro.com.ar\/sitio\/?p=62769"},"modified":"2019-10-26T11:03:37","modified_gmt":"2019-10-26T14:03:37","slug":"un-hombre-fue-asesinado-con-un-arma-blanca","status":"publish","type":"post","link":"https:\/\/eldiariodesanpedro.com.ar\/sitio\/un-hombre-fue-asesinado-con-un-arma-blanca\/","title":{"rendered":"Un hombre fue asesinado con un arma blanca"},"content":{"rendered":"<!-- VideographyWP Plugin Message: Automatic video embedding prevented by plugin options. -->\n\n<p>Seg\u00fan registraron c\u00e1maras de seguridad, un autom\u00f3vil se le cruza a otro provocando que detenga su marcha, el atacante baja exaltado y  le propina una pu\u00f1alada mortal d\u00e1ndose a la fuga r\u00e1pidamente.<\/p>\n\n\n\n<p>El violento hecho sucedi\u00f3 esta madrugada, alrededor de las 4 horas,  por calle Mitre casi intersecci\u00f3n con Las Heras, cuando un  autom\u00f3vil Peugeot de color oscuro se cruza adelante de otro Renault Megane gris, provocando que detenga su marcha.<\/p>\n\n\n\n<p>El conductor del Renault desciende exaltado y se dirige hacia el Peugeot pateando las puertas para que salga el masculino que se le hab\u00eda cruzado,&nbsp;&nbsp;al descender lo hiere con un arma blanca en su pecho.<\/p>\n\n\n\n<p>El herido camino unos metros y cay\u00f3 tendido sobre el asfalto.<\/p>\n\n\n\n<p>Fue r\u00e1pidamente trasladado a la guardia del hospital por la ambulancia del SAME quien fallece posteriormente a ra\u00edz de la lesi\u00f3n.<\/p>\n\n\n\n<p>Fue identificado como Elias Chavez, de 40 a\u00f1os de edad.<\/p>\n\n\n\n<p>Ch\u00e1vez, es oriundo de la vecina localidad de Baradero pero desde hace dos a\u00f1os se desempe\u00f1aba como empleado de una empresa contratista en la f\u00e1brica Arcor en nuestra ciudad.\u00a0<\/p>\n\n\n\n<p><br>Personal policial abocado a un operativo cerrojo, con intervenci\u00f3n de DDI y fiscalia local,  buscan intensamente al homicida que escapo en el Peugeot oscuro.<\/p>\n","protected":false},"excerpt":{"rendered":"<p>Seg\u00fan registraron c\u00e1maras de seguridad, un autom\u00f3vil se le cruza a otro provocando que detenga su marcha, el atacante baja exaltado y le propina una pu\u00f1alada mortal d\u00e1ndose a la fuga r\u00e1pidamente. El violento hecho sucedi\u00f3 esta madrugada, alrededor de las 4 horas, por calle Mitre casi intersecci\u00f3n con Las Heras, cuando un autom\u00f3vil Peugeot [&hellip;]<\/p>\n","protected":false},"author":4,"featured_media":62533,"comment_status":"open","ping_status":"closed","sticky":false,"template":"","format":"standard","meta":{"om_disable_all_campaigns":false,"_jetpack_memberships_contains_paid_content":false,"footnotes":""},"categories":[50,2,103],"tags":[],"class_list":["post-62769","post","type-post","status-publish","format-standard","has-post-thumbnail","hentry","category-destacadas","category-locales","category-policiales-locales"],"aioseo_notices":[],"gutentor_comment":0,"jetpack_featured_media_url":"https:\/\/eldiariodesanpedro.com.ar\/sitio\/wp-content\/uploads\/2019\/10\/p_1.jpg","jetpack_shortlink":"https:\/\/wp.me\/p6RhLt-gkp","jetpack_sharing_enabled":true,"_links":{"self":[{"href":"https:\/\/eldiariodesanpedro.com.ar\/sitio\/wp-json\/wp\/v2\/posts\/62769","targetHints":{"allow":["GET"]}}],"collection":[{"href":"https:\/\/eldiariodesanpedro.com.ar\/sitio\/wp-json\/wp\/v2\/posts"}],"about":[{"href":"https:\/\/eldiariodesanpedro.com.ar\/sitio\/wp-json\/wp\/v2\/types\/post"}],"author":[{"embeddable":true,"href":"https:\/\/eldiariodesanpedro.com.ar\/sitio\/wp-json\/wp\/v2\/users\/4"}],"replies":[{"embeddable":true,"href":"https:\/\/eldiariodesanpedro.com.ar\/sitio\/wp-json\/wp\/v2\/comments?post=62769"}],"version-history":[{"count":2,"href":"https:\/\/eldiariodesanpedro.com.ar\/sitio\/wp-json\/wp\/v2\/posts\/62769\/revisions"}],"predecessor-version":[{"id":62781,"href":"https:\/\/eldiariodesanpedro.com.ar\/sitio\/wp-json\/wp\/v2\/posts\/62769\/revisions\/62781"}],"wp:featuredmedia":[{"embeddable":true,"href":"https:\/\/eldiariodesanpedro.com.ar\/sitio\/wp-json\/wp\/v2\/media\/62533"}],"wp:attachment":[{"href":"https:\/\/eldiariodesanpedro.com.ar\/sitio\/wp-json\/wp\/v2\/media?parent=62769"}],"wp:term":[{"taxonomy":"category","embeddable":true,"href":"https:\/\/eldiariodesanpedro.com.ar\/sitio\/wp-json\/wp\/v2\/categories?post=62769"},{"taxonomy":"post_tag","embeddable":true,"href":"https:\/\/eldiariodesanpedro.com.ar\/sitio\/wp-json\/wp\/v2\/tags?post=62769"}],"curies":[{"name":"wp","href":"https:\/\/api.w.org\/{rel}","templated":true}]}}