{"id":62766,"date":"2019-10-25T18:49:56","date_gmt":"2019-10-25T21:49:56","guid":{"rendered":"https:\/\/eldiariodesanpedro.com.ar\/sitio\/?p=62766"},"modified":"2019-10-25T18:50:01","modified_gmt":"2019-10-25T21:50:01","slug":"masacre-de-pergamino-pidieron-condenas-de-hasta-25-anos-para-los-seis-policias-imputados","status":"publish","type":"post","link":"https:\/\/eldiariodesanpedro.com.ar\/sitio\/masacre-de-pergamino-pidieron-condenas-de-hasta-25-anos-para-los-seis-policias-imputados\/","title":{"rendered":"Masacre de Pergamino: pidieron condenas de hasta 25 a\u00f1os para los seis polic\u00edas imputados"},"content":{"rendered":"<!-- VideographyWP Plugin Message: Automatic video embedding prevented by plugin options. -->\n\n<p><em>A casi dos meses del inicio, comenzaron las audiencias de alegatos en el juicio por la masacre de la comisar\u00eda 1\u00aa de Pergamino. El Ministerio P\u00fablico Fiscal reclam\u00f3 que los seis polic\u00edas fueron condenados por abandono de persona seguido de muerte, con penas de entre 9 y 15 a\u00f1os. La Comisi\u00f3n Provincial por la Memoria (CPM), que patrocina a cinco de las siete familias, ampli\u00f3 la acusaci\u00f3n a homicidio simple\u00a0y pidi\u00f3 penas entre 21 y 25 a\u00f1os. Otros dos particulares damnificados adhirieron a este pedido. El organismo destac\u00f3 la lucha de las familias, resumi\u00f3 la importante prueba sobre la responsabilidad de los polic\u00edas y se\u00f1al\u00f3 la importancia de este juicio: \u201cPor las siete v\u00edctimas, por los doce sobrevivientes, venimos a pedir justicia verdadera\u201d. El 20 de diciembre es la sentencia.<\/em><\/p>\n\n\n\n<p>\u201cPergamino no fue una sorpresa o un accidente y no puede endilgarse, como pretendieron, a las v\u00edctimas. Sin embargo no conmovi\u00f3 a nadie; ante el silencio del Estado, es necesario que la justicia hable por este hecho y tambi\u00e9n por todo un modus operandi que hace posible estas masacres. Como dicen las familias, sabemos que la reparaci\u00f3n no ser\u00e1 total, que nadie devolver\u00e1 la vida de sus hijos, pero quieren que no le pase a nadie m\u00e1s\u201d, se\u00f1al\u00f3 la Comisi\u00f3n Provincial por la Memoria (CPM) durante los alegatos de parte en el juicio por la masacre de la comisar\u00eda 1\u00aa de Pergamino.<\/p>\n\n\n\n<p>Los alegatos de la CPM estuvieron a cargo de las abogadas Margarita Jarque y Carla Ocampo Pilla, y el abogado Pedro Auzmendi. La CPM acompa\u00f1\u00f3 el reclamo de justicia desde el primer momento y patrocina a cinco familias de las siete v\u00edctimas. La audiencia fue seguida desde la sala del tribunal por el secretario del organismo, Roberto Cipriano Garc\u00eda, y la directora general Sandra Raggio.<\/p>\n\n\n\n<p>La sala estaba colmada. Afuera, a trav\u00e9s de una pantalla gigante, siguieron el debate familiares, amigos y amigas de las v\u00edctimas, vecinos y vecinas, y unos 25 integrantes de la Red de familiares contra la tortura y otras violencias estatales de la CPM, que llegaron desde distintos puntos de la Provincia.<\/p>\n\n\n\n<p>La apertura de la audiencia estuvo a cargo del Ministerio P\u00fablico Fiscal. Nelson Mastorchio sostuvo que la responsabilidad de los polic\u00edas hab\u00eda sido claramente probada durante las jornadas del juicio: \u201cA pesar de existir un peligro cierto, se desinteresaron del deber de cuidado, no abrieron las puertas m\u00e1s all\u00e1 de la posibilidad de hacerlo, tampoco usaron los matafuegos. Todo esto los priv\u00f3 de la ayuda para sobrevivir\u201d, remarc\u00f3 el fiscal. Sostuvo la calificaci\u00f3n legal de la instrucci\u00f3n: abandono de persona seguido de muerte, y pidi\u00f3 penas entre 9 y 15 a\u00f1os.<\/p>\n\n\n\n<p>\u201cLos polic\u00edas ten\u00edan la obligaci\u00f3n de custodia, una posici\u00f3n de garant\u00eda que surge de la Constituci\u00f3n Nacional y de tratados internacionales de derechos humanos. Nada exime a los imputados del cumplimiento de esta normativa\u201d, remarc\u00f3 frente a los jueces del Tribunal Oral Criminal 1 de Pergamino, la directora de Litigio estrat\u00e9gico de la CPM, Margarita Jarque.<\/p>\n\n\n\n<p>El 2 de marzo de 2017, tras una discusi\u00f3n entre dos detenidos que terminaron d\u00e1ndose un abrazo, los oficiales de servicio decidieron engomar o encerrar a todos en sus celdas. La medida arbitraria y sin sentido inici\u00f3 un reclamo generalizando desde todos calabozos. En ese momento, desde la celda 1 arrojaron un pedazo de colch\u00f3n incendiado al pasillo; el fuego era menor, pero los polic\u00edas no intervinieron para apagarlo. Ese d\u00eda hab\u00eda 19 personas detenidas en la comisar\u00eda 1\u00aa: siete murieron tras el incendio; otros 12 sobrevivieron.<\/p>\n\n\n\n<p>En casi dos meses de juicio, los testimonios de sobrevivientes y de bomberos apuntaron a la inacci\u00f3n de los polic\u00edas para auxiliar y socorrer a las v\u00edctimas: dejaron que el fuego se propagara y se fueron del sector de calabozos. Luego, entorpecieron las maniobras de rescate por parte de los bomberos. Al tiempo que minimizaban la situaci\u00f3n frente a familiares que comenzaron a llegar a la departamental por mensajes de celulares que mandaron los j\u00f3venes detenidos.<\/p>\n\n\n\n<p>La causa lleg\u00f3 a juicio con la calificaci\u00f3n de abandono de persona seguida de muerte; sin embargo, a partir de la prueba que se ventil\u00f3 en el debate oral y p\u00fablico, la CPM entendi\u00f3 que en un momento el abandono se transform\u00f3 en homicidio; es decir, hubo una actitud dolosa para dejarlos morir.<\/p>\n\n\n\n<p>Los polic\u00edas de servicio aquel 2 de marzo -el comisario Alberto Donza, Alexis Eva, Brian Carrizo, Mat\u00edas Giulietti, Sergio Rodas y Carolina Guevara- se desentendieron de la posici\u00f3n de garant\u00eda que ten\u00edan frente a los j\u00f3venes. Ten\u00edan, adem\u00e1s, el control funcional y la capacidad de actuar y no hicieron nada: \u201cDeja de haber abandono y pasa a haber homicidio por omisi\u00f3n cuando el autor, los aqu\u00ed imputados, retiran su protecci\u00f3n cuando el peligro de muerte ya es del todo concreto y directo. Cuando ya haya un riesgo espec\u00edfico de homicidio. Esto fue lo que pas\u00f3 ac\u00e1\u201d, explic\u00f3 Carla Ocampo Pilla. Y detall\u00f3 algunos datos en cuanto a los tiempos que surgen de las pericias realizadas: pasaron entre 20 y 30 minutos expuestos al humo y, por lo menos, 15 minutos expuestos al fuego.<\/p>\n\n\n\n<p>Para el organismo, los seis tuvieron el control funcional de la situaci\u00f3n y la capacidad de acci\u00f3n, sin embargo abandonaron a los detenidos a su suerte; esa actitud termin\u00f3 con la muerte de los siete j\u00f3venes encerrados en la celda 1: Sergio Filiberto, Fernando Latorre, Federico Perrota, Alan C\u00f3rdoba, Franco Pizarro, John Claros y Juan Jos\u00e9 Cabrera.<\/p>\n\n\n\n<p>Al final de su exposici\u00f3n, la CPM solicit\u00f3 las siguientes penas: 25 a\u00f1os de prisi\u00f3n para el entonces comisario Alberto Donza (m\u00e1xima autoridad de la comisar\u00eda), 24 a\u00f1os y 6 meses para Alexis Eva (era el oficial de servicio y ten\u00eda en su poder uno de los juegos de llave de los calabozos, el otro estaba en poder de Donza), 23 para Brian Carrizo y Mat\u00edas Giulietti (las dos personas que estaban en el sector imaginaria, a metros de donde se inici\u00f3 el primer fuego), 22 para Sergio Rodas y, finalmente, 21 para Carolina Guevara.<\/p>\n\n\n\n<p>Tambi\u00e9n reclam\u00f3 que el Tribunal, en caso de dictar un veredicto condenatorio, proceda al cumplimiento efectivo de la pena en el sistema penitenciario, no s\u00f3lo por la gravedad de los hechos que se juzgan sino tambi\u00e9n por los mismos antecedentes de esta causa: el comisario Donza ya estuvo pr\u00f3fugo de la justicia por m\u00e1s de un a\u00f1o.<\/p>\n\n\n\n<p>La CPM pidi\u00f3, adem\u00e1s, que se investigue por encubrimiento&nbsp;a 8 polic\u00edas que pretendieron sostener la impunidad policial. Los agentes de la motorizada Mauro Chida, Brian Ciro y Diego Ulloa, los polic\u00edas Renzo Giracci y Eduardo Hamu\u00e9, el jefe departamental Rub\u00e9n Rojo, el bombero policial Leonardo Seta y el miembro del GAD Juli\u00e1n Tricco desarrollaron acciones que dieron cuenta de la actitud corporativa de la fuerza de seguridad.<\/p>\n\n\n\n<p>\u201cSe advirtieron inconsistencias y contradicciones en sus declaraciones que ten\u00edan un sustento: el esp\u00edritu cuerpo. Dirigieron el testimonio para favorecer a sus compa\u00f1eros de fuerza de dos maneras: por un lado, los pusieron actuando en medidas de auxilio que no se corroboraron; por otro lado, inculpando a los bomberos. Es decir, sumaron voluntades para que sus compa\u00f1eros eludan la justicia\u201d, explic\u00f3 el abogado de la CPM Pedro Auzmendi.<\/p>\n\n\n\n<p>Tras la finalizaci\u00f3n del alegato de la CPM, los abogados Maximiliano Brajer y Felipe Villalba, patrocinante de la compa\u00f1era de Fernando Latorre y el pap\u00e1 de Franco Pizarro, respectivamente, adhirieron a la calificaci\u00f3n legal y condena solicitada por el representante del Ministerio P\u00fablico Fiscal, Nelson Mastorchio.<\/p>\n\n\n\n<p>Por otra parte Ramiro Llan de Ros, que representa a la familia de Fernando Latorre, y Jaquelina Conti, representante legal de Juan \u201cNoni\u201d Cabrera, adhirieron a la calificaci\u00f3n y penas pedidas por la CPM. \u201cLa posibilidad que se produzca la muerte era l\u00f3gica. El desenlace ocurri\u00f3 porque los imputados quisieron que as\u00ed sea\u201d, dijo Llan de Ros. \u201cLa responsabilidad primaria era velar por la vida de las personas detenidas: es imposible que no hayan advertido el peligro para la vida que la situaci\u00f3n significa\u201d, afirmo Jaquelina Conti.<\/p>\n\n\n\n<p>Hoy fue el turno de los alegatos de la defensa. Tras la audiencia, los jueces del Tribunal Oral Criminal 1 de Pergamino, Guillermo Burrone, Miguel G\u00e1spari y Danilo Cuestas, fijaron el 20 de diciembre como fecha para la lectura de la sentencia y los fundamentos.&nbsp;<\/p>\n\n\n\n<p>A la espera de la resoluci\u00f3n del juicio, hay familiares, amigos y amigas de los siete j\u00f3venes que nunca abandonaron el reclamo de justicia, que lucharon contra los intentos de impunidad que quisieron imponer y que buscar de la justicia una reparaci\u00f3n justa.<\/p>\n\n\n\n<p><br><\/p>\n","protected":false},"excerpt":{"rendered":"<p>A casi dos meses del inicio, comenzaron las audiencias de alegatos en el juicio por la masacre de la comisar\u00eda 1\u00aa de Pergamino. El Ministerio P\u00fablico Fiscal reclam\u00f3 que los seis polic\u00edas fueron condenados por abandono de persona seguido de muerte, con penas de entre 9 y 15 a\u00f1os. La Comisi\u00f3n Provincial por la Memoria [&hellip;]<\/p>\n","protected":false},"author":4,"featured_media":62767,"comment_status":"open","ping_status":"closed","sticky":false,"template":"","format":"standard","meta":{"om_disable_all_campaigns":false,"_jetpack_memberships_contains_paid_content":false,"footnotes":""},"categories":[621],"tags":[],"class_list":["post-62766","post","type-post","status-publish","format-standard","has-post-thumbnail","hentry","category-regionales"],"aioseo_notices":[],"gutentor_comment":0,"jetpack_featured_media_url":"https:\/\/eldiariodesanpedro.com.ar\/sitio\/wp-content\/uploads\/2019\/10\/unnamed-3.jpg","jetpack_shortlink":"https:\/\/wp.me\/p6RhLt-gkm","jetpack_sharing_enabled":true,"_links":{"self":[{"href":"https:\/\/eldiariodesanpedro.com.ar\/sitio\/wp-json\/wp\/v2\/posts\/62766","targetHints":{"allow":["GET"]}}],"collection":[{"href":"https:\/\/eldiariodesanpedro.com.ar\/sitio\/wp-json\/wp\/v2\/posts"}],"about":[{"href":"https:\/\/eldiariodesanpedro.com.ar\/sitio\/wp-json\/wp\/v2\/types\/post"}],"author":[{"embeddable":true,"href":"https:\/\/eldiariodesanpedro.com.ar\/sitio\/wp-json\/wp\/v2\/users\/4"}],"replies":[{"embeddable":true,"href":"https:\/\/eldiariodesanpedro.com.ar\/sitio\/wp-json\/wp\/v2\/comments?post=62766"}],"version-history":[{"count":1,"href":"https:\/\/eldiariodesanpedro.com.ar\/sitio\/wp-json\/wp\/v2\/posts\/62766\/revisions"}],"predecessor-version":[{"id":62768,"href":"https:\/\/eldiariodesanpedro.com.ar\/sitio\/wp-json\/wp\/v2\/posts\/62766\/revisions\/62768"}],"wp:featuredmedia":[{"embeddable":true,"href":"https:\/\/eldiariodesanpedro.com.ar\/sitio\/wp-json\/wp\/v2\/media\/62767"}],"wp:attachment":[{"href":"https:\/\/eldiariodesanpedro.com.ar\/sitio\/wp-json\/wp\/v2\/media?parent=62766"}],"wp:term":[{"taxonomy":"category","embeddable":true,"href":"https:\/\/eldiariodesanpedro.com.ar\/sitio\/wp-json\/wp\/v2\/categories?post=62766"},{"taxonomy":"post_tag","embeddable":true,"href":"https:\/\/eldiariodesanpedro.com.ar\/sitio\/wp-json\/wp\/v2\/tags?post=62766"}],"curies":[{"name":"wp","href":"https:\/\/api.w.org\/{rel}","templated":true}]}}