{"id":62739,"date":"2019-10-25T11:06:54","date_gmt":"2019-10-25T14:06:54","guid":{"rendered":"https:\/\/eldiariodesanpedro.com.ar\/sitio\/?p=62739"},"modified":"2019-10-25T11:06:59","modified_gmt":"2019-10-25T14:06:59","slug":"detuvieron-a-ladron-que-robo-en-una-tienda-centrica","status":"publish","type":"post","link":"https:\/\/eldiariodesanpedro.com.ar\/sitio\/detuvieron-a-ladron-que-robo-en-una-tienda-centrica\/","title":{"rendered":"Detuvieron a ladr\u00f3n que rob\u00f3 en una tienda c\u00e9ntrica"},"content":{"rendered":"<!-- VideographyWP Plugin Message: Automatic video embedding prevented by plugin options. -->\n\n<p>El asalto se produjo en el a\u00f1o 2017 cuando el sospechoso era menor. Ahora fue detenido y puesto a disposici\u00f3n de la justicia.\u00a0<\/p>\n\n\n\n<p>Mediante un operativo encabezado por la DDI San Pedro- Baradero\u00a0y Comisar\u00eda San Pedro, se logr\u00f3 detener a un joven de 20 a\u00f1os acusado de asaltar y robar una tienda c\u00e9ntrica.\u00a0<\/p>\n\n\n\n<p>El hecho aconteci\u00f3 el 30 de mayo de 2017 cuando el sospechoso aun era menor de edad y ahora con la autorizaci\u00f3n del Juzgado de Garant\u00edas N\u00b0 3 y la instrucci\u00f3n de la Fiscal\u00eda 11 se procedi\u00f3 a detener a Mat\u00edas&nbsp;Nicol\u00e1s Barrag\u00e1n, principal responsable del hecho acontecido en la tienda de propietarios boliviano denominada Luan.&nbsp;<\/p>\n\n\n\n<p>Ese d\u00e1, empu\u00f1ando un arma de fuego, el asaltante se llev\u00f3 un celular y dinero en efectivo.&nbsp;<\/p>\n\n\n\n<p>El allanamiento se efectu\u00f3 sobre la tarde del jueves en una vivienda de la calle Balcarse al 1500 y el acusado fue alojado en la sede de la DDI de San Nicol\u00e1s aguardando directivas de la justicia. La causa fue caratulada como Robo agravado por el uso de arma de fuego.<\/p>\n\n\n\n<p>Fuente: San Pedro Informa<ins><br> <\/ins><\/p>\n","protected":false},"excerpt":{"rendered":"<p>El asalto se produjo en el a\u00f1o 2017 cuando el sospechoso era menor. Ahora fue detenido y puesto a disposici\u00f3n de la justicia.\u00a0 Mediante un operativo encabezado por la DDI San Pedro- Baradero\u00a0y Comisar\u00eda San Pedro, se logr\u00f3 detener a un joven de 20 a\u00f1os acusado de asaltar y robar una tienda c\u00e9ntrica.\u00a0 El hecho [&hellip;]<\/p>\n","protected":false},"author":4,"featured_media":62740,"comment_status":"open","ping_status":"closed","sticky":false,"template":"","format":"standard","meta":{"om_disable_all_campaigns":false,"_jetpack_memberships_contains_paid_content":false,"footnotes":""},"categories":[2,103],"tags":[],"class_list":["post-62739","post","type-post","status-publish","format-standard","has-post-thumbnail","hentry","category-locales","category-policiales-locales"],"aioseo_notices":[],"gutentor_comment":0,"jetpack_featured_media_url":"https:\/\/eldiariodesanpedro.com.ar\/sitio\/wp-content\/uploads\/2019\/10\/000080606.jpeg","jetpack_shortlink":"https:\/\/wp.me\/p6RhLt-gjV","jetpack_sharing_enabled":true,"_links":{"self":[{"href":"https:\/\/eldiariodesanpedro.com.ar\/sitio\/wp-json\/wp\/v2\/posts\/62739","targetHints":{"allow":["GET"]}}],"collection":[{"href":"https:\/\/eldiariodesanpedro.com.ar\/sitio\/wp-json\/wp\/v2\/posts"}],"about":[{"href":"https:\/\/eldiariodesanpedro.com.ar\/sitio\/wp-json\/wp\/v2\/types\/post"}],"author":[{"embeddable":true,"href":"https:\/\/eldiariodesanpedro.com.ar\/sitio\/wp-json\/wp\/v2\/users\/4"}],"replies":[{"embeddable":true,"href":"https:\/\/eldiariodesanpedro.com.ar\/sitio\/wp-json\/wp\/v2\/comments?post=62739"}],"version-history":[{"count":1,"href":"https:\/\/eldiariodesanpedro.com.ar\/sitio\/wp-json\/wp\/v2\/posts\/62739\/revisions"}],"predecessor-version":[{"id":62741,"href":"https:\/\/eldiariodesanpedro.com.ar\/sitio\/wp-json\/wp\/v2\/posts\/62739\/revisions\/62741"}],"wp:featuredmedia":[{"embeddable":true,"href":"https:\/\/eldiariodesanpedro.com.ar\/sitio\/wp-json\/wp\/v2\/media\/62740"}],"wp:attachment":[{"href":"https:\/\/eldiariodesanpedro.com.ar\/sitio\/wp-json\/wp\/v2\/media?parent=62739"}],"wp:term":[{"taxonomy":"category","embeddable":true,"href":"https:\/\/eldiariodesanpedro.com.ar\/sitio\/wp-json\/wp\/v2\/categories?post=62739"},{"taxonomy":"post_tag","embeddable":true,"href":"https:\/\/eldiariodesanpedro.com.ar\/sitio\/wp-json\/wp\/v2\/tags?post=62739"}],"curies":[{"name":"wp","href":"https:\/\/api.w.org\/{rel}","templated":true}]}}