{"id":62736,"date":"2019-10-25T10:16:25","date_gmt":"2019-10-25T13:16:25","guid":{"rendered":"https:\/\/eldiariodesanpedro.com.ar\/sitio\/?p=62736"},"modified":"2019-10-25T10:16:29","modified_gmt":"2019-10-25T13:16:29","slug":"san-nicolas-tras-un-allanamiento-recuperaron-mas-rieles-robados-de-la-via","status":"publish","type":"post","link":"https:\/\/eldiariodesanpedro.com.ar\/sitio\/san-nicolas-tras-un-allanamiento-recuperaron-mas-rieles-robados-de-la-via\/","title":{"rendered":"SAN NICOL\u00c1S | Tras un allanamiento recuperaron m\u00e1s rieles robados de la v\u00eda"},"content":{"rendered":"<!-- VideographyWP Plugin Message: Automatic video embedding prevented by plugin options. -->\n\n<p>D\u00edas pasados desde este medio d\u00e1bamos a conocer que efectivos policiales del Destacamento de General Rojo hab\u00edan aprehendido en intersecci\u00f3n de las calles Lezica e Irigoyen, de B\u00b0 Autopista, a dos sujetos de 46 y 41 a\u00f1os, quienes en ese momento intentaban sustraer rieles de las v\u00edas.<br>\nEn poder de los mismos se secuestr\u00f3 una maza de hierro y una pala de punta. A los detenidos se les hab\u00edan iniciado actuaciones por tentativa de robo con Intervenci\u00f3n del Juzgado Federal N\u00b02 Dptal. En ese momento lo que los agentes advirtieron es que ya hab\u00edan robado rieles y pernos de la v\u00eda y que estos elementos no estaban en posesi\u00f3n de los detenidos por lo que todo indicaba de que hab\u00eda un tercer socio.<\/p>\n\n\n\n<p>Allanamiento<br> Tras r\u00e1pidas tareas investigativas y trabajo de campo es que los efectivos pudieron determinar la identidad del tercer presunto ladr\u00f3n y donde se encontrar\u00edan los otros rieles sustra\u00eddos. Con todos los elementos de prueba recabados los agentes efectuaron un allanamiento en un domicilio sito en calle Bogado, de B\u00b0 Autopista, donde se procedi\u00f3 al secuestro de un tramo de riel, pernos, un tel\u00e9fono celular marca Huawei, color blanco y un celular marca Alcatel color negro, todo este procedimiento con intervenci\u00f3n del Juzgado Federal N\u00b02 San Nicol\u00e1s. Asimismo se procedi\u00f3 al secuestro de una motocicleta marca Brava, modelo Nevada, color negro, respecto de la cual se estableci\u00f3 que posee el motor perteneciente a otro rodado. En \u00e9ste caso, se dio intervenci\u00f3n a la UFI N\u00b010 San Nicol\u00e1s por infracci\u00f3n al art\u00edculo 289 del C\u00f3digo penal.<\/p>\n\n\n\n<p>Fuente: Diario El Norte<\/p>\n","protected":false},"excerpt":{"rendered":"<p>D\u00edas pasados desde este medio d\u00e1bamos a conocer que efectivos policiales del Destacamento de General Rojo hab\u00edan aprehendido en intersecci\u00f3n de las calles Lezica e Irigoyen, de B\u00b0 Autopista, a dos sujetos de 46 y 41 a\u00f1os, quienes en ese momento intentaban sustraer rieles de las v\u00edas. En poder de los mismos se secuestr\u00f3 una [&hellip;]<\/p>\n","protected":false},"author":4,"featured_media":62737,"comment_status":"open","ping_status":"closed","sticky":false,"template":"","format":"standard","meta":{"om_disable_all_campaigns":false,"_jetpack_memberships_contains_paid_content":false,"footnotes":""},"categories":[621],"tags":[],"class_list":["post-62736","post","type-post","status-publish","format-standard","has-post-thumbnail","hentry","category-regionales"],"aioseo_notices":[],"gutentor_comment":0,"jetpack_featured_media_url":"https:\/\/eldiariodesanpedro.com.ar\/sitio\/wp-content\/uploads\/2019\/10\/0-1-6.jpg","jetpack_shortlink":"https:\/\/wp.me\/p6RhLt-gjS","jetpack_sharing_enabled":true,"_links":{"self":[{"href":"https:\/\/eldiariodesanpedro.com.ar\/sitio\/wp-json\/wp\/v2\/posts\/62736","targetHints":{"allow":["GET"]}}],"collection":[{"href":"https:\/\/eldiariodesanpedro.com.ar\/sitio\/wp-json\/wp\/v2\/posts"}],"about":[{"href":"https:\/\/eldiariodesanpedro.com.ar\/sitio\/wp-json\/wp\/v2\/types\/post"}],"author":[{"embeddable":true,"href":"https:\/\/eldiariodesanpedro.com.ar\/sitio\/wp-json\/wp\/v2\/users\/4"}],"replies":[{"embeddable":true,"href":"https:\/\/eldiariodesanpedro.com.ar\/sitio\/wp-json\/wp\/v2\/comments?post=62736"}],"version-history":[{"count":1,"href":"https:\/\/eldiariodesanpedro.com.ar\/sitio\/wp-json\/wp\/v2\/posts\/62736\/revisions"}],"predecessor-version":[{"id":62738,"href":"https:\/\/eldiariodesanpedro.com.ar\/sitio\/wp-json\/wp\/v2\/posts\/62736\/revisions\/62738"}],"wp:featuredmedia":[{"embeddable":true,"href":"https:\/\/eldiariodesanpedro.com.ar\/sitio\/wp-json\/wp\/v2\/media\/62737"}],"wp:attachment":[{"href":"https:\/\/eldiariodesanpedro.com.ar\/sitio\/wp-json\/wp\/v2\/media?parent=62736"}],"wp:term":[{"taxonomy":"category","embeddable":true,"href":"https:\/\/eldiariodesanpedro.com.ar\/sitio\/wp-json\/wp\/v2\/categories?post=62736"},{"taxonomy":"post_tag","embeddable":true,"href":"https:\/\/eldiariodesanpedro.com.ar\/sitio\/wp-json\/wp\/v2\/tags?post=62736"}],"curies":[{"name":"wp","href":"https:\/\/api.w.org\/{rel}","templated":true}]}}