{"id":62733,"date":"2019-10-25T10:14:00","date_gmt":"2019-10-25T13:14:00","guid":{"rendered":"https:\/\/eldiariodesanpedro.com.ar\/sitio\/?p=62733"},"modified":"2019-10-25T10:14:05","modified_gmt":"2019-10-25T13:14:05","slug":"san-nicolas-desarticulan-una-banda-que-se-dedicaba-a-la-venta-de-autopartes-robadas","status":"publish","type":"post","link":"https:\/\/eldiariodesanpedro.com.ar\/sitio\/san-nicolas-desarticulan-una-banda-que-se-dedicaba-a-la-venta-de-autopartes-robadas\/","title":{"rendered":"SAN NICOL\u00c1S | Desarticulan una banda que se dedicaba a la venta de autopartes robadas"},"content":{"rendered":"<!-- VideographyWP Plugin Message: Automatic video embedding prevented by plugin options. -->\n\n<p>IA ra\u00edz de una investigaci\u00f3n iniciada por la DDI I San Nicol\u00e1s, en los t\u00e9rminos de la Ley 13564 \u201cDesarmadero\u201d, lograron establecer que una organizaci\u00f3n delictiva, integrada por sujetos oriundos de esta ciudad, se habr\u00edan estado dedicando a la compra y venta de autos robados, desarme y adulteraci\u00f3n de la numeraci\u00f3n.<\/p>\n\n\n\n<p>La intensa investigaci\u00f3n, en la que fue un factor determinante el an\u00e1lisis de horas de escuchas telef\u00f3nicas, permiti\u00f3 establecer el \u201cmodus operandi\u201d del accionar delictivo de los investigados, siendo los resultados plasmados en mesa de trabajo a los que se le sumaron las tareas de campo y de vigilancia encubierta.<br>\nAportadas las pruebas reunidas al Juzgado interviniente, el mismo dispuso que se ejecuten cuatro \u00f3rdenes de allanamientos, en esta localidad de San Nicol\u00e1s.<\/p>\n\n\n\n<p><strong>Allanamientos<\/strong><br> Como resultado de los operativos efectuados en domicilios de calle Luisa N\u00fa\u00f1ez, Brown entre Primavera y Cernadas, 12 de Marzo y Piaggio, se logr\u00f3 el secuestro de un autom\u00f3vil, un rev\u00f3lver cal. 32; silenciador, carabina cal. 22, proyectiles de distintos calibres. Tambi\u00e9n los efectivos secuestraron coca\u00edna, balanza de precisi\u00f3n, papelillos y elementos de corte, todos estos elementos que presuponen tambi\u00e9n la comercializaci\u00f3n de estupefacientes.<br> Adem\u00e1s se incautaron celulares; un motor ap\u00f3crifo, autopartes y motopartes correspondientes al desguace. Asimismo se aprehendi\u00f3 a dos sujetos.<br> La presente investigaci\u00f3n se realiz\u00f3 con Fiscal\u00eda Nro. 4 a cargo del Dr. Tempo del Dpto. Judicial San Nicol\u00e1s y las \u00f3rdenes de allanamientos fueron dispuestas por el Juzgado de Garant\u00edas N\u00b0 3 San Nicol\u00e1s a cargo de la Dra. Maiztegui, Secretar\u00eda N\u00b01. Las medidas fueron llevadas adelante por personal de la DDI San Nicol\u00e1s, a cargo del Comisario Mayor H\u00e9ctor Ariel Lividisky Director de esta Dependencia policial, con el apoyo de las Comisar\u00edas Primera y Tercera San Nicol\u00e1s, Grupo GAD San Nicol\u00e1s y CP San Nicol\u00e1s.<br> A los aprehendidos se les iniciaron actuaciones por \u201cventa ilegal de autopartes en los t\u00e9rminos de la ley 13564 \u201cdesarmadero\u201d \u2013 encubrimiento \u2013 infracci\u00f3n art\u00edculo 289 del cp. \u2013 Tenencia de arma de fuego de uso civil \u2013 infracci\u00f3n ley 23737\u201d.<\/p>\n\n\n\n<p>Fuente: Diario El Norte<\/p>\n","protected":false},"excerpt":{"rendered":"<p>IA ra\u00edz de una investigaci\u00f3n iniciada por la DDI I San Nicol\u00e1s, en los t\u00e9rminos de la Ley 13564 \u201cDesarmadero\u201d, lograron establecer que una organizaci\u00f3n delictiva, integrada por sujetos oriundos de esta ciudad, se habr\u00edan estado dedicando a la compra y venta de autos robados, desarme y adulteraci\u00f3n de la numeraci\u00f3n. La intensa investigaci\u00f3n, en [&hellip;]<\/p>\n","protected":false},"author":4,"featured_media":62734,"comment_status":"open","ping_status":"closed","sticky":false,"template":"","format":"standard","meta":{"om_disable_all_campaigns":false,"_jetpack_memberships_contains_paid_content":false,"footnotes":""},"categories":[621],"tags":[],"class_list":["post-62733","post","type-post","status-publish","format-standard","has-post-thumbnail","hentry","category-regionales"],"aioseo_notices":[],"gutentor_comment":0,"jetpack_featured_media_url":"https:\/\/eldiariodesanpedro.com.ar\/sitio\/wp-content\/uploads\/2019\/10\/0-9.jpg","jetpack_shortlink":"https:\/\/wp.me\/p6RhLt-gjP","jetpack_sharing_enabled":true,"_links":{"self":[{"href":"https:\/\/eldiariodesanpedro.com.ar\/sitio\/wp-json\/wp\/v2\/posts\/62733","targetHints":{"allow":["GET"]}}],"collection":[{"href":"https:\/\/eldiariodesanpedro.com.ar\/sitio\/wp-json\/wp\/v2\/posts"}],"about":[{"href":"https:\/\/eldiariodesanpedro.com.ar\/sitio\/wp-json\/wp\/v2\/types\/post"}],"author":[{"embeddable":true,"href":"https:\/\/eldiariodesanpedro.com.ar\/sitio\/wp-json\/wp\/v2\/users\/4"}],"replies":[{"embeddable":true,"href":"https:\/\/eldiariodesanpedro.com.ar\/sitio\/wp-json\/wp\/v2\/comments?post=62733"}],"version-history":[{"count":1,"href":"https:\/\/eldiariodesanpedro.com.ar\/sitio\/wp-json\/wp\/v2\/posts\/62733\/revisions"}],"predecessor-version":[{"id":62735,"href":"https:\/\/eldiariodesanpedro.com.ar\/sitio\/wp-json\/wp\/v2\/posts\/62733\/revisions\/62735"}],"wp:featuredmedia":[{"embeddable":true,"href":"https:\/\/eldiariodesanpedro.com.ar\/sitio\/wp-json\/wp\/v2\/media\/62734"}],"wp:attachment":[{"href":"https:\/\/eldiariodesanpedro.com.ar\/sitio\/wp-json\/wp\/v2\/media?parent=62733"}],"wp:term":[{"taxonomy":"category","embeddable":true,"href":"https:\/\/eldiariodesanpedro.com.ar\/sitio\/wp-json\/wp\/v2\/categories?post=62733"},{"taxonomy":"post_tag","embeddable":true,"href":"https:\/\/eldiariodesanpedro.com.ar\/sitio\/wp-json\/wp\/v2\/tags?post=62733"}],"curies":[{"name":"wp","href":"https:\/\/api.w.org\/{rel}","templated":true}]}}