{"id":62730,"date":"2019-10-25T10:11:43","date_gmt":"2019-10-25T13:11:43","guid":{"rendered":"https:\/\/eldiariodesanpedro.com.ar\/sitio\/?p=62730"},"modified":"2019-10-25T10:11:48","modified_gmt":"2019-10-25T13:11:48","slug":"san-nicolas-fue-inaugurado-el-centro-medico-del-grupo-orono-en-san-nicolas","status":"publish","type":"post","link":"https:\/\/eldiariodesanpedro.com.ar\/sitio\/san-nicolas-fue-inaugurado-el-centro-medico-del-grupo-orono-en-san-nicolas\/","title":{"rendered":"SAN NICOL\u00c1S | Fue inaugurado el Centro M\u00e9dico del Grupo Oro\u00f1o en San Nicol\u00e1s"},"content":{"rendered":"<!-- VideographyWP Plugin Message: Automatic video embedding prevented by plugin options. -->\n\n<p>\n\nEl jueves 24 de octubre a las 18 hs. se realiz\u00f3 la inauguraci\u00f3n del Centro M\u00e9dico del Grupo Oro\u00f1o en San Nicol\u00e1s, ubicado en Garibaldi 725.<\/p>\n\n\n\n<p>El evento cont\u00f3 con la presencia del Presidente del Grupo Oro\u00f1o Dr. Roberto Villavicencio, la Directora Dra. Marisa Vico, el equipo m\u00e9dico y t\u00e9cnico del nuevo Centro M\u00e9dico. Tambi\u00e9n particip\u00f3 el Intendente Ctdor Manuel Passaglia y autoridades relacionadas al \u00e1rea de la salud.<\/p>\n\n\n\n<p>Luego de una recorrida por las instalaciones, los invitados comenzaron a disfrutar del \u00e1gape y luego tuvo lugar la palabra de la Directora del Grupo Oro\u00f1o Dra. Marisa Vico, quien agradeci\u00f3 a todo el equipo de trabajo, \u201cal Intendente Manuel Passaglia y al Dr. Ismael Passaglia que, con el insuperable apoyo y el conocido amor por el crecimiento continuo de la ciudad, no dudaron ni un segundo en brindarnos todas las herramientas para que esto fuera posible\u201d.<\/p>\n\n\n\n<p>Por su parte, el Presidente del Grupo Oro\u00f1o Dr Roberto Villavicencio expres\u00f3 que \u201cHoy dimos el primer paso y a partir de ma\u00f1ana empezaremos con las otras dos etapas que nos faltan para brindarles a todos los nicole\u00f1os la atenci\u00f3n m\u00e9dica que se merecen\u201d.<\/p>\n\n\n\n<p>En tanto, el Intendente Manuel Passaglia expres\u00f3 que \u201cesto es un paso important\u00edsimo en el sistema de salud de San Nicol\u00e1s porque, aumentar la oferta de atenci\u00f3n privada es un complemento fundamental que beneficia tambi\u00e9n a la salud p\u00fablica\u201d.<\/p>\n\n\n\n<p>\u201cEs una oportunidad muy importante tambi\u00e9n para la gran cantidad de profesionales nicole\u00f1os que van a tener la posibilidad de desempe\u00f1arse en una instituci\u00f3n con el prestigio del Grupo Oro\u00f1o\u201d.<\/p>\n\n\n\n<p>\u201cToda mejora en el sistema de salud es una mejora en la calidad de vida de los ciudadanos. Y tambi\u00e9n les deseo mucho \u00e9xito a los profesionales que forman este nuevo equipo de trabajo\u201d, finaliz\u00f3 Manuel.<\/p>\n\n\n\n<p>Finalmente, el Padre Ignacio Peries, de la Parroquia Natividad del Se\u00f1or de Rosario, realiz\u00f3 la bendici\u00f3n correspondiente para la inauguraci\u00f3n de este nuevo espacio para la salud.<\/p>\n\n\n\n<p>El centro m\u00e9dico ofrece un amplio men\u00fa de especialidades en consultas ambulatorias y pr\u00e1cticas m\u00e9dicas sumado a un departamento de diagn\u00f3stico por im\u00e1genes que incluye radiolog\u00eda, ecograf\u00eda, mamograf\u00eda y densitometr\u00eda, adem\u00e1s del laboratorio bioqu\u00edmico.<\/p>\n\n\n\n<p>El desarrollo completo del proyecto se extiende a tres etapas; la primera, recientemente inaugurada, consta de un centro m\u00e9dico con una capacidad y calidad de atenci\u00f3n \u00fanicas en la ciudad, con m\u00e1s de 130 profesionales especializados y la calidad de atenci\u00f3n que jerarquiza a Grupo Oro\u00f1o.<\/p>\n\n\n\n<p>En una segunda etapa, se incorporar\u00e1 al Departamento de Diagn\u00f3stico por Im\u00e1genes, equipamiento con tecnolog\u00eda de punta de Alta Complejidad permitiendo realizar tomograf\u00edas, resonancias e Im\u00e1genes Odontol\u00f3gicas y todas las pr\u00e1cticas necesarias para que los m\u00e9dicos puedan tener un diagn\u00f3stico lo m\u00e1s preciso y r\u00e1pido posible.<\/p>\n\n\n\n<p>Por \u00faltimo, la tercera ser\u00e1 la construcci\u00f3n de un sanatorio polivalente con quir\u00f3fanos, sala de terapia Intensiva, neonatolog\u00eda, internaci\u00f3n, maternidad, centros de Urgencias y Emergencias para Adultos y Pedi\u00e1tricos y hasta un helipuerto para traslados a\u00e9reos.<\/p>\n\n\n\n<p>El Centro M\u00e9dico GO San Nicol\u00e1s ya se encuentra abierto al p\u00fablico y este jueves qued\u00f3 formalmente inaugurado. <\/p>\n\n\n\n<p>Fuente: Diario El Informante<\/p>\n","protected":false},"excerpt":{"rendered":"<p>El jueves 24 de octubre a las 18 hs. se realiz\u00f3 la inauguraci\u00f3n del Centro M\u00e9dico del Grupo Oro\u00f1o en San Nicol\u00e1s, ubicado en Garibaldi 725. El evento cont\u00f3 con la presencia del Presidente del Grupo Oro\u00f1o Dr. Roberto Villavicencio, la Directora Dra. Marisa Vico, el equipo m\u00e9dico y t\u00e9cnico del nuevo Centro M\u00e9dico. Tambi\u00e9n [&hellip;]<\/p>\n","protected":false},"author":4,"featured_media":62731,"comment_status":"open","ping_status":"closed","sticky":false,"template":"","format":"standard","meta":{"om_disable_all_campaigns":false,"_jetpack_memberships_contains_paid_content":false,"footnotes":""},"categories":[621],"tags":[],"class_list":["post-62730","post","type-post","status-publish","format-standard","has-post-thumbnail","hentry","category-regionales"],"aioseo_notices":[],"gutentor_comment":0,"jetpack_featured_media_url":"https:\/\/eldiariodesanpedro.com.ar\/sitio\/wp-content\/uploads\/2019\/10\/no_9cq5j9jt8t14tqgupraveny_IMG_20191024_210417.jpg","jetpack_shortlink":"https:\/\/wp.me\/p6RhLt-gjM","jetpack_sharing_enabled":true,"_links":{"self":[{"href":"https:\/\/eldiariodesanpedro.com.ar\/sitio\/wp-json\/wp\/v2\/posts\/62730","targetHints":{"allow":["GET"]}}],"collection":[{"href":"https:\/\/eldiariodesanpedro.com.ar\/sitio\/wp-json\/wp\/v2\/posts"}],"about":[{"href":"https:\/\/eldiariodesanpedro.com.ar\/sitio\/wp-json\/wp\/v2\/types\/post"}],"author":[{"embeddable":true,"href":"https:\/\/eldiariodesanpedro.com.ar\/sitio\/wp-json\/wp\/v2\/users\/4"}],"replies":[{"embeddable":true,"href":"https:\/\/eldiariodesanpedro.com.ar\/sitio\/wp-json\/wp\/v2\/comments?post=62730"}],"version-history":[{"count":1,"href":"https:\/\/eldiariodesanpedro.com.ar\/sitio\/wp-json\/wp\/v2\/posts\/62730\/revisions"}],"predecessor-version":[{"id":62732,"href":"https:\/\/eldiariodesanpedro.com.ar\/sitio\/wp-json\/wp\/v2\/posts\/62730\/revisions\/62732"}],"wp:featuredmedia":[{"embeddable":true,"href":"https:\/\/eldiariodesanpedro.com.ar\/sitio\/wp-json\/wp\/v2\/media\/62731"}],"wp:attachment":[{"href":"https:\/\/eldiariodesanpedro.com.ar\/sitio\/wp-json\/wp\/v2\/media?parent=62730"}],"wp:term":[{"taxonomy":"category","embeddable":true,"href":"https:\/\/eldiariodesanpedro.com.ar\/sitio\/wp-json\/wp\/v2\/categories?post=62730"},{"taxonomy":"post_tag","embeddable":true,"href":"https:\/\/eldiariodesanpedro.com.ar\/sitio\/wp-json\/wp\/v2\/tags?post=62730"}],"curies":[{"name":"wp","href":"https:\/\/api.w.org\/{rel}","templated":true}]}}