{"id":62720,"date":"2019-10-25T10:06:49","date_gmt":"2019-10-25T13:06:49","guid":{"rendered":"https:\/\/eldiariodesanpedro.com.ar\/sitio\/?p=62720"},"modified":"2019-10-25T16:52:12","modified_gmt":"2019-10-25T19:52:12","slug":"gendarmeria-abrio-las-inscripciones-para-oficiales-profesionales","status":"publish","type":"post","link":"https:\/\/eldiariodesanpedro.com.ar\/sitio\/gendarmeria-abrio-las-inscripciones-para-oficiales-profesionales\/","title":{"rendered":"Gendarmer\u00eda abri\u00f3 las inscripciones para oficiales profesionales"},"content":{"rendered":"<!-- VideographyWP Plugin Message: Automatic video embedding prevented by plugin options. -->\n\n<p>Gendarmer\u00eda Nacional Argentina abri\u00f3 la convocatoria para el ingreso de personal de oficiales profesionales por concurso de admisi\u00f3n \u201cen comisi\u00f3n\u201d de ciudadanos ambos sexos.<\/p>\n\n\n\n<p><strong>REQUISITOS<\/strong><br>Ser argentino nativo o por opci\u00f3n.<br>Aprobar el examen psicof\u00edsico.<br>Tener hasta 25 a\u00f1os de edad al 31 de diciembre de 2019.<br>Poseer una estatura: estatura m\u00e1xima personal masculino 1,95 \/ estatura m\u00ednima 1,67.<br>Estatura m\u00e1xima personal femenino 1,85 \/ estatura m\u00ednima 1,61.<br><br>Condiciones particulares de ingreso:<br>Poseer t\u00edtulo habilitante en alg\u00fan arte, oficio o profesi\u00f3n, de la especialidad requerida conforme las vacantes a cubrir.<br>Los t\u00edtulos a presentar deben estar debidamente legalizados, por el ministerio de educaci\u00f3n de la naci\u00f3n.<br>Los t\u00edtulos expedidos en el extranjero, ser\u00e1n aceptados siempre que se encuentren debidamente validados y reconocidos por las legislaciones nacionales argentinas y habilitados para el ejercicio de la profesi\u00f3n.<\/p>\n\n\n\n<p><strong>Poseer matricula profesional.<\/strong><br>Certificados y otros t\u00edtulos obtenidos en la especialidad, al momento del concurso.<br>Entregar la documentaci\u00f3n que fuera requerida por el departamento incorporaciones.<br>Certificado de antecedentes penales del registro nacional de reincidencia.<br>Certificado de antecedentes policiales provincial (expedido por la polic\u00eda de la provincia correspondiente).<br>Aprobar con un m\u00ednimo de cuarenta (40) puntos los ex\u00e1menes te\u00f3ricos pr\u00e1cticos que forman parte del concurso.<br>Se determina la obligatoriedad de la aprobaci\u00f3n de los ex\u00e1menes psicof\u00edsicos que determine la reglamentaci\u00f3n y la entrega de documentaci\u00f3n que fuera requerida por el elemento de incorporaci\u00f3n.<br>Para mayor informaci\u00f3n concurrir al \u00e1rea incorporaciones de la Agrupaci\u00f3n XVII \u201cSantiago del Estero\u201d (Av. Roca y Chacabuco s\/nro \u2013 ciudad Capital). Tel\u00e9fono 0385- 4227608.<\/p>\n\n\n\n<p><strong>Horarios de atenci\u00f3n: de lunes a viernes: 8.30 a 12.<\/strong><br><strong>P\u00e1gina web: www.prensagendarmeria.gob.ar<\/strong><\/p>\n","protected":false},"excerpt":{"rendered":"<p>Gendarmer\u00eda Nacional Argentina abri\u00f3 la convocatoria para el ingreso de personal de oficiales profesionales por concurso de admisi\u00f3n \u201cen comisi\u00f3n\u201d de ciudadanos ambos sexos. REQUISITOSSer argentino nativo o por opci\u00f3n.Aprobar el examen psicof\u00edsico.Tener hasta 25 a\u00f1os de edad al 31 de diciembre de 2019.Poseer una estatura: estatura m\u00e1xima personal masculino 1,95 \/ estatura m\u00ednima 1,67.Estatura [&hellip;]<\/p>\n","protected":false},"author":4,"featured_media":62722,"comment_status":"open","ping_status":"closed","sticky":false,"template":"","format":"standard","meta":{"om_disable_all_campaigns":false,"_jetpack_memberships_contains_paid_content":false,"footnotes":""},"categories":[621],"tags":[],"class_list":["post-62720","post","type-post","status-publish","format-standard","has-post-thumbnail","hentry","category-regionales"],"aioseo_notices":[],"gutentor_comment":0,"jetpack_featured_media_url":"https:\/\/eldiariodesanpedro.com.ar\/sitio\/wp-content\/uploads\/2019\/10\/gendarmer\u00eda-nacional.jpg","jetpack_shortlink":"https:\/\/wp.me\/p6RhLt-gjC","jetpack_sharing_enabled":true,"_links":{"self":[{"href":"https:\/\/eldiariodesanpedro.com.ar\/sitio\/wp-json\/wp\/v2\/posts\/62720","targetHints":{"allow":["GET"]}}],"collection":[{"href":"https:\/\/eldiariodesanpedro.com.ar\/sitio\/wp-json\/wp\/v2\/posts"}],"about":[{"href":"https:\/\/eldiariodesanpedro.com.ar\/sitio\/wp-json\/wp\/v2\/types\/post"}],"author":[{"embeddable":true,"href":"https:\/\/eldiariodesanpedro.com.ar\/sitio\/wp-json\/wp\/v2\/users\/4"}],"replies":[{"embeddable":true,"href":"https:\/\/eldiariodesanpedro.com.ar\/sitio\/wp-json\/wp\/v2\/comments?post=62720"}],"version-history":[{"count":2,"href":"https:\/\/eldiariodesanpedro.com.ar\/sitio\/wp-json\/wp\/v2\/posts\/62720\/revisions"}],"predecessor-version":[{"id":62757,"href":"https:\/\/eldiariodesanpedro.com.ar\/sitio\/wp-json\/wp\/v2\/posts\/62720\/revisions\/62757"}],"wp:featuredmedia":[{"embeddable":true,"href":"https:\/\/eldiariodesanpedro.com.ar\/sitio\/wp-json\/wp\/v2\/media\/62722"}],"wp:attachment":[{"href":"https:\/\/eldiariodesanpedro.com.ar\/sitio\/wp-json\/wp\/v2\/media?parent=62720"}],"wp:term":[{"taxonomy":"category","embeddable":true,"href":"https:\/\/eldiariodesanpedro.com.ar\/sitio\/wp-json\/wp\/v2\/categories?post=62720"},{"taxonomy":"post_tag","embeddable":true,"href":"https:\/\/eldiariodesanpedro.com.ar\/sitio\/wp-json\/wp\/v2\/tags?post=62720"}],"curies":[{"name":"wp","href":"https:\/\/api.w.org\/{rel}","templated":true}]}}