{"id":62717,"date":"2019-10-25T10:04:46","date_gmt":"2019-10-25T13:04:46","guid":{"rendered":"https:\/\/eldiariodesanpedro.com.ar\/sitio\/?p=62717"},"modified":"2019-10-25T10:04:48","modified_gmt":"2019-10-25T13:04:48","slug":"una-nina-fue-agredida-por-otra-en-un-colegio","status":"publish","type":"post","link":"https:\/\/eldiariodesanpedro.com.ar\/sitio\/una-nina-fue-agredida-por-otra-en-un-colegio\/","title":{"rendered":"Una ni\u00f1a fue agredida por otra en un colegio"},"content":{"rendered":"<!-- VideographyWP Plugin Message: Automatic video embedding prevented by plugin options. -->\n\n<p>El hecho fue denunciado por una mujer de 31 a\u00f1os de edad, contando que su hija de 12 fue victima de una agresi\u00f3n f\u00edsica de otra compa\u00f1era en el colegio que asisten.<\/p>\n\n\n\n<p>Sucedi\u00f3 este jueves, las dos menores concurren al mismo establecimiento cuando por causas que se tratan de establecer, una de ellas agrede f\u00edsicamente a la otra.<\/p>\n\n\n\n<p>Interviene la fiscalia de menores de San Nicolas.<\/p>\n","protected":false},"excerpt":{"rendered":"<p>El hecho fue denunciado por una mujer de 31 a\u00f1os de edad, contando que su hija de 12 fue victima de una agresi\u00f3n f\u00edsica de otra compa\u00f1era en el colegio que asisten. Sucedi\u00f3 este jueves, las dos menores concurren al mismo establecimiento cuando por causas que se tratan de establecer, una de ellas agrede f\u00edsicamente [&hellip;]<\/p>\n","protected":false},"author":4,"featured_media":54582,"comment_status":"open","ping_status":"closed","sticky":false,"template":"","format":"standard","meta":{"om_disable_all_campaigns":false,"_jetpack_memberships_contains_paid_content":false,"footnotes":""},"categories":[2,103],"tags":[],"class_list":["post-62717","post","type-post","status-publish","format-standard","has-post-thumbnail","hentry","category-locales","category-policiales-locales"],"aioseo_notices":[],"gutentor_comment":0,"jetpack_featured_media_url":"https:\/\/eldiariodesanpedro.com.ar\/sitio\/wp-content\/uploads\/2019\/06\/NUEVOS-PATRULLEROS-POLICIA-02-4-6.jpg","jetpack_shortlink":"https:\/\/wp.me\/p6RhLt-gjz","jetpack_sharing_enabled":true,"_links":{"self":[{"href":"https:\/\/eldiariodesanpedro.com.ar\/sitio\/wp-json\/wp\/v2\/posts\/62717","targetHints":{"allow":["GET"]}}],"collection":[{"href":"https:\/\/eldiariodesanpedro.com.ar\/sitio\/wp-json\/wp\/v2\/posts"}],"about":[{"href":"https:\/\/eldiariodesanpedro.com.ar\/sitio\/wp-json\/wp\/v2\/types\/post"}],"author":[{"embeddable":true,"href":"https:\/\/eldiariodesanpedro.com.ar\/sitio\/wp-json\/wp\/v2\/users\/4"}],"replies":[{"embeddable":true,"href":"https:\/\/eldiariodesanpedro.com.ar\/sitio\/wp-json\/wp\/v2\/comments?post=62717"}],"version-history":[{"count":1,"href":"https:\/\/eldiariodesanpedro.com.ar\/sitio\/wp-json\/wp\/v2\/posts\/62717\/revisions"}],"predecessor-version":[{"id":62721,"href":"https:\/\/eldiariodesanpedro.com.ar\/sitio\/wp-json\/wp\/v2\/posts\/62717\/revisions\/62721"}],"wp:featuredmedia":[{"embeddable":true,"href":"https:\/\/eldiariodesanpedro.com.ar\/sitio\/wp-json\/wp\/v2\/media\/54582"}],"wp:attachment":[{"href":"https:\/\/eldiariodesanpedro.com.ar\/sitio\/wp-json\/wp\/v2\/media?parent=62717"}],"wp:term":[{"taxonomy":"category","embeddable":true,"href":"https:\/\/eldiariodesanpedro.com.ar\/sitio\/wp-json\/wp\/v2\/categories?post=62717"},{"taxonomy":"post_tag","embeddable":true,"href":"https:\/\/eldiariodesanpedro.com.ar\/sitio\/wp-json\/wp\/v2\/tags?post=62717"}],"curies":[{"name":"wp","href":"https:\/\/api.w.org\/{rel}","templated":true}]}}