{"id":62716,"date":"2019-10-25T10:04:27","date_gmt":"2019-10-25T13:04:27","guid":{"rendered":"https:\/\/eldiariodesanpedro.com.ar\/sitio\/?p=62716"},"modified":"2019-10-25T10:04:31","modified_gmt":"2019-10-25T13:04:31","slug":"campana-preocupacion-por-la-integridad-estructural-de-la-escuela-de-arte","status":"publish","type":"post","link":"https:\/\/eldiariodesanpedro.com.ar\/sitio\/campana-preocupacion-por-la-integridad-estructural-de-la-escuela-de-arte\/","title":{"rendered":"CAMPANA | Preocupaci\u00f3n por la integridad estructural de la Escuela de Arte"},"content":{"rendered":"<!-- VideographyWP Plugin Message: Automatic video embedding prevented by plugin options. -->\n\n<p> Vecinos llamaron la atenci\u00f3n a una de las paredes del edificio, que ante el car\u00e1cter de su construcci\u00f3n, y los materiales inflamables que la componen, podr\u00eda ser causante de una tragedia. Se trata del sector ubicado en Arenales y Bertolini.<\/p>\n\n\n\n<p>\n\nHaciendo uso de la Banca Abierta y Participativa del Ciudadano en la \u00faltima sesi\u00f3n del Honorable Concejo Deliberante, el Licenciado Hugo Boetti tom\u00f3 la palabra para advertir a la comunidad la precaria situaci\u00f3n en la que se encuentra el edificio que alberga a la Escuela de Arte \u201cRicardo Carpani\u201d, particularmente la pared ubicada sobre Arenales y Bertolini, que compone el exterior del SUM (Sal\u00f3n de Usos M\u00faltiples) de la instituci\u00f3n.<\/p>\n\n\n\n<p>La pared en cuesti\u00f3n da a un terreno bald\u00edo, y dadas las caracter\u00edsticas de su construcci\u00f3n, se encuentra en una situaci\u00f3n que podr\u00eda implicar un peligro. Al tratarse de una construcci\u00f3n en seco, puede evidenciarse ya un sector de alrededor de un metro cuadrado que ha perdido su mamposter\u00eda, dejando a la vista los materiales que la componen, como telgopor de alta densidad, pl\u00e1stico, y un panel de madera reconstruida. Esto implica que una simple patada por parte de un v\u00e1ndalo ser\u00eda suficiente para comprometer su integridad de forma severa, o romperla directamente. A su vez, esto materiales son altamente inflamables, por lo que Boetti remarc\u00f3 el peligro del potencial siniestro que se podr\u00eda producir, tanto para la gente presente en la escuela, como para el ocasional transe\u00fante.<\/p>\n\n\n\n<p>A esto se agrega que la pared no fue dise\u00f1ada para funcionar como medianera, sino que fue construida desde su inicio como medida provisional, a la espera de una ampliaci\u00f3n que se hab\u00eda planteado para el edificio desde el momento que se presentaron los planes originales.<\/p>\n\n\n\n<p>Por esta raz\u00f3n, el reclamo de Boetti consiste fundamentalmente en construir una pared de ladrillos que pueda funcionar como sost\u00e9n para aquel metro cuadrado claramente da\u00f1ado, al menos hasta que se pueda finalmente llevar a cabo aquella expansi\u00f3n edilicia originalmente planificada.<\/p>\n\n\n\n<p>El Licenciado se encarg\u00f3 por \u00faltimo de destacar, en su exposici\u00f3n en la Banca ante los Concejales, que \u00e9ste se trata de un reclamo realizado al Consejo Escolar que data de mediados de 2017, que a\u00fan se encuentra sin respuesta, y menos a\u00fan una posible soluci\u00f3n.\n\n<\/p>\n","protected":false},"excerpt":{"rendered":"<p>Vecinos llamaron la atenci\u00f3n a una de las paredes del edificio, que ante el car\u00e1cter de su construcci\u00f3n, y los materiales inflamables que la componen, podr\u00eda ser causante de una tragedia. Se trata del sector ubicado en Arenales y Bertolini. Haciendo uso de la Banca Abierta y Participativa del Ciudadano en la \u00faltima sesi\u00f3n del [&hellip;]<\/p>\n","protected":false},"author":4,"featured_media":62718,"comment_status":"open","ping_status":"closed","sticky":false,"template":"","format":"standard","meta":{"om_disable_all_campaigns":false,"_jetpack_memberships_contains_paid_content":false,"footnotes":""},"categories":[621],"tags":[],"class_list":["post-62716","post","type-post","status-publish","format-standard","has-post-thumbnail","hentry","category-regionales"],"aioseo_notices":[],"gutentor_comment":0,"jetpack_featured_media_url":"https:\/\/eldiariodesanpedro.com.ar\/sitio\/wp-content\/uploads\/2019\/10\/20191024033935.jpg","jetpack_shortlink":"https:\/\/wp.me\/p6RhLt-gjy","jetpack_sharing_enabled":true,"_links":{"self":[{"href":"https:\/\/eldiariodesanpedro.com.ar\/sitio\/wp-json\/wp\/v2\/posts\/62716","targetHints":{"allow":["GET"]}}],"collection":[{"href":"https:\/\/eldiariodesanpedro.com.ar\/sitio\/wp-json\/wp\/v2\/posts"}],"about":[{"href":"https:\/\/eldiariodesanpedro.com.ar\/sitio\/wp-json\/wp\/v2\/types\/post"}],"author":[{"embeddable":true,"href":"https:\/\/eldiariodesanpedro.com.ar\/sitio\/wp-json\/wp\/v2\/users\/4"}],"replies":[{"embeddable":true,"href":"https:\/\/eldiariodesanpedro.com.ar\/sitio\/wp-json\/wp\/v2\/comments?post=62716"}],"version-history":[{"count":1,"href":"https:\/\/eldiariodesanpedro.com.ar\/sitio\/wp-json\/wp\/v2\/posts\/62716\/revisions"}],"predecessor-version":[{"id":62719,"href":"https:\/\/eldiariodesanpedro.com.ar\/sitio\/wp-json\/wp\/v2\/posts\/62716\/revisions\/62719"}],"wp:featuredmedia":[{"embeddable":true,"href":"https:\/\/eldiariodesanpedro.com.ar\/sitio\/wp-json\/wp\/v2\/media\/62718"}],"wp:attachment":[{"href":"https:\/\/eldiariodesanpedro.com.ar\/sitio\/wp-json\/wp\/v2\/media?parent=62716"}],"wp:term":[{"taxonomy":"category","embeddable":true,"href":"https:\/\/eldiariodesanpedro.com.ar\/sitio\/wp-json\/wp\/v2\/categories?post=62716"},{"taxonomy":"post_tag","embeddable":true,"href":"https:\/\/eldiariodesanpedro.com.ar\/sitio\/wp-json\/wp\/v2\/tags?post=62716"}],"curies":[{"name":"wp","href":"https:\/\/api.w.org\/{rel}","templated":true}]}}