{"id":62712,"date":"2019-10-25T09:48:04","date_gmt":"2019-10-25T12:48:04","guid":{"rendered":"https:\/\/eldiariodesanpedro.com.ar\/sitio\/?p=62712"},"modified":"2019-10-25T09:48:09","modified_gmt":"2019-10-25T12:48:09","slug":"delincuentes-le-pegaron-a-dos-menores-y-le-robaron-sus-bicicletas","status":"publish","type":"post","link":"https:\/\/eldiariodesanpedro.com.ar\/sitio\/delincuentes-le-pegaron-a-dos-menores-y-le-robaron-sus-bicicletas\/","title":{"rendered":"Delincuentes le pegaron a dos menores y le robaron sus bicicletas"},"content":{"rendered":"<!-- VideographyWP Plugin Message: Automatic video embedding prevented by plugin options. -->\n\n<p>El hecho sucedi\u00f3 por la tarde de este jueves, dos menores se encontraban en la zona de atr\u00e1s del paseo costanero cuando fueron sorprendidos por dos malvivientes, quienes los agredieron f\u00edsicamente y le sustrajeron sus bicicletas. Uno de los ni\u00f1os fue trasladado por la ambulancia del SAME con lesiones de car\u00e1cter leve.<\/p>\n\n\n\n<p>El violento episodio fue denunciado por la mam\u00e1 de unos de los ni\u00f1os, de 13 a\u00f1os de edad, contando que las agresiones fueron f\u00edsicas para los dos, que los malvivientes los sorprendieron y ademas, bajo amenaza de muerte le llevaron sus bicicletas con las que circulaban.<\/p>\n\n\n\n<p>El ni\u00f1o que fue trasladado por la ambulancia del SAME al nosocomio local tenia heridas leves a causa de la agresi\u00f3n f\u00edsica pero ademas se encontraba en estado de shock en cuanto al impacto emocional provocado por el hecho, seg\u00fan contaron testigos a este medio. <\/p>\n\n\n\n<p>La inseguridad ya no tiene horario.  La modalidad de los robos son m\u00faltiples, pero hace tiempo que en San Pedro vienen acompa\u00f1ada tambi\u00e9n de agresiones y golpes.  Se puede ver a diario en nuestra ciudad como crecen los hechos delictivos, con una \u00abmodalidad de arrebato\u00bb que seria la mas caracter\u00edstica , principalmente se trata de j\u00f3venes que act\u00faan de esa manera, eligiendo como v\u00edctimas a las personas m\u00e1s vulnerables, esto es mujeres, ancianas y adolescentes, a quienes muchas veces han lastimado cuando al cincharles la cartera, mochila,  los terminan tirando al suelo y en consecuencia, lastimando. <\/p>\n\n\n\n<p>Ademas, los agresores no solo incluyen agresiones f\u00edsicas, sino que tambi\u00e9n incluyen agresiones de tipo psicol\u00f3gico en la victima, como amenazas de muerte.<\/p>\n","protected":false},"excerpt":{"rendered":"<p>El hecho sucedi\u00f3 por la tarde de este jueves, dos menores se encontraban en la zona de atr\u00e1s del paseo costanero cuando fueron sorprendidos por dos malvivientes, quienes los agredieron f\u00edsicamente y le sustrajeron sus bicicletas. Uno de los ni\u00f1os fue trasladado por la ambulancia del SAME con lesiones de car\u00e1cter leve. El violento episodio [&hellip;]<\/p>\n","protected":false},"author":4,"featured_media":62714,"comment_status":"open","ping_status":"closed","sticky":false,"template":"","format":"standard","meta":{"om_disable_all_campaigns":false,"_jetpack_memberships_contains_paid_content":false,"footnotes":""},"categories":[50,2,103],"tags":[],"class_list":["post-62712","post","type-post","status-publish","format-standard","has-post-thumbnail","hentry","category-destacadas","category-locales","category-policiales-locales"],"aioseo_notices":[],"gutentor_comment":0,"jetpack_featured_media_url":"https:\/\/eldiariodesanpedro.com.ar\/sitio\/wp-content\/uploads\/2019\/10\/paseopublico39.jpg","jetpack_shortlink":"https:\/\/wp.me\/p6RhLt-gju","jetpack_sharing_enabled":true,"_links":{"self":[{"href":"https:\/\/eldiariodesanpedro.com.ar\/sitio\/wp-json\/wp\/v2\/posts\/62712","targetHints":{"allow":["GET"]}}],"collection":[{"href":"https:\/\/eldiariodesanpedro.com.ar\/sitio\/wp-json\/wp\/v2\/posts"}],"about":[{"href":"https:\/\/eldiariodesanpedro.com.ar\/sitio\/wp-json\/wp\/v2\/types\/post"}],"author":[{"embeddable":true,"href":"https:\/\/eldiariodesanpedro.com.ar\/sitio\/wp-json\/wp\/v2\/users\/4"}],"replies":[{"embeddable":true,"href":"https:\/\/eldiariodesanpedro.com.ar\/sitio\/wp-json\/wp\/v2\/comments?post=62712"}],"version-history":[{"count":1,"href":"https:\/\/eldiariodesanpedro.com.ar\/sitio\/wp-json\/wp\/v2\/posts\/62712\/revisions"}],"predecessor-version":[{"id":62715,"href":"https:\/\/eldiariodesanpedro.com.ar\/sitio\/wp-json\/wp\/v2\/posts\/62712\/revisions\/62715"}],"wp:featuredmedia":[{"embeddable":true,"href":"https:\/\/eldiariodesanpedro.com.ar\/sitio\/wp-json\/wp\/v2\/media\/62714"}],"wp:attachment":[{"href":"https:\/\/eldiariodesanpedro.com.ar\/sitio\/wp-json\/wp\/v2\/media?parent=62712"}],"wp:term":[{"taxonomy":"category","embeddable":true,"href":"https:\/\/eldiariodesanpedro.com.ar\/sitio\/wp-json\/wp\/v2\/categories?post=62712"},{"taxonomy":"post_tag","embeddable":true,"href":"https:\/\/eldiariodesanpedro.com.ar\/sitio\/wp-json\/wp\/v2\/tags?post=62712"}],"curies":[{"name":"wp","href":"https:\/\/api.w.org\/{rel}","templated":true}]}}