{"id":62705,"date":"2019-10-25T08:51:20","date_gmt":"2019-10-25T11:51:20","guid":{"rendered":"https:\/\/eldiariodesanpedro.com.ar\/sitio\/?p=62705"},"modified":"2019-10-25T08:51:24","modified_gmt":"2019-10-25T11:51:24","slug":"mas-de-100-ejemplares-harley-davidson-transitaran-hasta-san-pedro-en-la-sexta-travesia-oficial-del-2019","status":"publish","type":"post","link":"https:\/\/eldiariodesanpedro.com.ar\/sitio\/mas-de-100-ejemplares-harley-davidson-transitaran-hasta-san-pedro-en-la-sexta-travesia-oficial-del-2019\/","title":{"rendered":"M\u00e1s de 100 ejemplares Harley-Davidson\u00ae transitar\u00e1n hasta San Pedro en la sexta traves\u00eda oficial del 2019"},"content":{"rendered":"<!-- VideographyWP Plugin Message: Automatic video embedding prevented by plugin options. -->\n\n<p><em>\u00a0<\/em>El pr\u00f3ximo s\u00e1bado 26 de octubre Harley-Davidson\u00ae Buenos Aires llevar\u00e1 a cabo, junto con usuarios de la marca, una traves\u00eda oficial desde su local ubicado en la localidad de Mart\u00ednez hasta la ciudad de San Pedro, provincia de Buenos Aires, del que participar\u00e1n unas 100 motocicletas y aproximadamente 140 personas.<\/p>\n\n\n\n<p>El inicio del viaje ser\u00e1 a las 11 horas desde la sede en Av. Dardo Rocha 1654, Mart\u00ednez, para luego tomar la Panamericana y as\u00ed llegar a Ruta 9 las cuales se volver\u00e1n a poblar con pintorescos e hist\u00f3ricos modelos Harley-Davidson\u00ae que arribar\u00e1n aproximadamente a las 13 horas a San Pedro.<\/p>\n\n\n\n<p>Los diversos ejemplares de motos estar\u00e1n expuestos en el Howard Johnson Hotel &amp; Marinas Resort San Pedro, situado a orillas del r\u00edo Paran\u00e1, para el disfrute de todas las personas del lugar, turistas y de ciudades aleda\u00f1as.\u00a0Las m\u00e1s de100\u00a0Harley-Davidson\u00ae se ir\u00e1n despidiendo de la ciudad a las 16 horas de forma grupal.<\/p>\n\n\n\n<p>En este 2019 ya se realizaron distintas traves\u00edas oficiales que tuvieron como destinos las ciudades bonaerenses de Mercedes, Azcu\u00e9naga, Ramallo, La Plata, y Cortinez.<\/p>\n\n\n\n<p>Este tipo de paseos son organizadas por\u00a0Harley-Davidson\u00ae\u00a0Buenos Aires\u00a0en forma exclusiva para usuarios de la marca y miembros\u00a0H.O.G\u00ae (Harley Owners Group). Adem\u00e1s de estas traves\u00edas mensuales,\u00a0Harley-Davidson\u00ae\u00a0Buenos Aires\u00a0invita\u00a0todos los s\u00e1bados a los usuarios a reunirse junto a sus motocicletas en la casa matriz de la marca en Zona Norte, donde comparten experiencias y conocimiento sobre sus motos.<\/p>\n\n\n\n<ul class=\"wp-block-gallery columns-3 is-cropped wp-block-gallery-1 is-layout-flex wp-block-gallery-is-layout-flex\"><li class=\"blocks-gallery-item\"><figure><img decoding=\"async\" width=\"4288\" height=\"2848\" data-attachment-id=\"62706\" data-permalink=\"https:\/\/eldiariodesanpedro.com.ar\/sitio\/mas-de-100-ejemplares-harley-davidson-transitaran-hasta-san-pedro-en-la-sexta-travesia-oficial-del-2019\/harley-davidson-archivo-1\/\" data-orig-file=\"https:\/\/eldiariodesanpedro.com.ar\/sitio\/wp-content\/uploads\/2019\/10\/Harley-Davidson-archivo-1.jpg\" data-orig-size=\"4288,2848\" data-comments-opened=\"1\" data-image-meta=\"{&quot;aperture&quot;:&quot;3.5&quot;,&quot;credit&quot;:&quot;&quot;,&quot;camera&quot;:&quot;NIKON D5000&quot;,&quot;caption&quot;:&quot;&quot;,&quot;created_timestamp&quot;:&quot;1519468275&quot;,&quot;copyright&quot;:&quot;&quot;,&quot;focal_length&quot;:&quot;18&quot;,&quot;iso&quot;:&quot;800&quot;,&quot;shutter_speed&quot;:&quot;0.000625&quot;,&quot;title&quot;:&quot;&quot;,&quot;orientation&quot;:&quot;1&quot;}\" data-image-title=\"Harley-Davidson-archivo-1\" data-image-description=\"\" data-image-caption=\"\" data-large-file=\"https:\/\/eldiariodesanpedro.com.ar\/sitio\/wp-content\/uploads\/2019\/10\/Harley-Davidson-archivo-1-1024x680.jpg\" data-src=\"https:\/\/i0.wp.com\/eldiariodesanpedro.com.ar\/sitio\/wp-content\/uploads\/2019\/10\/Harley-Davidson-archivo-1.jpg?fit=660%2C438\" alt=\"\" data-id=\"62706\" data-link=\"https:\/\/eldiariodesanpedro.com.ar\/sitio\/?attachment_id=62706\" class=\"wp-image-62706 lazyload\" data-srcset=\"https:\/\/eldiariodesanpedro.com.ar\/sitio\/wp-content\/uploads\/2019\/10\/Harley-Davidson-archivo-1.jpg 4288w, https:\/\/eldiariodesanpedro.com.ar\/sitio\/wp-content\/uploads\/2019\/10\/Harley-Davidson-archivo-1-300x199.jpg 300w, https:\/\/eldiariodesanpedro.com.ar\/sitio\/wp-content\/uploads\/2019\/10\/Harley-Davidson-archivo-1-768x510.jpg 768w, https:\/\/eldiariodesanpedro.com.ar\/sitio\/wp-content\/uploads\/2019\/10\/Harley-Davidson-archivo-1-1024x680.jpg 1024w\" data-sizes=\"(max-width: 4288px) 100vw, 4288px\" src=\"data:image\/svg+xml;base64,PHN2ZyB3aWR0aD0iMSIgaGVpZ2h0PSIxIiB4bWxucz0iaHR0cDovL3d3dy53My5vcmcvMjAwMC9zdmciPjwvc3ZnPg==\" style=\"--smush-placeholder-width: 4288px; --smush-placeholder-aspect-ratio: 4288\/2848;\" \/><\/figure><\/li><li class=\"blocks-gallery-item\"><figure><img decoding=\"async\" width=\"720\" height=\"693\" data-attachment-id=\"62707\" data-permalink=\"https:\/\/eldiariodesanpedro.com.ar\/sitio\/mas-de-100-ejemplares-harley-davidson-transitaran-hasta-san-pedro-en-la-sexta-travesia-oficial-del-2019\/harley-davidson-archivo-4\/\" data-orig-file=\"https:\/\/eldiariodesanpedro.com.ar\/sitio\/wp-content\/uploads\/2019\/10\/Harley-Davidson-archivo-4.jpg\" data-orig-size=\"720,693\" data-comments-opened=\"1\" data-image-meta=\"{&quot;aperture&quot;:&quot;0&quot;,&quot;credit&quot;:&quot;&quot;,&quot;camera&quot;:&quot;&quot;,&quot;caption&quot;:&quot;&quot;,&quot;created_timestamp&quot;:&quot;1511606776&quot;,&quot;copyright&quot;:&quot;&quot;,&quot;focal_length&quot;:&quot;0&quot;,&quot;iso&quot;:&quot;0&quot;,&quot;shutter_speed&quot;:&quot;0&quot;,&quot;title&quot;:&quot;&quot;,&quot;orientation&quot;:&quot;0&quot;}\" data-image-title=\"Harley-Davidson-archivo-4\" data-image-description=\"\" data-image-caption=\"\" data-large-file=\"https:\/\/eldiariodesanpedro.com.ar\/sitio\/wp-content\/uploads\/2019\/10\/Harley-Davidson-archivo-4.jpg\" data-src=\"https:\/\/eldiariodesanpedro.com.ar\/sitio\/wp-content\/uploads\/2019\/10\/Harley-Davidson-archivo-4.jpg\" alt=\"\" data-id=\"62707\" data-link=\"https:\/\/eldiariodesanpedro.com.ar\/sitio\/?attachment_id=62707\" class=\"wp-image-62707 lazyload\" data-srcset=\"https:\/\/eldiariodesanpedro.com.ar\/sitio\/wp-content\/uploads\/2019\/10\/Harley-Davidson-archivo-4.jpg 720w, https:\/\/eldiariodesanpedro.com.ar\/sitio\/wp-content\/uploads\/2019\/10\/Harley-Davidson-archivo-4-300x289.jpg 300w\" data-sizes=\"(max-width: 720px) 100vw, 720px\" src=\"data:image\/svg+xml;base64,PHN2ZyB3aWR0aD0iMSIgaGVpZ2h0PSIxIiB4bWxucz0iaHR0cDovL3d3dy53My5vcmcvMjAwMC9zdmciPjwvc3ZnPg==\" style=\"--smush-placeholder-width: 720px; --smush-placeholder-aspect-ratio: 720\/693;\" \/><\/figure><\/li><li class=\"blocks-gallery-item\"><figure><img decoding=\"async\" width=\"1280\" height=\"992\" data-attachment-id=\"62708\" data-permalink=\"https:\/\/eldiariodesanpedro.com.ar\/sitio\/mas-de-100-ejemplares-harley-davidson-transitaran-hasta-san-pedro-en-la-sexta-travesia-oficial-del-2019\/harley-davidson-archivo-5\/\" data-orig-file=\"https:\/\/eldiariodesanpedro.com.ar\/sitio\/wp-content\/uploads\/2019\/10\/Harley-Davidson-archivo-5.jpg\" data-orig-size=\"1280,992\" data-comments-opened=\"1\" data-image-meta=\"{&quot;aperture&quot;:&quot;0&quot;,&quot;credit&quot;:&quot;&quot;,&quot;camera&quot;:&quot;&quot;,&quot;caption&quot;:&quot;&quot;,&quot;created_timestamp&quot;:&quot;0&quot;,&quot;copyright&quot;:&quot;&quot;,&quot;focal_length&quot;:&quot;0&quot;,&quot;iso&quot;:&quot;0&quot;,&quot;shutter_speed&quot;:&quot;0&quot;,&quot;title&quot;:&quot;&quot;,&quot;orientation&quot;:&quot;0&quot;}\" data-image-title=\"Harley-Davidson-archivo-5\" data-image-description=\"\" data-image-caption=\"\" data-large-file=\"https:\/\/eldiariodesanpedro.com.ar\/sitio\/wp-content\/uploads\/2019\/10\/Harley-Davidson-archivo-5-1024x794.jpg\" data-src=\"https:\/\/i1.wp.com\/eldiariodesanpedro.com.ar\/sitio\/wp-content\/uploads\/2019\/10\/Harley-Davidson-archivo-5.jpg?fit=660%2C512\" alt=\"\" data-id=\"62708\" data-link=\"https:\/\/eldiariodesanpedro.com.ar\/sitio\/?attachment_id=62708\" class=\"wp-image-62708 lazyload\" data-srcset=\"https:\/\/eldiariodesanpedro.com.ar\/sitio\/wp-content\/uploads\/2019\/10\/Harley-Davidson-archivo-5.jpg 1280w, https:\/\/eldiariodesanpedro.com.ar\/sitio\/wp-content\/uploads\/2019\/10\/Harley-Davidson-archivo-5-300x233.jpg 300w, https:\/\/eldiariodesanpedro.com.ar\/sitio\/wp-content\/uploads\/2019\/10\/Harley-Davidson-archivo-5-768x595.jpg 768w, https:\/\/eldiariodesanpedro.com.ar\/sitio\/wp-content\/uploads\/2019\/10\/Harley-Davidson-archivo-5-1024x794.jpg 1024w\" data-sizes=\"(max-width: 1280px) 100vw, 1280px\" src=\"data:image\/svg+xml;base64,PHN2ZyB3aWR0aD0iMSIgaGVpZ2h0PSIxIiB4bWxucz0iaHR0cDovL3d3dy53My5vcmcvMjAwMC9zdmciPjwvc3ZnPg==\" style=\"--smush-placeholder-width: 1280px; --smush-placeholder-aspect-ratio: 1280\/992;\" \/><\/figure><\/li><li class=\"blocks-gallery-item\"><figure><img decoding=\"async\" width=\"800\" height=\"600\" data-attachment-id=\"62709\" data-permalink=\"https:\/\/eldiariodesanpedro.com.ar\/sitio\/mas-de-100-ejemplares-harley-davidson-transitaran-hasta-san-pedro-en-la-sexta-travesia-oficial-del-2019\/harley-davidson-archivo-8\/\" data-orig-file=\"https:\/\/eldiariodesanpedro.com.ar\/sitio\/wp-content\/uploads\/2019\/10\/Harley-Davidson-archivo-8.jpg\" data-orig-size=\"800,600\" data-comments-opened=\"1\" data-image-meta=\"{&quot;aperture&quot;:&quot;0&quot;,&quot;credit&quot;:&quot;&quot;,&quot;camera&quot;:&quot;&quot;,&quot;caption&quot;:&quot;&quot;,&quot;created_timestamp&quot;:&quot;0&quot;,&quot;copyright&quot;:&quot;&quot;,&quot;focal_length&quot;:&quot;0&quot;,&quot;iso&quot;:&quot;0&quot;,&quot;shutter_speed&quot;:&quot;0&quot;,&quot;title&quot;:&quot;&quot;,&quot;orientation&quot;:&quot;0&quot;}\" data-image-title=\"Harley-Davidson-archivo-8\" data-image-description=\"\" data-image-caption=\"\" data-large-file=\"https:\/\/eldiariodesanpedro.com.ar\/sitio\/wp-content\/uploads\/2019\/10\/Harley-Davidson-archivo-8.jpg\" data-src=\"https:\/\/eldiariodesanpedro.com.ar\/sitio\/wp-content\/uploads\/2019\/10\/Harley-Davidson-archivo-8.jpg\" alt=\"\" data-id=\"62709\" data-link=\"https:\/\/eldiariodesanpedro.com.ar\/sitio\/?attachment_id=62709\" class=\"wp-image-62709 lazyload\" data-srcset=\"https:\/\/eldiariodesanpedro.com.ar\/sitio\/wp-content\/uploads\/2019\/10\/Harley-Davidson-archivo-8.jpg 800w, https:\/\/eldiariodesanpedro.com.ar\/sitio\/wp-content\/uploads\/2019\/10\/Harley-Davidson-archivo-8-300x225.jpg 300w, https:\/\/eldiariodesanpedro.com.ar\/sitio\/wp-content\/uploads\/2019\/10\/Harley-Davidson-archivo-8-768x576.jpg 768w\" data-sizes=\"(max-width: 800px) 100vw, 800px\" src=\"data:image\/svg+xml;base64,PHN2ZyB3aWR0aD0iMSIgaGVpZ2h0PSIxIiB4bWxucz0iaHR0cDovL3d3dy53My5vcmcvMjAwMC9zdmciPjwvc3ZnPg==\" style=\"--smush-placeholder-width: 800px; --smush-placeholder-aspect-ratio: 800\/600;\" \/><\/figure><\/li><li class=\"blocks-gallery-item\"><figure><img decoding=\"async\" width=\"3240\" height=\"2160\" data-attachment-id=\"62710\" data-permalink=\"https:\/\/eldiariodesanpedro.com.ar\/sitio\/mas-de-100-ejemplares-harley-davidson-transitaran-hasta-san-pedro-en-la-sexta-travesia-oficial-del-2019\/harley-davidson-archivo-9\/\" data-orig-file=\"https:\/\/eldiariodesanpedro.com.ar\/sitio\/wp-content\/uploads\/2019\/10\/Harley-Davidson-archivo-9.jpg\" data-orig-size=\"3240,2160\" data-comments-opened=\"1\" data-image-meta=\"{&quot;aperture&quot;:&quot;4.5&quot;,&quot;credit&quot;:&quot;Lucas Gonzalez Canosa&quot;,&quot;camera&quot;:&quot;Canon EOS 5D Mark III&quot;,&quot;caption&quot;:&quot;&quot;,&quot;created_timestamp&quot;:&quot;1529755625&quot;,&quot;copyright&quot;:&quot;www.lucasgc.com.ar&quot;,&quot;focal_length&quot;:&quot;200&quot;,&quot;iso&quot;:&quot;50&quot;,&quot;shutter_speed&quot;:&quot;0.003125&quot;,&quot;title&quot;:&quot;&quot;,&quot;orientation&quot;:&quot;0&quot;}\" data-image-title=\"Harley-Davidson-archivo-9\" data-image-description=\"\" data-image-caption=\"\" data-large-file=\"https:\/\/eldiariodesanpedro.com.ar\/sitio\/wp-content\/uploads\/2019\/10\/Harley-Davidson-archivo-9-1024x683.jpg\" data-src=\"https:\/\/i1.wp.com\/eldiariodesanpedro.com.ar\/sitio\/wp-content\/uploads\/2019\/10\/Harley-Davidson-archivo-9.jpg?fit=660%2C440\" alt=\"\" data-id=\"62710\" data-link=\"https:\/\/eldiariodesanpedro.com.ar\/sitio\/?attachment_id=62710\" class=\"wp-image-62710 lazyload\" data-srcset=\"https:\/\/eldiariodesanpedro.com.ar\/sitio\/wp-content\/uploads\/2019\/10\/Harley-Davidson-archivo-9.jpg 3240w, https:\/\/eldiariodesanpedro.com.ar\/sitio\/wp-content\/uploads\/2019\/10\/Harley-Davidson-archivo-9-300x200.jpg 300w, https:\/\/eldiariodesanpedro.com.ar\/sitio\/wp-content\/uploads\/2019\/10\/Harley-Davidson-archivo-9-768x512.jpg 768w, https:\/\/eldiariodesanpedro.com.ar\/sitio\/wp-content\/uploads\/2019\/10\/Harley-Davidson-archivo-9-1024x683.jpg 1024w\" data-sizes=\"(max-width: 3240px) 100vw, 3240px\" src=\"data:image\/svg+xml;base64,PHN2ZyB3aWR0aD0iMSIgaGVpZ2h0PSIxIiB4bWxucz0iaHR0cDovL3d3dy53My5vcmcvMjAwMC9zdmciPjwvc3ZnPg==\" style=\"--smush-placeholder-width: 3240px; --smush-placeholder-aspect-ratio: 3240\/2160;\" \/><\/figure><\/li><\/ul>\n","protected":false},"excerpt":{"rendered":"<p>\u00a0El pr\u00f3ximo s\u00e1bado 26 de octubre Harley-Davidson\u00ae Buenos Aires llevar\u00e1 a cabo, junto con usuarios de la marca, una traves\u00eda oficial desde su local ubicado en la localidad de Mart\u00ednez hasta la ciudad de San Pedro, provincia de Buenos Aires, del que participar\u00e1n unas 100 motocicletas y aproximadamente 140 personas. El inicio del viaje ser\u00e1 [&hellip;]<\/p>\n","protected":false},"author":4,"featured_media":62709,"comment_status":"open","ping_status":"closed","sticky":false,"template":"","format":"standard","meta":{"om_disable_all_campaigns":false,"_jetpack_memberships_contains_paid_content":false,"footnotes":""},"categories":[50,101,2],"tags":[],"class_list":["post-62705","post","type-post","status-publish","format-standard","has-post-thumbnail","hentry","category-destacadas","category-interes-general-locales","category-locales"],"aioseo_notices":[],"gutentor_comment":0,"jetpack_featured_media_url":"https:\/\/eldiariodesanpedro.com.ar\/sitio\/wp-content\/uploads\/2019\/10\/Harley-Davidson-archivo-8.jpg","jetpack_shortlink":"https:\/\/wp.me\/p6RhLt-gjn","jetpack_sharing_enabled":true,"_links":{"self":[{"href":"https:\/\/eldiariodesanpedro.com.ar\/sitio\/wp-json\/wp\/v2\/posts\/62705","targetHints":{"allow":["GET"]}}],"collection":[{"href":"https:\/\/eldiariodesanpedro.com.ar\/sitio\/wp-json\/wp\/v2\/posts"}],"about":[{"href":"https:\/\/eldiariodesanpedro.com.ar\/sitio\/wp-json\/wp\/v2\/types\/post"}],"author":[{"embeddable":true,"href":"https:\/\/eldiariodesanpedro.com.ar\/sitio\/wp-json\/wp\/v2\/users\/4"}],"replies":[{"embeddable":true,"href":"https:\/\/eldiariodesanpedro.com.ar\/sitio\/wp-json\/wp\/v2\/comments?post=62705"}],"version-history":[{"count":1,"href":"https:\/\/eldiariodesanpedro.com.ar\/sitio\/wp-json\/wp\/v2\/posts\/62705\/revisions"}],"predecessor-version":[{"id":62711,"href":"https:\/\/eldiariodesanpedro.com.ar\/sitio\/wp-json\/wp\/v2\/posts\/62705\/revisions\/62711"}],"wp:featuredmedia":[{"embeddable":true,"href":"https:\/\/eldiariodesanpedro.com.ar\/sitio\/wp-json\/wp\/v2\/media\/62709"}],"wp:attachment":[{"href":"https:\/\/eldiariodesanpedro.com.ar\/sitio\/wp-json\/wp\/v2\/media?parent=62705"}],"wp:term":[{"taxonomy":"category","embeddable":true,"href":"https:\/\/eldiariodesanpedro.com.ar\/sitio\/wp-json\/wp\/v2\/categories?post=62705"},{"taxonomy":"post_tag","embeddable":true,"href":"https:\/\/eldiariodesanpedro.com.ar\/sitio\/wp-json\/wp\/v2\/tags?post=62705"}],"curies":[{"name":"wp","href":"https:\/\/api.w.org\/{rel}","templated":true}]}}