{"id":62664,"date":"2019-10-24T11:14:51","date_gmt":"2019-10-24T14:14:51","guid":{"rendered":"https:\/\/eldiariodesanpedro.com.ar\/sitio\/?p=62664"},"modified":"2019-10-24T11:14:56","modified_gmt":"2019-10-24T14:14:56","slug":"preocupa-la-bajante-del-rio-parana","status":"publish","type":"post","link":"https:\/\/eldiariodesanpedro.com.ar\/sitio\/preocupa-la-bajante-del-rio-parana\/","title":{"rendered":"Preocupa la bajante del ri\u00f3 Parana"},"content":{"rendered":"<!-- VideographyWP Plugin Message: Automatic video embedding prevented by plugin options. -->\n\n<p>En los \u00faltimos d\u00edas, la bajante del r\u00edo Paran\u00e1 se profundiz\u00f3. El caudal est\u00e1 muy por debajo del que se alcanz\u00f3 durante el mismo per\u00edodo del a\u00f1o pasado y no se esperan grandes repuntes para noviembre. La \u00faltima medici\u00f3n en San Pedro es de 0.74; en Baradero y Ramallo, 0,65; y en San Nicol\u00e1s, 1,13.<\/p>\n\n\n\n<p>La preocupaci\u00f3n por la bajante del R\u00edo Paran\u00e1 crece en la misma medida en que el nivel del agua desciente. La falta de lluvia en las altas cuencas del Paran\u00e1 e Iguaz\u00fa desencadena la bajante en todo el r\u00edo Paran\u00e1.<\/p>\n\n\n\n<p>Este extraordinario evento provoca complicaciones en la navegaci\u00f3n y como consecuencia la actividad comercial y deportiva. Adem\u00e1s causa un gran impacto ambiental.<\/p>\n\n\n\n<p>Si bien se espera que en los \u00faltimos d\u00edas de octubre haya peque\u00f1as alzas en la altura del r\u00edo, no se esperan grandes repuntes para noviembre.<\/p>\n\n\n\n<p>La \u00faltima medici\u00f3n aportada por la Prefectura Naval Argentina indica que en San Pedro, la altura del r\u00edo es de 0.74; en Baradero y Ramallo, 0,65; y en San Nicol\u00e1s, 1,13.<\/p>\n\n\n\n<p>Fuente: Visi\u00f3n Regional<\/p>\n\n\n\n<p><br><\/p>\n","protected":false},"excerpt":{"rendered":"<p>En los \u00faltimos d\u00edas, la bajante del r\u00edo Paran\u00e1 se profundiz\u00f3. El caudal est\u00e1 muy por debajo del que se alcanz\u00f3 durante el mismo per\u00edodo del a\u00f1o pasado y no se esperan grandes repuntes para noviembre. La \u00faltima medici\u00f3n en San Pedro es de 0.74; en Baradero y Ramallo, 0,65; y en San Nicol\u00e1s, 1,13. [&hellip;]<\/p>\n","protected":false},"author":4,"featured_media":62665,"comment_status":"open","ping_status":"closed","sticky":false,"template":"","format":"standard","meta":{"om_disable_all_campaigns":false,"_jetpack_memberships_contains_paid_content":false,"footnotes":""},"categories":[101,2],"tags":[],"class_list":["post-62664","post","type-post","status-publish","format-standard","has-post-thumbnail","hentry","category-interes-general-locales","category-locales"],"aioseo_notices":[],"gutentor_comment":0,"jetpack_featured_media_url":"https:\/\/eldiariodesanpedro.com.ar\/sitio\/wp-content\/uploads\/2019\/10\/bajante_rio.jpg","jetpack_shortlink":"https:\/\/wp.me\/p6RhLt-giI","jetpack_sharing_enabled":true,"_links":{"self":[{"href":"https:\/\/eldiariodesanpedro.com.ar\/sitio\/wp-json\/wp\/v2\/posts\/62664","targetHints":{"allow":["GET"]}}],"collection":[{"href":"https:\/\/eldiariodesanpedro.com.ar\/sitio\/wp-json\/wp\/v2\/posts"}],"about":[{"href":"https:\/\/eldiariodesanpedro.com.ar\/sitio\/wp-json\/wp\/v2\/types\/post"}],"author":[{"embeddable":true,"href":"https:\/\/eldiariodesanpedro.com.ar\/sitio\/wp-json\/wp\/v2\/users\/4"}],"replies":[{"embeddable":true,"href":"https:\/\/eldiariodesanpedro.com.ar\/sitio\/wp-json\/wp\/v2\/comments?post=62664"}],"version-history":[{"count":1,"href":"https:\/\/eldiariodesanpedro.com.ar\/sitio\/wp-json\/wp\/v2\/posts\/62664\/revisions"}],"predecessor-version":[{"id":62666,"href":"https:\/\/eldiariodesanpedro.com.ar\/sitio\/wp-json\/wp\/v2\/posts\/62664\/revisions\/62666"}],"wp:featuredmedia":[{"embeddable":true,"href":"https:\/\/eldiariodesanpedro.com.ar\/sitio\/wp-json\/wp\/v2\/media\/62665"}],"wp:attachment":[{"href":"https:\/\/eldiariodesanpedro.com.ar\/sitio\/wp-json\/wp\/v2\/media?parent=62664"}],"wp:term":[{"taxonomy":"category","embeddable":true,"href":"https:\/\/eldiariodesanpedro.com.ar\/sitio\/wp-json\/wp\/v2\/categories?post=62664"},{"taxonomy":"post_tag","embeddable":true,"href":"https:\/\/eldiariodesanpedro.com.ar\/sitio\/wp-json\/wp\/v2\/tags?post=62664"}],"curies":[{"name":"wp","href":"https:\/\/api.w.org\/{rel}","templated":true}]}}