{"id":62650,"date":"2019-10-24T11:09:54","date_gmt":"2019-10-24T14:09:54","guid":{"rendered":"https:\/\/eldiariodesanpedro.com.ar\/sitio\/?p=62650"},"modified":"2019-10-24T11:09:58","modified_gmt":"2019-10-24T14:09:58","slug":"encontraron-una-moto-robada-escondida-en-la-barranca","status":"publish","type":"post","link":"https:\/\/eldiariodesanpedro.com.ar\/sitio\/encontraron-una-moto-robada-escondida-en-la-barranca\/","title":{"rendered":"Encontraron una moto robada escondida en la barranca"},"content":{"rendered":"<!-- VideographyWP Plugin Message: Automatic video embedding prevented by plugin options. -->\n\n<p>Pasado el mediod\u00eda de este mi\u00e9rcoles personal policial fue alertado por un medio period\u00edstico que un lector hab\u00eda enviado una foto con una motocicleta abandonada en la zona de barrancas.<\/p>\n\n\n\n<p>El rodado se encontraba en la zona del Nuevo Boulevard, entre J.V. Gonzalez y Padre Santana.<\/p>\n\n\n\n<p>Se trata de una motocicleta Gilera Smash de color gris, que habr\u00eda sido sustra\u00edda el d\u00eda martes de la vereda de calle Las Heras al 1100.<\/p>\n\n\n\n<p> Se investiga para dar con el o los autores del hecho. interviene fiscal\u00eda en turno local.<\/p>\n\n\n\n<figure class=\"wp-block-image\"><img decoding=\"async\" width=\"470\" height=\"250\" data-attachment-id=\"62652\" data-permalink=\"https:\/\/eldiariodesanpedro.com.ar\/sitio\/encontraron-una-moto-robada-escondida-en-la-barranca\/8e94e7d9-c556-4ad8-be1a-8b37c035a0b6\/\" data-orig-file=\"https:\/\/eldiariodesanpedro.com.ar\/sitio\/wp-content\/uploads\/2019\/10\/8e94e7d9-c556-4ad8-be1a-8b37c035a0b6.jpg\" data-orig-size=\"470,250\" data-comments-opened=\"1\" data-image-meta=\"{&quot;aperture&quot;:&quot;0&quot;,&quot;credit&quot;:&quot;&quot;,&quot;camera&quot;:&quot;&quot;,&quot;caption&quot;:&quot;&quot;,&quot;created_timestamp&quot;:&quot;0&quot;,&quot;copyright&quot;:&quot;&quot;,&quot;focal_length&quot;:&quot;0&quot;,&quot;iso&quot;:&quot;0&quot;,&quot;shutter_speed&quot;:&quot;0&quot;,&quot;title&quot;:&quot;&quot;,&quot;orientation&quot;:&quot;0&quot;}\" data-image-title=\"8e94e7d9-c556-4ad8-be1a-8b37c035a0b6\" data-image-description=\"\" data-image-caption=\"\" data-large-file=\"https:\/\/eldiariodesanpedro.com.ar\/sitio\/wp-content\/uploads\/2019\/10\/8e94e7d9-c556-4ad8-be1a-8b37c035a0b6.jpg\" data-src=\"https:\/\/eldiariodesanpedro.com.ar\/sitio\/wp-content\/uploads\/2019\/10\/8e94e7d9-c556-4ad8-be1a-8b37c035a0b6.jpg\" alt=\"\" class=\"wp-image-62652 lazyload\" data-srcset=\"https:\/\/eldiariodesanpedro.com.ar\/sitio\/wp-content\/uploads\/2019\/10\/8e94e7d9-c556-4ad8-be1a-8b37c035a0b6.jpg 470w, https:\/\/eldiariodesanpedro.com.ar\/sitio\/wp-content\/uploads\/2019\/10\/8e94e7d9-c556-4ad8-be1a-8b37c035a0b6-300x160.jpg 300w\" data-sizes=\"(max-width: 470px) 100vw, 470px\" src=\"data:image\/svg+xml;base64,PHN2ZyB3aWR0aD0iMSIgaGVpZ2h0PSIxIiB4bWxucz0iaHR0cDovL3d3dy53My5vcmcvMjAwMC9zdmciPjwvc3ZnPg==\" style=\"--smush-placeholder-width: 470px; --smush-placeholder-aspect-ratio: 470\/250;\" \/><figcaption>FOTO LA OPINI\u00d3N SEMANARIO<br><\/figcaption><\/figure>\n","protected":false},"excerpt":{"rendered":"<p>Pasado el mediod\u00eda de este mi\u00e9rcoles personal policial fue alertado por un medio period\u00edstico que un lector hab\u00eda enviado una foto con una motocicleta abandonada en la zona de barrancas. El rodado se encontraba en la zona del Nuevo Boulevard, entre J.V. Gonzalez y Padre Santana. Se trata de una motocicleta Gilera Smash de color [&hellip;]<\/p>\n","protected":false},"author":4,"featured_media":62662,"comment_status":"open","ping_status":"closed","sticky":false,"template":"","format":"standard","meta":{"om_disable_all_campaigns":false,"_jetpack_memberships_contains_paid_content":false,"footnotes":""},"categories":[2,103],"tags":[],"class_list":["post-62650","post","type-post","status-publish","format-standard","has-post-thumbnail","hentry","category-locales","category-policiales-locales"],"aioseo_notices":[],"gutentor_comment":0,"jetpack_featured_media_url":"https:\/\/eldiariodesanpedro.com.ar\/sitio\/wp-content\/uploads\/2019\/10\/San-Pedro-Barracas-Costanera-2.jpg","jetpack_shortlink":"https:\/\/wp.me\/p6RhLt-giu","jetpack_sharing_enabled":true,"_links":{"self":[{"href":"https:\/\/eldiariodesanpedro.com.ar\/sitio\/wp-json\/wp\/v2\/posts\/62650","targetHints":{"allow":["GET"]}}],"collection":[{"href":"https:\/\/eldiariodesanpedro.com.ar\/sitio\/wp-json\/wp\/v2\/posts"}],"about":[{"href":"https:\/\/eldiariodesanpedro.com.ar\/sitio\/wp-json\/wp\/v2\/types\/post"}],"author":[{"embeddable":true,"href":"https:\/\/eldiariodesanpedro.com.ar\/sitio\/wp-json\/wp\/v2\/users\/4"}],"replies":[{"embeddable":true,"href":"https:\/\/eldiariodesanpedro.com.ar\/sitio\/wp-json\/wp\/v2\/comments?post=62650"}],"version-history":[{"count":1,"href":"https:\/\/eldiariodesanpedro.com.ar\/sitio\/wp-json\/wp\/v2\/posts\/62650\/revisions"}],"predecessor-version":[{"id":62663,"href":"https:\/\/eldiariodesanpedro.com.ar\/sitio\/wp-json\/wp\/v2\/posts\/62650\/revisions\/62663"}],"wp:featuredmedia":[{"embeddable":true,"href":"https:\/\/eldiariodesanpedro.com.ar\/sitio\/wp-json\/wp\/v2\/media\/62662"}],"wp:attachment":[{"href":"https:\/\/eldiariodesanpedro.com.ar\/sitio\/wp-json\/wp\/v2\/media?parent=62650"}],"wp:term":[{"taxonomy":"category","embeddable":true,"href":"https:\/\/eldiariodesanpedro.com.ar\/sitio\/wp-json\/wp\/v2\/categories?post=62650"},{"taxonomy":"post_tag","embeddable":true,"href":"https:\/\/eldiariodesanpedro.com.ar\/sitio\/wp-json\/wp\/v2\/tags?post=62650"}],"curies":[{"name":"wp","href":"https:\/\/api.w.org\/{rel}","templated":true}]}}