{"id":62632,"date":"2019-10-24T10:14:33","date_gmt":"2019-10-24T13:14:33","guid":{"rendered":"https:\/\/eldiariodesanpedro.com.ar\/sitio\/?p=62632"},"modified":"2019-10-24T10:14:37","modified_gmt":"2019-10-24T13:14:37","slug":"san-nicolas-siguen-los-operativos-de-desarme-en-la-ciudad","status":"publish","type":"post","link":"https:\/\/eldiariodesanpedro.com.ar\/sitio\/san-nicolas-siguen-los-operativos-de-desarme-en-la-ciudad\/","title":{"rendered":"SAN NICOL\u00c1S | Siguen los operativos de desarme en la ciudad"},"content":{"rendered":"<!-- VideographyWP Plugin Message: Automatic video embedding prevented by plugin options. -->\n\n<p>\n\nConscientes de la problem\u00e1tica respecto de la proliferaci\u00f3n de armas de fuego en nuestra ciudad y la zona, las fuerzas policiales siguen efectuando operativos tendientes a seguir incautando las armas de la calle. Efectivos de la Comisar\u00eda Segunda en actuaci\u00f3n judicial respecto de un hecho de abuso de armas llevada adelante por la UFI Nro. 1, realizaron un allanamiento en una vivienda ubicada en las cercan\u00edas de las calle Alvear y Cepeda donde se procedi\u00f3 a la aprehensi\u00f3n de un sujeto de 60 a\u00f1os y al secuestro de una escopeta calibre 16 de dos ca\u00f1os y varios cartuchos del mismo calibre. Al detenido se le iniciaron actuaciones por tenencia ilegal de arma de fuego de uso civil.<\/p>\n\n\n\n<p><strong>M\u00e1s secuestros<br><\/strong>Adem\u00e1s, como adelant\u00f3 EL NORTE en su edici\u00f3n de ayer, en el marco de actuaciones judiciales, caratuladas \u201cHurto\u201d, que se instruyeron con intervenci\u00f3n de la UFI n\u00b01 San Nicol\u00e1s, se procedi\u00f3 a realizar un allanamiento en una vivienda sita en el Km 228, de Ruta Nacional n\u00b0 9, lugar donde se concret\u00f3 la aprehensi\u00f3n de un sujeto de 32 a\u00f1os y al secuestro de un rev\u00f3lver calibre 38 sin numeraci\u00f3n ni marca visible, una escopeta de un ca\u00f1o marca Rossi calibre 28, y varias municiones de distintos calibre. Al aprehendido se le iniciaron actuaciones por tenencia ilegal de arma de fuego de uso civil y de guerra.<\/p>\n\n\n\n<p><strong>Violento<br><\/strong>Efectivos de la Comisar\u00eda Primera, en calle Le\u00f3n Guruciaga, procedieron a la aprehensi\u00f3n de un sujeto de 44 a\u00f1os, quien se encontraba ocasionando problemas en el domicilio de su ex pareja, una mujer de 34 a\u00f1os, y al hacerse presente personal policial el mismo intent\u00f3 agredirlos con golpes de pu\u00f1o, sin llegar a lesionarlos. Se instruyeron actuaciones por atentado y resistencia a la autoridad, con intervenci\u00f3n de la UFI n\u00b0 10 San Nicol\u00e1s. <\/p>\n\n\n\n<p>Fuente: Diario El Norte<\/p>\n","protected":false},"excerpt":{"rendered":"<p>Conscientes de la problem\u00e1tica respecto de la proliferaci\u00f3n de armas de fuego en nuestra ciudad y la zona, las fuerzas policiales siguen efectuando operativos tendientes a seguir incautando las armas de la calle. Efectivos de la Comisar\u00eda Segunda en actuaci\u00f3n judicial respecto de un hecho de abuso de armas llevada adelante por la UFI Nro. [&hellip;]<\/p>\n","protected":false},"author":4,"featured_media":62640,"comment_status":"open","ping_status":"closed","sticky":false,"template":"","format":"standard","meta":{"om_disable_all_campaigns":false,"_jetpack_memberships_contains_paid_content":false,"footnotes":""},"categories":[621],"tags":[],"class_list":["post-62632","post","type-post","status-publish","format-standard","has-post-thumbnail","hentry","category-regionales"],"aioseo_notices":[],"gutentor_comment":0,"jetpack_featured_media_url":"https:\/\/eldiariodesanpedro.com.ar\/sitio\/wp-content\/uploads\/2019\/10\/0-8.jpg","jetpack_shortlink":"https:\/\/wp.me\/p6RhLt-gic","jetpack_sharing_enabled":true,"_links":{"self":[{"href":"https:\/\/eldiariodesanpedro.com.ar\/sitio\/wp-json\/wp\/v2\/posts\/62632","targetHints":{"allow":["GET"]}}],"collection":[{"href":"https:\/\/eldiariodesanpedro.com.ar\/sitio\/wp-json\/wp\/v2\/posts"}],"about":[{"href":"https:\/\/eldiariodesanpedro.com.ar\/sitio\/wp-json\/wp\/v2\/types\/post"}],"author":[{"embeddable":true,"href":"https:\/\/eldiariodesanpedro.com.ar\/sitio\/wp-json\/wp\/v2\/users\/4"}],"replies":[{"embeddable":true,"href":"https:\/\/eldiariodesanpedro.com.ar\/sitio\/wp-json\/wp\/v2\/comments?post=62632"}],"version-history":[{"count":1,"href":"https:\/\/eldiariodesanpedro.com.ar\/sitio\/wp-json\/wp\/v2\/posts\/62632\/revisions"}],"predecessor-version":[{"id":62641,"href":"https:\/\/eldiariodesanpedro.com.ar\/sitio\/wp-json\/wp\/v2\/posts\/62632\/revisions\/62641"}],"wp:featuredmedia":[{"embeddable":true,"href":"https:\/\/eldiariodesanpedro.com.ar\/sitio\/wp-json\/wp\/v2\/media\/62640"}],"wp:attachment":[{"href":"https:\/\/eldiariodesanpedro.com.ar\/sitio\/wp-json\/wp\/v2\/media?parent=62632"}],"wp:term":[{"taxonomy":"category","embeddable":true,"href":"https:\/\/eldiariodesanpedro.com.ar\/sitio\/wp-json\/wp\/v2\/categories?post=62632"},{"taxonomy":"post_tag","embeddable":true,"href":"https:\/\/eldiariodesanpedro.com.ar\/sitio\/wp-json\/wp\/v2\/tags?post=62632"}],"curies":[{"name":"wp","href":"https:\/\/api.w.org\/{rel}","templated":true}]}}