{"id":62629,"date":"2019-10-24T10:12:39","date_gmt":"2019-10-24T13:12:39","guid":{"rendered":"https:\/\/eldiariodesanpedro.com.ar\/sitio\/?p=62629"},"modified":"2019-10-24T10:12:43","modified_gmt":"2019-10-24T13:12:43","slug":"arrecifes-le-robaron-una-tele","status":"publish","type":"post","link":"https:\/\/eldiariodesanpedro.com.ar\/sitio\/arrecifes-le-robaron-una-tele\/","title":{"rendered":"ARRECIFES | Le robaron una tele"},"content":{"rendered":"<!-- VideographyWP Plugin Message: Automatic video embedding prevented by plugin options. -->\n\n<p>La Polic\u00eda de Arrecifes inform\u00f3 que el \u00faltimo s\u00e1bado una vecina de este medio, mayor de edad, domiciliada en calle Risso al 1000, denunci\u00f3 que ignorados ingresaron a su vivienda en momentos en que no hab\u00eda gente y le sustrajeron un TV de 32 pulgadas.<\/p>\n\n\n\n<p>Se iniciaron actuaciones judiciales por el delito de robo, con la intervenci\u00f3n de la UFIyJ N\u00b0 1 del Departamento Judicial de San Nicol\u00e1s.<\/p>\n\n\n\n<p>Fuente: Arrecifes Noticias<\/p>\n","protected":false},"excerpt":{"rendered":"<p>La Polic\u00eda de Arrecifes inform\u00f3 que el \u00faltimo s\u00e1bado una vecina de este medio, mayor de edad, domiciliada en calle Risso al 1000, denunci\u00f3 que ignorados ingresaron a su vivienda en momentos en que no hab\u00eda gente y le sustrajeron un TV de 32 pulgadas. Se iniciaron actuaciones judiciales por el delito de robo, con [&hellip;]<\/p>\n","protected":false},"author":4,"featured_media":62630,"comment_status":"open","ping_status":"closed","sticky":false,"template":"","format":"standard","meta":{"om_disable_all_campaigns":false,"_jetpack_memberships_contains_paid_content":false,"footnotes":""},"categories":[621],"tags":[],"class_list":["post-62629","post","type-post","status-publish","format-standard","has-post-thumbnail","hentry","category-regionales"],"aioseo_notices":[],"gutentor_comment":0,"jetpack_featured_media_url":"https:\/\/eldiariodesanpedro.com.ar\/sitio\/wp-content\/uploads\/2019\/10\/Ladrones-700x510.jpg","jetpack_shortlink":"https:\/\/wp.me\/p6RhLt-gi9","jetpack_sharing_enabled":true,"_links":{"self":[{"href":"https:\/\/eldiariodesanpedro.com.ar\/sitio\/wp-json\/wp\/v2\/posts\/62629","targetHints":{"allow":["GET"]}}],"collection":[{"href":"https:\/\/eldiariodesanpedro.com.ar\/sitio\/wp-json\/wp\/v2\/posts"}],"about":[{"href":"https:\/\/eldiariodesanpedro.com.ar\/sitio\/wp-json\/wp\/v2\/types\/post"}],"author":[{"embeddable":true,"href":"https:\/\/eldiariodesanpedro.com.ar\/sitio\/wp-json\/wp\/v2\/users\/4"}],"replies":[{"embeddable":true,"href":"https:\/\/eldiariodesanpedro.com.ar\/sitio\/wp-json\/wp\/v2\/comments?post=62629"}],"version-history":[{"count":1,"href":"https:\/\/eldiariodesanpedro.com.ar\/sitio\/wp-json\/wp\/v2\/posts\/62629\/revisions"}],"predecessor-version":[{"id":62631,"href":"https:\/\/eldiariodesanpedro.com.ar\/sitio\/wp-json\/wp\/v2\/posts\/62629\/revisions\/62631"}],"wp:featuredmedia":[{"embeddable":true,"href":"https:\/\/eldiariodesanpedro.com.ar\/sitio\/wp-json\/wp\/v2\/media\/62630"}],"wp:attachment":[{"href":"https:\/\/eldiariodesanpedro.com.ar\/sitio\/wp-json\/wp\/v2\/media?parent=62629"}],"wp:term":[{"taxonomy":"category","embeddable":true,"href":"https:\/\/eldiariodesanpedro.com.ar\/sitio\/wp-json\/wp\/v2\/categories?post=62629"},{"taxonomy":"post_tag","embeddable":true,"href":"https:\/\/eldiariodesanpedro.com.ar\/sitio\/wp-json\/wp\/v2\/tags?post=62629"}],"curies":[{"name":"wp","href":"https:\/\/api.w.org\/{rel}","templated":true}]}}