{"id":62626,"date":"2019-10-24T10:11:12","date_gmt":"2019-10-24T13:11:12","guid":{"rendered":"https:\/\/eldiariodesanpedro.com.ar\/sitio\/?p=62626"},"modified":"2019-10-24T10:11:16","modified_gmt":"2019-10-24T13:11:16","slug":"campana-tenaris-compartio-su-vision-y-proyectos-con-la-comunidad","status":"publish","type":"post","link":"https:\/\/eldiariodesanpedro.com.ar\/sitio\/campana-tenaris-compartio-su-vision-y-proyectos-con-la-comunidad\/","title":{"rendered":"CAMPANA | Tenaris comparti\u00f3 su visi\u00f3n y proyectos con la Comunidad"},"content":{"rendered":"<!-- VideographyWP Plugin Message: Automatic video embedding prevented by plugin options. -->\n\n<p> Fue liderado por el presidente para Cono Sur de la compa\u00f1\u00eda, Javier Mart\u00ednez \u00c1lvarez, quien advirti\u00f3 sobre el impacto en la industria energ\u00e9tica que podr\u00edan tener la inestabilidad global y la incertidumbre de la econom\u00eda argentina. Por eso, abog\u00f3 por una profundizaci\u00f3n del desarrollo en Vaca Muerta. Tambi\u00e9n cont\u00f3 los resultados de los programas de promoci\u00f3n y apoyo educativo de la compa\u00f1\u00eda.<\/p>\n\n\n\n<p>\n\nTenaris recibi\u00f3 a referentes de la comunidad y estudiantes de escuelas junto a las que desarrolla diversos proyectos para compartir su visi\u00f3n de los desaf\u00edos de la industria energ\u00e9tica y las experiencias educativas y comunitarias llevadas adelante durante el \u00faltimo a\u00f1o.<\/p>\n\n\n\n<p>La charla estuvo a cargo del presidente de Tenaris para Cono Sur, Javier Mart\u00ednez \u00c1lvarez. Participaron autoridades de la compa\u00f1\u00eda, funcionarios p\u00fablicos, representantes de fuerzas vivas, alumnos, docentes y directivos de escuelas p\u00fablicas y privadas y vecinos tanto de Campana como de Z\u00e1rate.<\/p>\n\n\n\n<p>Mart\u00ednez \u00c1lvarez abri\u00f3 su presentaci\u00f3n se\u00f1alando que el precio del petr\u00f3leo, indicador de actividad clave en la industria de la energ\u00eda, se encuentra \u201cestabilizado\u201d. Sin embargo, advirti\u00f3 que la inestabilidad mundial provocada por la puja comercial entre Estados Unidos y China, sumada a la incertidumbre en la econom\u00eda argentina, podr\u00edan impactar en las operaciones.<\/p>\n\n\n\n<p>En ese sentido, el ejecutivo subray\u00f3 la necesidad de profundizar el desarrollo de Vaca Muerta, que en los \u00faltimos a\u00f1os ha contribuido a cambiar la ecuaci\u00f3n negativa que la balanza comercial ten\u00eda en materia de energ\u00eda y a dinamizar la econom\u00eda nacional.<\/p>\n\n\n\n<p>\u201cVaca Muerta es el ejemplo de Estado nacional y provincial, empresas y sindicatos sent\u00e1ndose en una misma mesa y logrando acuerdos para posibilitar inversiones que generan divisas y puestos de trabajo de calidad\u201d, expres\u00f3 Mart\u00ednez \u00c1lvarez.<\/p>\n\n\n\n<p>Hoy, TenarisSiderca destina dos tercios de su producci\u00f3n al exterior -Norteam\u00e9rica, Medio Oriente y \u00c1frica fundamentalmente- y el resto al mercado local. Si la demanda se sostiene a pesar la inestabilidad que afecta a ambos frentes, la compa\u00f1\u00eda estar\u00e1 en condiciones de continuar con su plan deinversiones, el mayor de los \u00faltimos 5 a\u00f1os, con foco en medioambiente, operaciones y seguridad industrial, aspecto en el que Mart\u00ednez \u00c1lvarez destac\u00f3 los resultados obtenidos. \u201cHan sido posibles gracias al compromiso de todos nuestros colaboradores en cuidarse a s\u00ed mismos, a sus compa\u00f1eros y mantener en buenas condiciones sus puestos de trabajo\u201d, asegur\u00f3.<\/p>\n\n\n\n<p>El presidente de Tenaris para Cono Sur cerr\u00f3 su charla abordando los diversos programas del \u00e1rea de Relaciones con la Comunidad, en especial aquellos con eje en educaci\u00f3n. Para eso, invit\u00f3 a sus protagonistas para que compartieran sus experiencias: Nahuel Herrera, responsable de Automaci\u00f3n de TenarisSiderca, se refiri\u00f3 a la \u00faltima jornada de Tecnoaventura que hizo foco en rob\u00f3tica; y los estudiantes Gonzalo Fleitas y Cecilia V\u00e1zquez, integrantes de lo que ser\u00e1 la primera camada de egresados de la Escuela T\u00e9cnica Roberto Rocca, expusieron el proyecto educativo de la instituci\u00f3n.<\/p>\n\n\n\n<p>Adem\u00e1s, el joven Juan M\u00e1rquez, hoy operario de Mantenimiento, record\u00f3 su pas\u00f3 por GEN T\u00e9cnico y su rol en la construcci\u00f3n de la primera Embarcaci\u00f3n Solar de Argentina, que ya acerca a los vecinos del sector insular con el continente; y las vicedirectoras Anah\u00ed Moyano y Cecilia Paternoste contaron c\u00f3mo los Voluntarios en Acci\u00f3n de Tenaris transformaron en tan solo un fin de semana la Escuela Secundaria T\u00e9cnica N\u00ba1 \u201cLuciano Reyes\u201d de Campana.<\/p>\n\n\n\n<p>\u201cUna de las iniciativas m\u00e1s novedosas de este a\u00f1o han sido las charlas de formadores de opini\u00f3n como Luis Novaresio y Marcelo Longobardi, y de pensadores como Alejandro Melamed, que acercan a nuestra comunidad la agenda del debate p\u00fablico e instalan a Campana y a nuestro proyecto industrial en el plano nacional\u201d, a\u00f1adi\u00f3 Mart\u00ednez \u00c1lvarez.<\/p>\n\n\n\n<p>\u201cTodas nuestras acciones buscan acercarnos y promover la construcci\u00f3n de m\u00e1s comunidad, siempre procurando medir los resultados para mejorar su implementaci\u00f3n. Agradezco el gran acompa\u00f1amiento en este encuentro y los invit\u00f3 a seguir creciendo juntos\u201d, concluy\u00f3 el presidente de Tenaris para Cono Sur. <\/p>\n\n\n\n<p>Fuente: Campana Noticias<\/p>\n","protected":false},"excerpt":{"rendered":"<p>Fue liderado por el presidente para Cono Sur de la compa\u00f1\u00eda, Javier Mart\u00ednez \u00c1lvarez, quien advirti\u00f3 sobre el impacto en la industria energ\u00e9tica que podr\u00edan tener la inestabilidad global y la incertidumbre de la econom\u00eda argentina. Por eso, abog\u00f3 por una profundizaci\u00f3n del desarrollo en Vaca Muerta. Tambi\u00e9n cont\u00f3 los resultados de los programas de [&hellip;]<\/p>\n","protected":false},"author":4,"featured_media":62627,"comment_status":"open","ping_status":"closed","sticky":false,"template":"","format":"standard","meta":{"om_disable_all_campaigns":false,"_jetpack_memberships_contains_paid_content":false,"footnotes":""},"categories":[621],"tags":[],"class_list":["post-62626","post","type-post","status-publish","format-standard","has-post-thumbnail","hentry","category-regionales"],"aioseo_notices":[],"gutentor_comment":0,"jetpack_featured_media_url":"https:\/\/eldiariodesanpedro.com.ar\/sitio\/wp-content\/uploads\/2019\/10\/20191023105651.jpg","jetpack_shortlink":"https:\/\/wp.me\/p6RhLt-gi6","jetpack_sharing_enabled":true,"_links":{"self":[{"href":"https:\/\/eldiariodesanpedro.com.ar\/sitio\/wp-json\/wp\/v2\/posts\/62626","targetHints":{"allow":["GET"]}}],"collection":[{"href":"https:\/\/eldiariodesanpedro.com.ar\/sitio\/wp-json\/wp\/v2\/posts"}],"about":[{"href":"https:\/\/eldiariodesanpedro.com.ar\/sitio\/wp-json\/wp\/v2\/types\/post"}],"author":[{"embeddable":true,"href":"https:\/\/eldiariodesanpedro.com.ar\/sitio\/wp-json\/wp\/v2\/users\/4"}],"replies":[{"embeddable":true,"href":"https:\/\/eldiariodesanpedro.com.ar\/sitio\/wp-json\/wp\/v2\/comments?post=62626"}],"version-history":[{"count":1,"href":"https:\/\/eldiariodesanpedro.com.ar\/sitio\/wp-json\/wp\/v2\/posts\/62626\/revisions"}],"predecessor-version":[{"id":62628,"href":"https:\/\/eldiariodesanpedro.com.ar\/sitio\/wp-json\/wp\/v2\/posts\/62626\/revisions\/62628"}],"wp:featuredmedia":[{"embeddable":true,"href":"https:\/\/eldiariodesanpedro.com.ar\/sitio\/wp-json\/wp\/v2\/media\/62627"}],"wp:attachment":[{"href":"https:\/\/eldiariodesanpedro.com.ar\/sitio\/wp-json\/wp\/v2\/media?parent=62626"}],"wp:term":[{"taxonomy":"category","embeddable":true,"href":"https:\/\/eldiariodesanpedro.com.ar\/sitio\/wp-json\/wp\/v2\/categories?post=62626"},{"taxonomy":"post_tag","embeddable":true,"href":"https:\/\/eldiariodesanpedro.com.ar\/sitio\/wp-json\/wp\/v2\/tags?post=62626"}],"curies":[{"name":"wp","href":"https:\/\/api.w.org\/{rel}","templated":true}]}}