{"id":62622,"date":"2019-10-24T10:07:14","date_gmt":"2019-10-24T13:07:14","guid":{"rendered":"https:\/\/eldiariodesanpedro.com.ar\/sitio\/?p=62622"},"modified":"2019-10-24T10:07:18","modified_gmt":"2019-10-24T13:07:18","slug":"baradero-la-ciudad-tendra-la-escuela-municipal-de-musica-con-la-formacion-basica-en-piano-y-guitarra","status":"publish","type":"post","link":"https:\/\/eldiariodesanpedro.com.ar\/sitio\/baradero-la-ciudad-tendra-la-escuela-municipal-de-musica-con-la-formacion-basica-en-piano-y-guitarra\/","title":{"rendered":"BARADERO | La ciudad tendr\u00e1 la Escuela Municipal de M\u00fasica con la formaci\u00f3n b\u00e1sica en piano y guitarra"},"content":{"rendered":"<!-- VideographyWP Plugin Message: Automatic video embedding prevented by plugin options. -->\n\n<p>As\u00ed lo anunci\u00f3 la intendenta municipal Fernanda Antonijevic que present\u00f3 un nuevo punto de acceso directo a las tecnicaturas y profesorados que ofrecen los Conservatorios de M\u00fasica y Escuelas de Arte de la provincia de Buenos Aires.<\/p>\n\n\n\n<p>Inicialmente, a partir del ciclo lectivo 2020, se ofrecer\u00e1 la formaci\u00f3n b\u00e1sica en piano y guitarra para adolescentes y adultos, comienzo que se da con el aval de las autoridades bonaerense y con el objetivo de&nbsp;<strong>fusionar la cultura y la educaci\u00f3n<\/strong>&nbsp;y seguir apostando en estos ejes fundamentales en el desarrollo de la comunidad.<\/p>\n\n\n\n<p>En la presentaci\u00f3n, adem\u00e1s de la jefa comunal estuvo presente el secretario de cultura, turismo, educaci\u00f3n y deporte Marcos Barlatay, la directora de turismo Mar\u00eda Emilia Do Campo y el jefe distrital Walter Mandel.<\/p>\n\n\n\n<p><em>\u201cDespu\u00e9s de la aprobaci\u00f3n de la ordenanza para crearla y con el aval de la provincia, ya estamos trabajando para abrir la preinscripci\u00f3n\u201d<\/em>&nbsp;afirm\u00f3 Antonijevic.<\/p>\n\n\n\n<p>Por otro lado, Marcos Barlatay remarc\u00f3 que&nbsp;<em>\u201ces un paso important\u00edsimo que se da desde el a\u00f1o pasado que ten\u00edamos la voluntad de comenzar con la formaci\u00f3n b\u00e1sica y en abril, todas estas reuniones que hemos tenido para tratar el presupuesto hemos podido encarrilar la situaci\u00f3n y en estos \u00faltimos d\u00edas se aprob\u00f3 en el Honorable Concejo Deliberante la Escuela Municipal de M\u00fasica que ser\u00e1 important\u00edsima para muchos j\u00f3venes y adultos de nuestra comunidad que habitualmente viajan hacia otros municipios para poder llevar adelante esta formaci\u00f3n b\u00e1sica o la carrera del conservatorio.&nbsp;<strong>Hoy tenemos ya todo listo para arrancar a mitad de noviembre la inscripci\u00f3n y dar inicio al ciclo lectivo en 2020<\/strong>\u201d<\/em><\/p>\n\n\n\n<p>A su vez, el secretario de cultura, turismo, educaci\u00f3n y deporte de la Municipalidad de Baradero inform\u00f3 que&nbsp;<em>\u201cse va a dictar el primer a\u00f1o en principio, y todo ser\u00e1 progresivo. El primer a\u00f1o estar\u00e1 destinado a adolescentes de 14 a\u00f1os en adelante y adultos. Tenemos destinados varios lugares y es importante resaltar que en Baradero hay espacios municipales para poder llevar adelante este tipo de proyectos y estamos trabajando en eso: dentro del proyecto est\u00e1 contemplado el Centro Cultural y el flamante anexo del Centro Universitario que es la ex Casa Amarilla totalmente renovada.\u201d<\/em><\/p>\n\n\n\n<p>Adem\u00e1s, destac\u00f3 que el primer a\u00f1o ser\u00e1 orientado a guitarra y piano, y se ir\u00e1 evaluando la cantidad de inscriptos en cada una de las dos disciplinas para luego evaluar a los docentes que estar\u00e1n a cargo y tomar\u00e1n los mismos mediante un concurso donde se citar\u00e1n a los profesores que con su t\u00edtulo habilitante o con un grado avanzado importante dentro de la materia puedan llevar adelante la tarea docente.&nbsp;<em>\u201cEs un paso important\u00edsimo, un reclamo de muchos que ahora van a poder empezar a hacerlo en&nbsp;<strong>nuestra ciudad que tiene una impronta cultural y musical realmente prestigiosa<\/strong>. Por eso esto es un gran logro\u201d<\/em>&nbsp;concluy\u00f3 Marcos Barlatay.<\/p>\n\n\n\n<p>D\u00edas despu\u00e9s del lanzamiento de la Escuela Municipal de M\u00fasica, la intendenta\u00a0<strong>Fernanda Antonijevic<\/strong>, el secretario de gobierno Mart\u00edn Genoud, el secretario de cultura, turismo, educaci\u00f3n y deporte Marcos Barlatay, recibieron la visita de la profesora Myriam Valenzuela, que junto con el Inspector Jefe de Regi\u00f3n 12, Germ\u00e1n Flores Capriottti y los inspectores de art\u00edstica Guillermo Viles y Valeria Spies, mantuvieron una reuni\u00f3n sobre el funcionamiento de la Escuela Municipal de M\u00fasica, creada por la Ordenanza N\u00b05894\/19.<\/p>\n\n\n\n<p>Fuente: Baradero Te Informa<\/p>\n","protected":false},"excerpt":{"rendered":"<p>As\u00ed lo anunci\u00f3 la intendenta municipal Fernanda Antonijevic que present\u00f3 un nuevo punto de acceso directo a las tecnicaturas y profesorados que ofrecen los Conservatorios de M\u00fasica y Escuelas de Arte de la provincia de Buenos Aires. Inicialmente, a partir del ciclo lectivo 2020, se ofrecer\u00e1 la formaci\u00f3n b\u00e1sica en piano y guitarra para adolescentes [&hellip;]<\/p>\n","protected":false},"author":4,"featured_media":62623,"comment_status":"open","ping_status":"closed","sticky":false,"template":"","format":"standard","meta":{"om_disable_all_campaigns":false,"_jetpack_memberships_contains_paid_content":false,"footnotes":""},"categories":[621],"tags":[],"class_list":["post-62622","post","type-post","status-publish","format-standard","has-post-thumbnail","hentry","category-regionales"],"aioseo_notices":[],"gutentor_comment":0,"jetpack_featured_media_url":"https:\/\/eldiariodesanpedro.com.ar\/sitio\/wp-content\/uploads\/2019\/10\/DSC_7140.jpg","jetpack_shortlink":"https:\/\/wp.me\/p6RhLt-gi2","jetpack_sharing_enabled":true,"_links":{"self":[{"href":"https:\/\/eldiariodesanpedro.com.ar\/sitio\/wp-json\/wp\/v2\/posts\/62622","targetHints":{"allow":["GET"]}}],"collection":[{"href":"https:\/\/eldiariodesanpedro.com.ar\/sitio\/wp-json\/wp\/v2\/posts"}],"about":[{"href":"https:\/\/eldiariodesanpedro.com.ar\/sitio\/wp-json\/wp\/v2\/types\/post"}],"author":[{"embeddable":true,"href":"https:\/\/eldiariodesanpedro.com.ar\/sitio\/wp-json\/wp\/v2\/users\/4"}],"replies":[{"embeddable":true,"href":"https:\/\/eldiariodesanpedro.com.ar\/sitio\/wp-json\/wp\/v2\/comments?post=62622"}],"version-history":[{"count":1,"href":"https:\/\/eldiariodesanpedro.com.ar\/sitio\/wp-json\/wp\/v2\/posts\/62622\/revisions"}],"predecessor-version":[{"id":62624,"href":"https:\/\/eldiariodesanpedro.com.ar\/sitio\/wp-json\/wp\/v2\/posts\/62622\/revisions\/62624"}],"wp:featuredmedia":[{"embeddable":true,"href":"https:\/\/eldiariodesanpedro.com.ar\/sitio\/wp-json\/wp\/v2\/media\/62623"}],"wp:attachment":[{"href":"https:\/\/eldiariodesanpedro.com.ar\/sitio\/wp-json\/wp\/v2\/media?parent=62622"}],"wp:term":[{"taxonomy":"category","embeddable":true,"href":"https:\/\/eldiariodesanpedro.com.ar\/sitio\/wp-json\/wp\/v2\/categories?post=62622"},{"taxonomy":"post_tag","embeddable":true,"href":"https:\/\/eldiariodesanpedro.com.ar\/sitio\/wp-json\/wp\/v2\/tags?post=62622"}],"curies":[{"name":"wp","href":"https:\/\/api.w.org\/{rel}","templated":true}]}}