{"id":62614,"date":"2019-10-24T10:04:28","date_gmt":"2019-10-24T13:04:28","guid":{"rendered":"https:\/\/eldiariodesanpedro.com.ar\/sitio\/?p=62614"},"modified":"2019-10-24T10:04:32","modified_gmt":"2019-10-24T13:04:32","slug":"ramallo-escuela-tecnica-de-perez-millan-la-empresa-constructora-desmiente-al-macrismo","status":"publish","type":"post","link":"https:\/\/eldiariodesanpedro.com.ar\/sitio\/ramallo-escuela-tecnica-de-perez-millan-la-empresa-constructora-desmiente-al-macrismo\/","title":{"rendered":"RAMALLO | Escuela T\u00e9cnica de P\u00e9rez Mill\u00e1n: La empresa constructora desmiente al macrismo"},"content":{"rendered":"<!-- VideographyWP Plugin Message: Automatic video embedding prevented by plugin options. -->\n\n<p>Desde Juntos por el Cambio denunciaron que las obras se encuentran paralizadas, lo que motiv\u00f3 una desmentida por parte de la empresa constructora ODACO Ingenier\u00eda SRL.<\/p>\n\n\n\n<p>El propietario de la firma,\u00a0<strong>Edgardo Fjrell<\/strong>, inform\u00f3 que la construcci\u00f3n de la Escuela T\u00e9cnica N\u00b0 2 de P\u00e9rez Mill\u00e1n y la Secundaria N\u00b06 de Ramallo contin\u00faan \u201cavanzando conforme a los establecido en los pliegos de contrataci\u00f3n\u201d.<\/p>\n\n\n\n<p>\u201cMaliciosamente y con clara intencionalidad pol\u00edtica se ha publicado desde un sector que las obras a cargo de mi empresa se encuentran paralizadas a ra\u00edz de la falta de pago de la Municipalidad, adeudando tres quincenas a los empleados. Nada m\u00e1s alejado de la realidad, tanto la Municipalidad como quien suscribe, se encuentran al d\u00eda con todas y cada una de sus obligaciones\u201d, expresaron en la carta a la comunidad.<\/p>\n\n\n\n<p>Y agrega que: \u201cla inestabilidad econ\u00f3mica imperante complican la adquisici\u00f3n de ciertos insumos importados necesarios para operar\u201d; adem\u00e1s aclara que \u201cno se modificaran las fechas de finalizaci\u00f3n de la obra\u201d.<\/p>\n\n\n\n<p>Desde la empresa remarcaron que \u201cel anhelo es que alg\u00fan momento las campa\u00f1as electorales se basen en la verdad y tengan como eje propuestas concretas, en lugar de buscar desprestigiar y atacar\u00a0 a quienes\u00a0 se tiene en frente y enga\u00f1ar\u00a0 al electorado\u201d.<\/p>\n\n\n\n<p>Fuente: Ramallo ciudad<\/p>\n","protected":false},"excerpt":{"rendered":"<p>Desde Juntos por el Cambio denunciaron que las obras se encuentran paralizadas, lo que motiv\u00f3 una desmentida por parte de la empresa constructora ODACO Ingenier\u00eda SRL. El propietario de la firma,\u00a0Edgardo Fjrell, inform\u00f3 que la construcci\u00f3n de la Escuela T\u00e9cnica N\u00b0 2 de P\u00e9rez Mill\u00e1n y la Secundaria N\u00b06 de Ramallo contin\u00faan \u201cavanzando conforme a [&hellip;]<\/p>\n","protected":false},"author":4,"featured_media":62620,"comment_status":"open","ping_status":"closed","sticky":false,"template":"","format":"standard","meta":{"om_disable_all_campaigns":false,"_jetpack_memberships_contains_paid_content":false,"footnotes":""},"categories":[621],"tags":[],"class_list":["post-62614","post","type-post","status-publish","format-standard","has-post-thumbnail","hentry","category-regionales"],"aioseo_notices":[],"gutentor_comment":0,"jetpack_featured_media_url":"https:\/\/eldiariodesanpedro.com.ar\/sitio\/wp-content\/uploads\/2019\/10\/bbx_1072691450_1_escuela.jpg","jetpack_shortlink":"https:\/\/wp.me\/p6RhLt-ghU","jetpack_sharing_enabled":true,"_links":{"self":[{"href":"https:\/\/eldiariodesanpedro.com.ar\/sitio\/wp-json\/wp\/v2\/posts\/62614","targetHints":{"allow":["GET"]}}],"collection":[{"href":"https:\/\/eldiariodesanpedro.com.ar\/sitio\/wp-json\/wp\/v2\/posts"}],"about":[{"href":"https:\/\/eldiariodesanpedro.com.ar\/sitio\/wp-json\/wp\/v2\/types\/post"}],"author":[{"embeddable":true,"href":"https:\/\/eldiariodesanpedro.com.ar\/sitio\/wp-json\/wp\/v2\/users\/4"}],"replies":[{"embeddable":true,"href":"https:\/\/eldiariodesanpedro.com.ar\/sitio\/wp-json\/wp\/v2\/comments?post=62614"}],"version-history":[{"count":1,"href":"https:\/\/eldiariodesanpedro.com.ar\/sitio\/wp-json\/wp\/v2\/posts\/62614\/revisions"}],"predecessor-version":[{"id":62621,"href":"https:\/\/eldiariodesanpedro.com.ar\/sitio\/wp-json\/wp\/v2\/posts\/62614\/revisions\/62621"}],"wp:featuredmedia":[{"embeddable":true,"href":"https:\/\/eldiariodesanpedro.com.ar\/sitio\/wp-json\/wp\/v2\/media\/62620"}],"wp:attachment":[{"href":"https:\/\/eldiariodesanpedro.com.ar\/sitio\/wp-json\/wp\/v2\/media?parent=62614"}],"wp:term":[{"taxonomy":"category","embeddable":true,"href":"https:\/\/eldiariodesanpedro.com.ar\/sitio\/wp-json\/wp\/v2\/categories?post=62614"},{"taxonomy":"post_tag","embeddable":true,"href":"https:\/\/eldiariodesanpedro.com.ar\/sitio\/wp-json\/wp\/v2\/tags?post=62614"}],"curies":[{"name":"wp","href":"https:\/\/api.w.org\/{rel}","templated":true}]}}