{"id":62598,"date":"2019-10-24T09:26:38","date_gmt":"2019-10-24T12:26:38","guid":{"rendered":"https:\/\/eldiariodesanpedro.com.ar\/sitio\/?p=62598"},"modified":"2019-10-24T09:26:42","modified_gmt":"2019-10-24T12:26:42","slug":"inta-participa-del-proyecto-internacional-contra-el-hlb","status":"publish","type":"post","link":"https:\/\/eldiariodesanpedro.com.ar\/sitio\/inta-participa-del-proyecto-internacional-contra-el-hlb\/","title":{"rendered":"INTA: Participa del proyecto Internacional contra el HLB"},"content":{"rendered":"<!-- VideographyWP Plugin Message: Automatic video embedding prevented by plugin options. -->\n\n<p> Esta semana la ciudad de Chajar\u00ed de Entre R\u00edos fue escenario de la reuni\u00f3n de arranque del Proyecto internacional financiado por FONTAGRO denominado \u201cControl sustentable del vector de HLB en la agricultura familiar en Argentina, Uruguay, Paraguay y Bolivia\u201d, y del que INTA San Pedro es parte a trav\u00e9s de las actividades que se llevan adelante en uno de los 17 lotes demostrativos propuestos. <\/p>\n\n\n\n<p>En encuentro, del que participaron m\u00e1s de 60 personas, cont\u00f3 con la presencia del intendente de la ciudad, autoridades del INTA Concordia y los referentes del proyecto en sus cuatro componentes. <\/p>\n\n\n\n<ul class=\"wp-block-gallery columns-2 is-cropped wp-block-gallery-1 is-layout-flex wp-block-gallery-is-layout-flex\"><li class=\"blocks-gallery-item\"><figure><img decoding=\"async\" width=\"960\" height=\"639\" data-attachment-id=\"62601\" data-permalink=\"https:\/\/eldiariodesanpedro.com.ar\/sitio\/inta-participa-del-proyecto-internacional-contra-el-hlb\/72937808_1481234412031767_1043827363898458112_n\/\" data-orig-file=\"https:\/\/eldiariodesanpedro.com.ar\/sitio\/wp-content\/uploads\/2019\/10\/72937808_1481234412031767_1043827363898458112_n.jpg\" data-orig-size=\"960,639\" data-comments-opened=\"1\" data-image-meta=\"{&quot;aperture&quot;:&quot;0&quot;,&quot;credit&quot;:&quot;&quot;,&quot;camera&quot;:&quot;&quot;,&quot;caption&quot;:&quot;&quot;,&quot;created_timestamp&quot;:&quot;0&quot;,&quot;copyright&quot;:&quot;&quot;,&quot;focal_length&quot;:&quot;0&quot;,&quot;iso&quot;:&quot;0&quot;,&quot;shutter_speed&quot;:&quot;0&quot;,&quot;title&quot;:&quot;&quot;,&quot;orientation&quot;:&quot;0&quot;}\" data-image-title=\"72937808_1481234412031767_1043827363898458112_n\" data-image-description=\"\" data-image-caption=\"\" data-large-file=\"https:\/\/eldiariodesanpedro.com.ar\/sitio\/wp-content\/uploads\/2019\/10\/72937808_1481234412031767_1043827363898458112_n.jpg\" data-src=\"https:\/\/eldiariodesanpedro.com.ar\/sitio\/wp-content\/uploads\/2019\/10\/72937808_1481234412031767_1043827363898458112_n.jpg\" alt=\"\" data-id=\"62601\" data-link=\"https:\/\/eldiariodesanpedro.com.ar\/sitio\/?attachment_id=62601\" class=\"wp-image-62601 lazyload\" data-srcset=\"https:\/\/eldiariodesanpedro.com.ar\/sitio\/wp-content\/uploads\/2019\/10\/72937808_1481234412031767_1043827363898458112_n.jpg 960w, https:\/\/eldiariodesanpedro.com.ar\/sitio\/wp-content\/uploads\/2019\/10\/72937808_1481234412031767_1043827363898458112_n-300x200.jpg 300w, https:\/\/eldiariodesanpedro.com.ar\/sitio\/wp-content\/uploads\/2019\/10\/72937808_1481234412031767_1043827363898458112_n-768x511.jpg 768w\" data-sizes=\"(max-width: 960px) 100vw, 960px\" src=\"data:image\/svg+xml;base64,PHN2ZyB3aWR0aD0iMSIgaGVpZ2h0PSIxIiB4bWxucz0iaHR0cDovL3d3dy53My5vcmcvMjAwMC9zdmciPjwvc3ZnPg==\" style=\"--smush-placeholder-width: 960px; --smush-placeholder-aspect-ratio: 960\/639;\" \/><\/figure><\/li><li class=\"blocks-gallery-item\"><figure><img decoding=\"async\" width=\"720\" height=\"960\" data-attachment-id=\"62602\" data-permalink=\"https:\/\/eldiariodesanpedro.com.ar\/sitio\/inta-participa-del-proyecto-internacional-contra-el-hlb\/74229566_1481236215364920_3852852759938203648_n\/\" data-orig-file=\"https:\/\/eldiariodesanpedro.com.ar\/sitio\/wp-content\/uploads\/2019\/10\/74229566_1481236215364920_3852852759938203648_n.jpg\" data-orig-size=\"720,960\" data-comments-opened=\"1\" data-image-meta=\"{&quot;aperture&quot;:&quot;0&quot;,&quot;credit&quot;:&quot;&quot;,&quot;camera&quot;:&quot;&quot;,&quot;caption&quot;:&quot;&quot;,&quot;created_timestamp&quot;:&quot;0&quot;,&quot;copyright&quot;:&quot;&quot;,&quot;focal_length&quot;:&quot;0&quot;,&quot;iso&quot;:&quot;0&quot;,&quot;shutter_speed&quot;:&quot;0&quot;,&quot;title&quot;:&quot;&quot;,&quot;orientation&quot;:&quot;0&quot;}\" data-image-title=\"74229566_1481236215364920_3852852759938203648_n\" data-image-description=\"\" data-image-caption=\"\" data-large-file=\"https:\/\/eldiariodesanpedro.com.ar\/sitio\/wp-content\/uploads\/2019\/10\/74229566_1481236215364920_3852852759938203648_n.jpg\" data-src=\"https:\/\/eldiariodesanpedro.com.ar\/sitio\/wp-content\/uploads\/2019\/10\/74229566_1481236215364920_3852852759938203648_n.jpg\" alt=\"\" data-id=\"62602\" data-link=\"https:\/\/eldiariodesanpedro.com.ar\/sitio\/?attachment_id=62602\" class=\"wp-image-62602 lazyload\" data-srcset=\"https:\/\/eldiariodesanpedro.com.ar\/sitio\/wp-content\/uploads\/2019\/10\/74229566_1481236215364920_3852852759938203648_n.jpg 720w, https:\/\/eldiariodesanpedro.com.ar\/sitio\/wp-content\/uploads\/2019\/10\/74229566_1481236215364920_3852852759938203648_n-225x300.jpg 225w\" data-sizes=\"(max-width: 720px) 100vw, 720px\" src=\"data:image\/svg+xml;base64,PHN2ZyB3aWR0aD0iMSIgaGVpZ2h0PSIxIiB4bWxucz0iaHR0cDovL3d3dy53My5vcmcvMjAwMC9zdmciPjwvc3ZnPg==\" style=\"--smush-placeholder-width: 720px; --smush-placeholder-aspect-ratio: 720\/960;\" \/><\/figure><\/li><\/ul>\n\n\n\n<p>Durante la jornada del martes 22, se realizaron algunas charlas sobre el vector y los s\u00edntomas que se observan en Argentina; insectos ben\u00e9ficos y formas de monitoreo; la situaci\u00f3n nacional por parte de SENASA y tambi\u00e9n cont\u00f3 con la exposici\u00f3n de algunos avances con respecto a las experiencias en los territorios.  \u00a0En tanto el mi\u00e9rcoles, continuaron las actividades organizadas en talleres con plenario final para compartir los acuerdos establecidos. <\/p>\n\n\n\n<p>Para el cierre est\u00e1 prevista una recorrida por lotes c\u00edtricos para observar el insecto vector. M\u00e1s info: mitidieri.mariel@inta.gob.ar <\/p>\n\n\n\n<p>\u00bfQu\u00e9 es el HLB?<\/p>\n\n\n\n<p>La enfermedad\u00a0<strong>Huanglongbing (HLB)<\/strong>, tambi\u00e9n conocida como enverdecimiento de los c\u00edtricos, es una enfermedad bacteriana de las plantas que, aunque\u00a0<strong>no es peligrosa para los humanos<\/strong>, destruye la producci\u00f3n, apariencia y valor econ\u00f3mico de los \u00e1rboles de c\u00edtricos, y el sabor de la fruta y su jugo. En el mundo,\u00a0<strong>es la enfermedad m\u00e1s destructiva de las plantas de c\u00edtricos<\/strong>\u00a0y una vez que un \u00e1rbol est\u00e1 infectado, no tiene cura. Los \u00e1rboles enfermos producen frutos amargos, incomibles, deformes y, con el tiempo, mueren.\u00a0<strong>El HLB ya ha destruido la producci\u00f3n citr\u00edcola en varias regiones del mundo<\/strong>.\u00a0<\/p>\n\n\n\n<figure class=\"wp-block-image\"><img decoding=\"async\" width=\"1000\" height=\"570\" data-attachment-id=\"62599\" data-permalink=\"https:\/\/eldiariodesanpedro.com.ar\/sitio\/inta-participa-del-proyecto-internacional-contra-el-hlb\/hlb-port\/\" data-orig-file=\"https:\/\/eldiariodesanpedro.com.ar\/sitio\/wp-content\/uploads\/2019\/10\/hlb-port.jpg\" data-orig-size=\"1000,570\" data-comments-opened=\"1\" data-image-meta=\"{&quot;aperture&quot;:&quot;0&quot;,&quot;credit&quot;:&quot;&quot;,&quot;camera&quot;:&quot;&quot;,&quot;caption&quot;:&quot;&quot;,&quot;created_timestamp&quot;:&quot;0&quot;,&quot;copyright&quot;:&quot;&quot;,&quot;focal_length&quot;:&quot;0&quot;,&quot;iso&quot;:&quot;0&quot;,&quot;shutter_speed&quot;:&quot;0&quot;,&quot;title&quot;:&quot;&quot;,&quot;orientation&quot;:&quot;1&quot;}\" data-image-title=\"hlb-port\" data-image-description=\"\" data-image-caption=\"\" data-large-file=\"https:\/\/eldiariodesanpedro.com.ar\/sitio\/wp-content\/uploads\/2019\/10\/hlb-port.jpg\" data-src=\"https:\/\/eldiariodesanpedro.com.ar\/sitio\/wp-content\/uploads\/2019\/10\/hlb-port.jpg\" alt=\"\" class=\"wp-image-62599 lazyload\" data-srcset=\"https:\/\/eldiariodesanpedro.com.ar\/sitio\/wp-content\/uploads\/2019\/10\/hlb-port.jpg 1000w, https:\/\/eldiariodesanpedro.com.ar\/sitio\/wp-content\/uploads\/2019\/10\/hlb-port-300x171.jpg 300w, https:\/\/eldiariodesanpedro.com.ar\/sitio\/wp-content\/uploads\/2019\/10\/hlb-port-768x438.jpg 768w\" data-sizes=\"(max-width: 1000px) 100vw, 1000px\" src=\"data:image\/svg+xml;base64,PHN2ZyB3aWR0aD0iMSIgaGVpZ2h0PSIxIiB4bWxucz0iaHR0cDovL3d3dy53My5vcmcvMjAwMC9zdmciPjwvc3ZnPg==\" style=\"--smush-placeholder-width: 1000px; --smush-placeholder-aspect-ratio: 1000\/570;\" \/><\/figure>\n\n\n\n<p><strong>En frutos<\/strong>:<br>S\u00edntomas externos: deformaci\u00f3n, reducci\u00f3n del tama\u00f1o. Presencia de manchas verde claro en la c\u00e1scara. Mayor espesor de c\u00e1scara.<br>S\u00edntomas internos: aumento de acidez y disminuci\u00f3n de jugo. Semillas malformadas (abortadas) y de coloraci\u00f3n oscura.<\/p>\n\n\n\n<p><strong>En hojas<\/strong>: Aparici\u00f3n de manchas irregulares de coloraci\u00f3n verde clara o amarillenta. Engrosamiento y aclaraci\u00f3n de nervaduras.<\/p>\n\n\n\n<p><strong>En ramas<\/strong>: De color amarillento. Defoliaci\u00f3n. Ca\u00edda prematura de frutos.<\/p>\n\n\n\n<p>Todos los s\u00edntomas pueden variar de acuerdo a los siguientes factores:&nbsp;<\/p>\n\n\n\n<p>La variedad y la edad de la planta: los s\u00edntomas se observan mejor en \u00e1rboles j\u00f3venes que en los m\u00e1s desarrollados.<\/p>\n\n\n\n<p>\u00c9poca del a\u00f1o: los s\u00edntomas son m\u00e1s evidentes en oto\u00f1o e invierno.<\/p>\n\n\n\n<p>Adem\u00e1s, esta sintomatolog\u00eda se expresa de distinta forma seg\u00fan la especie de c\u00edtrico de que se trate:<\/p>\n\n\n\n<p>Severa: en naranja dulce, mandarina y tangelo.<\/p>\n\n\n\n<p>Moderada: en lim\u00f3n, naranja \u00e1cida y pomelo.<\/p>\n\n\n\n<p>Leve o muy leve: en &nbsp;naranja trifoliada -con sus h\u00edbridos- y lima mexicana.<\/p>\n\n\n\n<p>\u00bfC\u00f3mo se transmite el HLB?<\/p>\n\n\n\n<p>El HLB es una enfermedad producida por la bacteria Candidatus Liberibacter spp, que afecta a todos los c\u00edtricos y a algunas plantas ornamentales. Se propaga, solamente, a trav\u00e9s de yemas de plantas infectadas e insectos vectores que se alimentan y reproducen en hojas y brotes tiernos de la planta.&nbsp;<\/p>\n\n\n\n<p>Hasta el momento, se conocen tres variantes presentes en c\u00edtricos del pat\u00f3geno:<\/p>\n\n\n\n<p>Candidatus Liberibacter asiaticus (Presente en pa\u00edses de Asia, Brasil y EE.UU.)<\/p>\n\n\n\n<p>Candidatus Liberibacter americanus (Presente solamente en Brasil)<\/p>\n\n\n\n<p>Candidatus Liberibacter africanus (Presente solamente en pa\u00edses de \u00c1frica)<\/p>\n\n\n\n<p>Las plantas j\u00f3venes infectadas no llegan a producir y los ejemplares adultos pasan a ser improductivos &nbsp;entre los 2 a 5 a\u00f1os, luego de haber contra\u00eddo la enfermedad.<\/p>\n\n\n\n<p>A diferencia de otras enfermedades, la poda resulta ineficaz. Ante la manifestaci\u00f3n de la enfermedad, los da\u00f1os son irreversibles. La planta debe ser eliminada, ya que una vez infectada, se convierte en un nuevo reservorio del agente causal.<\/p>\n\n\n\n<figure class=\"wp-block-image\"><img decoding=\"async\" width=\"1280\" height=\"720\" data-attachment-id=\"62603\" data-permalink=\"https:\/\/eldiariodesanpedro.com.ar\/sitio\/inta-participa-del-proyecto-internacional-contra-el-hlb\/maxresdefault-10\/\" data-orig-file=\"https:\/\/eldiariodesanpedro.com.ar\/sitio\/wp-content\/uploads\/2019\/10\/maxresdefault.jpg\" data-orig-size=\"1280,720\" data-comments-opened=\"1\" data-image-meta=\"{&quot;aperture&quot;:&quot;0&quot;,&quot;credit&quot;:&quot;&quot;,&quot;camera&quot;:&quot;&quot;,&quot;caption&quot;:&quot;&quot;,&quot;created_timestamp&quot;:&quot;0&quot;,&quot;copyright&quot;:&quot;&quot;,&quot;focal_length&quot;:&quot;0&quot;,&quot;iso&quot;:&quot;0&quot;,&quot;shutter_speed&quot;:&quot;0&quot;,&quot;title&quot;:&quot;&quot;,&quot;orientation&quot;:&quot;0&quot;}\" data-image-title=\"maxresdefault\" data-image-description=\"\" data-image-caption=\"\" data-large-file=\"https:\/\/eldiariodesanpedro.com.ar\/sitio\/wp-content\/uploads\/2019\/10\/maxresdefault-1024x576.jpg\" data-src=\"https:\/\/i0.wp.com\/eldiariodesanpedro.com.ar\/sitio\/wp-content\/uploads\/2019\/10\/maxresdefault.jpg?fit=660%2C371\" alt=\"\" class=\"wp-image-62603 lazyload\" data-srcset=\"https:\/\/eldiariodesanpedro.com.ar\/sitio\/wp-content\/uploads\/2019\/10\/maxresdefault.jpg 1280w, https:\/\/eldiariodesanpedro.com.ar\/sitio\/wp-content\/uploads\/2019\/10\/maxresdefault-300x169.jpg 300w, https:\/\/eldiariodesanpedro.com.ar\/sitio\/wp-content\/uploads\/2019\/10\/maxresdefault-768x432.jpg 768w, https:\/\/eldiariodesanpedro.com.ar\/sitio\/wp-content\/uploads\/2019\/10\/maxresdefault-1024x576.jpg 1024w\" data-sizes=\"(max-width: 1280px) 100vw, 1280px\" src=\"data:image\/svg+xml;base64,PHN2ZyB3aWR0aD0iMSIgaGVpZ2h0PSIxIiB4bWxucz0iaHR0cDovL3d3dy53My5vcmcvMjAwMC9zdmciPjwvc3ZnPg==\" style=\"--smush-placeholder-width: 1280px; --smush-placeholder-aspect-ratio: 1280\/720;\" \/><\/figure>\n","protected":false},"excerpt":{"rendered":"<p>Esta semana la ciudad de Chajar\u00ed de Entre R\u00edos fue escenario de la reuni\u00f3n de arranque del Proyecto internacional financiado por FONTAGRO denominado \u201cControl sustentable del vector de HLB en la agricultura familiar en Argentina, Uruguay, Paraguay y Bolivia\u201d, y del que INTA San Pedro es parte a trav\u00e9s de las actividades que se llevan [&hellip;]<\/p>\n","protected":false},"author":4,"featured_media":62600,"comment_status":"open","ping_status":"closed","sticky":false,"template":"","format":"standard","meta":{"om_disable_all_campaigns":false,"_jetpack_memberships_contains_paid_content":false,"footnotes":""},"categories":[50,101,2],"tags":[],"class_list":["post-62598","post","type-post","status-publish","format-standard","has-post-thumbnail","hentry","category-destacadas","category-interes-general-locales","category-locales"],"aioseo_notices":[],"gutentor_comment":0,"jetpack_featured_media_url":"https:\/\/eldiariodesanpedro.com.ar\/sitio\/wp-content\/uploads\/2019\/10\/ingreso-del-hlb-a-peru-pondria-en-riesgo-58-mil-hectareas-de-16443.jpg","jetpack_shortlink":"https:\/\/wp.me\/p6RhLt-ghE","jetpack_sharing_enabled":true,"_links":{"self":[{"href":"https:\/\/eldiariodesanpedro.com.ar\/sitio\/wp-json\/wp\/v2\/posts\/62598","targetHints":{"allow":["GET"]}}],"collection":[{"href":"https:\/\/eldiariodesanpedro.com.ar\/sitio\/wp-json\/wp\/v2\/posts"}],"about":[{"href":"https:\/\/eldiariodesanpedro.com.ar\/sitio\/wp-json\/wp\/v2\/types\/post"}],"author":[{"embeddable":true,"href":"https:\/\/eldiariodesanpedro.com.ar\/sitio\/wp-json\/wp\/v2\/users\/4"}],"replies":[{"embeddable":true,"href":"https:\/\/eldiariodesanpedro.com.ar\/sitio\/wp-json\/wp\/v2\/comments?post=62598"}],"version-history":[{"count":1,"href":"https:\/\/eldiariodesanpedro.com.ar\/sitio\/wp-json\/wp\/v2\/posts\/62598\/revisions"}],"predecessor-version":[{"id":62604,"href":"https:\/\/eldiariodesanpedro.com.ar\/sitio\/wp-json\/wp\/v2\/posts\/62598\/revisions\/62604"}],"wp:featuredmedia":[{"embeddable":true,"href":"https:\/\/eldiariodesanpedro.com.ar\/sitio\/wp-json\/wp\/v2\/media\/62600"}],"wp:attachment":[{"href":"https:\/\/eldiariodesanpedro.com.ar\/sitio\/wp-json\/wp\/v2\/media?parent=62598"}],"wp:term":[{"taxonomy":"category","embeddable":true,"href":"https:\/\/eldiariodesanpedro.com.ar\/sitio\/wp-json\/wp\/v2\/categories?post=62598"},{"taxonomy":"post_tag","embeddable":true,"href":"https:\/\/eldiariodesanpedro.com.ar\/sitio\/wp-json\/wp\/v2\/tags?post=62598"}],"curies":[{"name":"wp","href":"https:\/\/api.w.org\/{rel}","templated":true}]}}