{"id":62571,"date":"2019-10-23T16:09:24","date_gmt":"2019-10-23T19:09:24","guid":{"rendered":"https:\/\/eldiariodesanpedro.com.ar\/sitio\/?p=62571"},"modified":"2019-10-23T16:09:28","modified_gmt":"2019-10-23T19:09:28","slug":"reconocimiento-a-los-jovenes-de-las-olimpiadas-inet","status":"publish","type":"post","link":"https:\/\/eldiariodesanpedro.com.ar\/sitio\/reconocimiento-a-los-jovenes-de-las-olimpiadas-inet\/","title":{"rendered":"Reconocimiento a los j\u00f3venes de las Olimp\u00edadas INET"},"content":{"rendered":"<!-- VideographyWP Plugin Message: Automatic video embedding prevented by plugin options. -->\n\n<p> Esta ma\u00f1ana fueron recibidos por el Intendente Municipal Cecilio Salazar y acompa\u00f1ados por la Jefa Distrital Mercedes Vell\u00f3n, los alumnos de la Escuela de Educaci\u00f3n T\u00e9cnica N\u00ba1, que pasaron a la instancia nacional de las Olimpiadas INET, tras obtener excelentes resultados en las especialidades de Programaci\u00f3n Inform\u00e1tica, Electromec\u00e1nica y Qu\u00edmica del certamen que se llev\u00f3 a cabo en Mar del Plata.<\/p>\n\n\n\n<p>Rodrigo Castro, Luciano Gonz\u00e1lez, Jorge Camarasa, Nahuel Verd\u00f3n, Santiago N\u00fa\u00f1ez y Kevin Jhonsen obtuvieron este valioso premio por la presentaci\u00f3n de sus proyectos con un puntaje de 100\/100 (primer puesto) en Programaci\u00f3n Inform\u00e1tica y 88\/100 en Electromec\u00e1nica, para acceder a la etapa nacional que se desarrollar\u00e1 en Tecn\u00f3polis entre el 29 de octubre y el 2 de noviembre pr\u00f3ximos.<\/p>\n\n\n\n<p>Los alumnos de 7 a\u00f1o de la Escuela Industrial, recibieron un obsequio de manos del Intendente y asistieron acompa\u00f1ados por Alejandro Acosta, Director de la EET N\u00b01 y el Profesor Fernando Gim\u00e9nez.<\/p>\n\n\n\n<p>Un verdadero orgullo para la juventud y la comunidad sampedrina. <\/p>\n\n\n\n<figure class=\"wp-block-image\"><img decoding=\"async\" width=\"1024\" height=\"683\" data-attachment-id=\"62572\" data-permalink=\"https:\/\/eldiariodesanpedro.com.ar\/sitio\/reconocimiento-a-los-jovenes-de-las-olimpiadas-inet\/bi4a7701\/\" data-orig-file=\"https:\/\/eldiariodesanpedro.com.ar\/sitio\/wp-content\/uploads\/2019\/10\/BI4A7701.jpg\" data-orig-size=\"5760,3840\" data-comments-opened=\"1\" data-image-meta=\"{&quot;aperture&quot;:&quot;4&quot;,&quot;credit&quot;:&quot;&quot;,&quot;camera&quot;:&quot;Canon EOS 5D Mark III&quot;,&quot;caption&quot;:&quot;&quot;,&quot;created_timestamp&quot;:&quot;1579516957&quot;,&quot;copyright&quot;:&quot;&quot;,&quot;focal_length&quot;:&quot;24&quot;,&quot;iso&quot;:&quot;1600&quot;,&quot;shutter_speed&quot;:&quot;0.016666666666667&quot;,&quot;title&quot;:&quot;&quot;,&quot;orientation&quot;:&quot;0&quot;}\" data-image-title=\"BI4A7701\" data-image-description=\"\" data-image-caption=\"\" data-large-file=\"https:\/\/eldiariodesanpedro.com.ar\/sitio\/wp-content\/uploads\/2019\/10\/BI4A7701-1024x683.jpg\" data-src=\"https:\/\/eldiariodesanpedro.com.ar\/sitio\/wp-content\/uploads\/2019\/10\/BI4A7701-1024x683.jpg\" alt=\"\" class=\"wp-image-62572 lazyload\" data-srcset=\"https:\/\/eldiariodesanpedro.com.ar\/sitio\/wp-content\/uploads\/2019\/10\/BI4A7701-1024x683.jpg 1024w, https:\/\/eldiariodesanpedro.com.ar\/sitio\/wp-content\/uploads\/2019\/10\/BI4A7701-300x200.jpg 300w, https:\/\/eldiariodesanpedro.com.ar\/sitio\/wp-content\/uploads\/2019\/10\/BI4A7701-768x512.jpg 768w\" data-sizes=\"(max-width: 1024px) 100vw, 1024px\" src=\"data:image\/svg+xml;base64,PHN2ZyB3aWR0aD0iMSIgaGVpZ2h0PSIxIiB4bWxucz0iaHR0cDovL3d3dy53My5vcmcvMjAwMC9zdmciPjwvc3ZnPg==\" style=\"--smush-placeholder-width: 1024px; --smush-placeholder-aspect-ratio: 1024\/683;\" \/><\/figure>\n","protected":false},"excerpt":{"rendered":"<p>Esta ma\u00f1ana fueron recibidos por el Intendente Municipal Cecilio Salazar y acompa\u00f1ados por la Jefa Distrital Mercedes Vell\u00f3n, los alumnos de la Escuela de Educaci\u00f3n T\u00e9cnica N\u00ba1, que pasaron a la instancia nacional de las Olimpiadas INET, tras obtener excelentes resultados en las especialidades de Programaci\u00f3n Inform\u00e1tica, Electromec\u00e1nica y Qu\u00edmica del certamen que se llev\u00f3 [&hellip;]<\/p>\n","protected":false},"author":4,"featured_media":62573,"comment_status":"open","ping_status":"closed","sticky":false,"template":"","format":"standard","meta":{"om_disable_all_campaigns":false,"_jetpack_memberships_contains_paid_content":false,"footnotes":""},"categories":[101,2],"tags":[],"class_list":["post-62571","post","type-post","status-publish","format-standard","has-post-thumbnail","hentry","category-interes-general-locales","category-locales"],"aioseo_notices":[],"gutentor_comment":0,"jetpack_featured_media_url":"https:\/\/eldiariodesanpedro.com.ar\/sitio\/wp-content\/uploads\/2019\/10\/BI4A7713.jpg","jetpack_shortlink":"https:\/\/wp.me\/p6RhLt-ghd","jetpack_sharing_enabled":true,"_links":{"self":[{"href":"https:\/\/eldiariodesanpedro.com.ar\/sitio\/wp-json\/wp\/v2\/posts\/62571","targetHints":{"allow":["GET"]}}],"collection":[{"href":"https:\/\/eldiariodesanpedro.com.ar\/sitio\/wp-json\/wp\/v2\/posts"}],"about":[{"href":"https:\/\/eldiariodesanpedro.com.ar\/sitio\/wp-json\/wp\/v2\/types\/post"}],"author":[{"embeddable":true,"href":"https:\/\/eldiariodesanpedro.com.ar\/sitio\/wp-json\/wp\/v2\/users\/4"}],"replies":[{"embeddable":true,"href":"https:\/\/eldiariodesanpedro.com.ar\/sitio\/wp-json\/wp\/v2\/comments?post=62571"}],"version-history":[{"count":1,"href":"https:\/\/eldiariodesanpedro.com.ar\/sitio\/wp-json\/wp\/v2\/posts\/62571\/revisions"}],"predecessor-version":[{"id":62574,"href":"https:\/\/eldiariodesanpedro.com.ar\/sitio\/wp-json\/wp\/v2\/posts\/62571\/revisions\/62574"}],"wp:featuredmedia":[{"embeddable":true,"href":"https:\/\/eldiariodesanpedro.com.ar\/sitio\/wp-json\/wp\/v2\/media\/62573"}],"wp:attachment":[{"href":"https:\/\/eldiariodesanpedro.com.ar\/sitio\/wp-json\/wp\/v2\/media?parent=62571"}],"wp:term":[{"taxonomy":"category","embeddable":true,"href":"https:\/\/eldiariodesanpedro.com.ar\/sitio\/wp-json\/wp\/v2\/categories?post=62571"},{"taxonomy":"post_tag","embeddable":true,"href":"https:\/\/eldiariodesanpedro.com.ar\/sitio\/wp-json\/wp\/v2\/tags?post=62571"}],"curies":[{"name":"wp","href":"https:\/\/api.w.org\/{rel}","templated":true}]}}