{"id":62535,"date":"2019-10-23T11:42:10","date_gmt":"2019-10-23T14:42:10","guid":{"rendered":"https:\/\/eldiariodesanpedro.com.ar\/sitio\/?p=62535"},"modified":"2019-10-23T11:42:15","modified_gmt":"2019-10-23T14:42:15","slug":"ramallo-desbaratan-banda-que-liberaba-celulares","status":"publish","type":"post","link":"https:\/\/eldiariodesanpedro.com.ar\/sitio\/ramallo-desbaratan-banda-que-liberaba-celulares\/","title":{"rendered":"RAMALLO | Desbaratan banda que liberaba celulares"},"content":{"rendered":"<!-- VideographyWP Plugin Message: Automatic video embedding prevented by plugin options. -->\n\n<p>La DDI San Nicol\u00e1s realizo una serie de allanamientos en diferentes casas de venta de celulares, donde figur\u00f3 uno en Villa Ramallo. All\u00ed se detuvieron a dos personas, por el delito de adulteraci\u00f3n de celulares.<\/p>\n\n\n\n<p> Tras una investigaci\u00f3n sobre robo, hurto y arrebatos de telefon\u00eda celular, se inicia investigaci\u00f3n donde se puede establecer que los mismos son vendidos en locales comerciales, que funcionan bajo la \u201cpantalla\u201d de servicio t\u00e9cnico y ventas de accesorios.<\/p>\n\n\n\n<p> Por esto, la justicia dispuso 10 allanamientos en San Nicol\u00e1s y Villa Ramallo, en comercio que desarrollan la tarea de desbloqueo, liberaci\u00f3n, y cambio de n\u00famero de Imei de los equipos de procedencia il\u00edcita para su reinserci\u00f3n al mercado comercial con un marco de legalidad.<\/p>\n\n\n\n<p> Fueron secuestrados 1325 celulares, computadoras, chips y documentaci\u00f3n. La presente investigaci\u00f3n se llev\u00f3 a cabo con la Direcci\u00f3n de la Fiscal\u00eda Federal San Nicol\u00e1s a cargo de Mat\u00edas Dilelo y las \u00f3rdenes de allanamientos fueron dispuestas por el Juzgado Federal N\u00b02 San Nicol\u00e1s a cargo de Carlos Villafuerte Ruzo.<\/p>\n\n\n\n<p> Resta informar que particip\u00f3 de la pesquisa personal especializado en telefon\u00eda celular dependientes de la Direcci\u00f3n de An\u00e1lisis  Informaci\u00f3n de las Comunicaciones (DAIC) perteneciente al Ministerio de Seguridad de la provincia de Buenos Aires.<\/p>\n\n\n\n<p>Fuente: Ramallo Ciudad<\/p>\n","protected":false},"excerpt":{"rendered":"<p>La DDI San Nicol\u00e1s realizo una serie de allanamientos en diferentes casas de venta de celulares, donde figur\u00f3 uno en Villa Ramallo. All\u00ed se detuvieron a dos personas, por el delito de adulteraci\u00f3n de celulares. Tras una investigaci\u00f3n sobre robo, hurto y arrebatos de telefon\u00eda celular, se inicia investigaci\u00f3n donde se puede establecer que los [&hellip;]<\/p>\n","protected":false},"author":4,"featured_media":62536,"comment_status":"open","ping_status":"closed","sticky":false,"template":"","format":"standard","meta":{"om_disable_all_campaigns":false,"_jetpack_memberships_contains_paid_content":false,"footnotes":""},"categories":[621],"tags":[],"class_list":["post-62535","post","type-post","status-publish","format-standard","has-post-thumbnail","hentry","category-regionales"],"aioseo_notices":[],"gutentor_comment":0,"jetpack_featured_media_url":"https:\/\/eldiariodesanpedro.com.ar\/sitio\/wp-content\/uploads\/2019\/10\/bbx_859040993_2_11111.jpeg","jetpack_shortlink":"https:\/\/wp.me\/p6RhLt-ggD","jetpack_sharing_enabled":true,"_links":{"self":[{"href":"https:\/\/eldiariodesanpedro.com.ar\/sitio\/wp-json\/wp\/v2\/posts\/62535","targetHints":{"allow":["GET"]}}],"collection":[{"href":"https:\/\/eldiariodesanpedro.com.ar\/sitio\/wp-json\/wp\/v2\/posts"}],"about":[{"href":"https:\/\/eldiariodesanpedro.com.ar\/sitio\/wp-json\/wp\/v2\/types\/post"}],"author":[{"embeddable":true,"href":"https:\/\/eldiariodesanpedro.com.ar\/sitio\/wp-json\/wp\/v2\/users\/4"}],"replies":[{"embeddable":true,"href":"https:\/\/eldiariodesanpedro.com.ar\/sitio\/wp-json\/wp\/v2\/comments?post=62535"}],"version-history":[{"count":1,"href":"https:\/\/eldiariodesanpedro.com.ar\/sitio\/wp-json\/wp\/v2\/posts\/62535\/revisions"}],"predecessor-version":[{"id":62537,"href":"https:\/\/eldiariodesanpedro.com.ar\/sitio\/wp-json\/wp\/v2\/posts\/62535\/revisions\/62537"}],"wp:featuredmedia":[{"embeddable":true,"href":"https:\/\/eldiariodesanpedro.com.ar\/sitio\/wp-json\/wp\/v2\/media\/62536"}],"wp:attachment":[{"href":"https:\/\/eldiariodesanpedro.com.ar\/sitio\/wp-json\/wp\/v2\/media?parent=62535"}],"wp:term":[{"taxonomy":"category","embeddable":true,"href":"https:\/\/eldiariodesanpedro.com.ar\/sitio\/wp-json\/wp\/v2\/categories?post=62535"},{"taxonomy":"post_tag","embeddable":true,"href":"https:\/\/eldiariodesanpedro.com.ar\/sitio\/wp-json\/wp\/v2\/tags?post=62535"}],"curies":[{"name":"wp","href":"https:\/\/api.w.org\/{rel}","templated":true}]}}