{"id":62526,"date":"2019-10-23T11:33:30","date_gmt":"2019-10-23T14:33:30","guid":{"rendered":"https:\/\/eldiariodesanpedro.com.ar\/sitio\/?p=62526"},"modified":"2019-10-23T11:33:36","modified_gmt":"2019-10-23T14:33:36","slug":"zarate-vecinos-cortaron-espana-y-paraguay-para-reclamar-por-inconvenientes-en-una-obra-de-cordon-cuneta","status":"publish","type":"post","link":"https:\/\/eldiariodesanpedro.com.ar\/sitio\/zarate-vecinos-cortaron-espana-y-paraguay-para-reclamar-por-inconvenientes-en-una-obra-de-cordon-cuneta\/","title":{"rendered":"Z\u00c1RATE | Vecinos cortaron Espa\u00f1a y Paraguay para reclamar por inconvenientes en una obra de cord\u00f3n cuneta"},"content":{"rendered":"<!-- VideographyWP Plugin Message: Automatic video embedding prevented by plugin options. -->\n\n<p>\n\nVecinos de barrios linderos a la calle Espa\u00f1a y Paraguay reclamaron esta tarde al municipio por inconvenientes en una obra de cord\u00f3n cuneta que afecta la calidad de vida diaria.<\/p>\n\n\n\n<p>\u00abHace siete meses que comenz\u00f3 y nos gener\u00f3 muchos inconvenientes. El agua servida queda dentro de nuestras cosas y no podemos sacarla. Vino el Municipio por este reclamo, parece que lo que hicimos es la \u00fanica manera para que vengan y nos escuchen\u00bb manifest\u00f3 un grupo de vecinos que se concentr\u00f3 en dicho lugar.<\/p>\n\n\n\n<p>\u00abNos taparon la zanja, no podemos circular, no pueden entrar ambulancias ni remises&#8230; cuando caen dos gotas nos embarramos. No nos dejaron salidas de agua. Se hicieron muchos pedidos, no es que salimos hoy a quemar cubiertas porque quer\u00edamos\u00bb agregaron.<\/p>\n\n\n\n<p>Rosal\u00eda Z\u00e1rate, Secretaria de Obras P\u00fablicas del Municipio de Z\u00e1rate, dialog\u00f3 con Enlace Cr\u00edtico: \u00abEstamos trabajando con cord\u00f3n cuneta y venimos atrasado con la obra, que se ejecuta con fondos de Provincia y que vienen muy lentos; sin embargo estamos resolvi\u00e9ndolo como podemos y lo m\u00e1s r\u00e1pido posible. El reclamo de la gente es justo y lo entendemos. La semana pasada estaba programado comenzar con el trabajo de microaglomerado pero por la lluvia no se pudo realizar\u00bb.<\/p>\n\n\n\n<p>Sobre el cierre asegur\u00f3 que ma\u00f1ana mi\u00e9rcoles a las ocho de la ma\u00f1ana se reanudar\u00e1n los trabajos pendientes.<\/p>\n\n\n\n<p>Fuente: Enlace Critico<\/p>\n","protected":false},"excerpt":{"rendered":"<p>Vecinos de barrios linderos a la calle Espa\u00f1a y Paraguay reclamaron esta tarde al municipio por inconvenientes en una obra de cord\u00f3n cuneta que afecta la calidad de vida diaria. \u00abHace siete meses que comenz\u00f3 y nos gener\u00f3 muchos inconvenientes. El agua servida queda dentro de nuestras cosas y no podemos sacarla. Vino el Municipio [&hellip;]<\/p>\n","protected":false},"author":4,"featured_media":62527,"comment_status":"open","ping_status":"closed","sticky":false,"template":"","format":"standard","meta":{"om_disable_all_campaigns":false,"_jetpack_memberships_contains_paid_content":false,"footnotes":""},"categories":[621],"tags":[],"class_list":["post-62526","post","type-post","status-publish","format-standard","has-post-thumbnail","hentry","category-regionales"],"aioseo_notices":[],"gutentor_comment":0,"jetpack_featured_media_url":"https:\/\/eldiariodesanpedro.com.ar\/sitio\/wp-content\/uploads\/2019\/10\/vecinos-2.jpg","jetpack_shortlink":"https:\/\/wp.me\/p6RhLt-ggu","jetpack_sharing_enabled":true,"_links":{"self":[{"href":"https:\/\/eldiariodesanpedro.com.ar\/sitio\/wp-json\/wp\/v2\/posts\/62526","targetHints":{"allow":["GET"]}}],"collection":[{"href":"https:\/\/eldiariodesanpedro.com.ar\/sitio\/wp-json\/wp\/v2\/posts"}],"about":[{"href":"https:\/\/eldiariodesanpedro.com.ar\/sitio\/wp-json\/wp\/v2\/types\/post"}],"author":[{"embeddable":true,"href":"https:\/\/eldiariodesanpedro.com.ar\/sitio\/wp-json\/wp\/v2\/users\/4"}],"replies":[{"embeddable":true,"href":"https:\/\/eldiariodesanpedro.com.ar\/sitio\/wp-json\/wp\/v2\/comments?post=62526"}],"version-history":[{"count":1,"href":"https:\/\/eldiariodesanpedro.com.ar\/sitio\/wp-json\/wp\/v2\/posts\/62526\/revisions"}],"predecessor-version":[{"id":62528,"href":"https:\/\/eldiariodesanpedro.com.ar\/sitio\/wp-json\/wp\/v2\/posts\/62526\/revisions\/62528"}],"wp:featuredmedia":[{"embeddable":true,"href":"https:\/\/eldiariodesanpedro.com.ar\/sitio\/wp-json\/wp\/v2\/media\/62527"}],"wp:attachment":[{"href":"https:\/\/eldiariodesanpedro.com.ar\/sitio\/wp-json\/wp\/v2\/media?parent=62526"}],"wp:term":[{"taxonomy":"category","embeddable":true,"href":"https:\/\/eldiariodesanpedro.com.ar\/sitio\/wp-json\/wp\/v2\/categories?post=62526"},{"taxonomy":"post_tag","embeddable":true,"href":"https:\/\/eldiariodesanpedro.com.ar\/sitio\/wp-json\/wp\/v2\/tags?post=62526"}],"curies":[{"name":"wp","href":"https:\/\/api.w.org\/{rel}","templated":true}]}}