{"id":62517,"date":"2019-10-23T11:32:06","date_gmt":"2019-10-23T14:32:06","guid":{"rendered":"https:\/\/eldiariodesanpedro.com.ar\/sitio\/?p=62517"},"modified":"2019-10-23T11:32:10","modified_gmt":"2019-10-23T14:32:10","slug":"colon-se-llevo-a-cabo-la-marcha-en-defensa-del-policia-detenido","status":"publish","type":"post","link":"https:\/\/eldiariodesanpedro.com.ar\/sitio\/colon-se-llevo-a-cabo-la-marcha-en-defensa-del-policia-detenido\/","title":{"rendered":"COL\u00d3N | Se llev\u00f3 a cabo la Marcha en defensa del Polic\u00eda detenido"},"content":{"rendered":"<!-- VideographyWP Plugin Message: Automatic video embedding prevented by plugin options. -->\n\n<p>\n\nLa misma fue organizada por familiares del efectivo policial que por una orden del Fiscal Uthurry qued\u00f3 detenido luego del hecho sucedido hace m\u00e1s de una semana,<\/p>\n\n\n\n<p>Una semana despu\u00e9s el fiscal tom\u00f3 la decisi\u00f3n de trasladar al polic\u00eda detenido a La Matanza , pero el \u00faltimo viernes, cuando iba a ser trasladado, familiares se reunieron con el intendente municipal y el jefe de policia comunal y lograron frenar dicho traslado.<\/p>\n\n\n\n<p>A\u00fan el joven efectivo de las fuerzas sigue detenido, es por eso que hoy se realiz\u00f3 la marcha.<\/p>\n\n\n\n<p>Desde el museo de la ciudad por calle 47 y 26 , marcharon por 47 hasta 19, volviendo por 48 hasta la fiscal\u00eda.<\/p>\n\n\n\n<p>El objetivo de la marcha fue pedir la pronta liberaci\u00f3n del joven polic\u00eda quien permanece en los calabozos de la estaci\u00f3n comunal, Una ves all\u00ed familiares y amigos del polic\u00eda detenido reclamaron por algo m\u00e1s de 20 minutos frente al edificio de justicia local, pero el fiscal al parecer ya no se encontraba en el lugar, en el edificio se encontraban Polic\u00edas y jefes de la comisar\u00eda de Col\u00f3n.<\/p>\n\n\n\n<p>Los comisarios presentes dialogaron con familiares, luego all\u00ed los presentes dejaron carteles en el frente de fiscalia y minutos despu\u00e9s se retiraron.<br>Algo m\u00e1s ee 60 personas apoyaron la marcha en favor del Polic\u00eda.<\/p>\n\n\n\n<p>Fuente: <\/p>\n","protected":false},"excerpt":{"rendered":"<p>La misma fue organizada por familiares del efectivo policial que por una orden del Fiscal Uthurry qued\u00f3 detenido luego del hecho sucedido hace m\u00e1s de una semana, Una semana despu\u00e9s el fiscal tom\u00f3 la decisi\u00f3n de trasladar al polic\u00eda detenido a La Matanza , pero el \u00faltimo viernes, cuando iba a ser trasladado, familiares se [&hellip;]<\/p>\n","protected":false},"author":4,"featured_media":62524,"comment_status":"open","ping_status":"closed","sticky":false,"template":"","format":"standard","meta":{"om_disable_all_campaigns":false,"_jetpack_memberships_contains_paid_content":false,"footnotes":""},"categories":[621],"tags":[],"class_list":["post-62517","post","type-post","status-publish","format-standard","has-post-thumbnail","hentry","category-regionales"],"aioseo_notices":[],"gutentor_comment":0,"jetpack_featured_media_url":"https:\/\/eldiariodesanpedro.com.ar\/sitio\/wp-content\/uploads\/2019\/10\/75521627_1327055867467882_1587488571948793856_n.jpg","jetpack_shortlink":"https:\/\/wp.me\/p6RhLt-ggl","jetpack_sharing_enabled":true,"_links":{"self":[{"href":"https:\/\/eldiariodesanpedro.com.ar\/sitio\/wp-json\/wp\/v2\/posts\/62517","targetHints":{"allow":["GET"]}}],"collection":[{"href":"https:\/\/eldiariodesanpedro.com.ar\/sitio\/wp-json\/wp\/v2\/posts"}],"about":[{"href":"https:\/\/eldiariodesanpedro.com.ar\/sitio\/wp-json\/wp\/v2\/types\/post"}],"author":[{"embeddable":true,"href":"https:\/\/eldiariodesanpedro.com.ar\/sitio\/wp-json\/wp\/v2\/users\/4"}],"replies":[{"embeddable":true,"href":"https:\/\/eldiariodesanpedro.com.ar\/sitio\/wp-json\/wp\/v2\/comments?post=62517"}],"version-history":[{"count":1,"href":"https:\/\/eldiariodesanpedro.com.ar\/sitio\/wp-json\/wp\/v2\/posts\/62517\/revisions"}],"predecessor-version":[{"id":62525,"href":"https:\/\/eldiariodesanpedro.com.ar\/sitio\/wp-json\/wp\/v2\/posts\/62517\/revisions\/62525"}],"wp:featuredmedia":[{"embeddable":true,"href":"https:\/\/eldiariodesanpedro.com.ar\/sitio\/wp-json\/wp\/v2\/media\/62524"}],"wp:attachment":[{"href":"https:\/\/eldiariodesanpedro.com.ar\/sitio\/wp-json\/wp\/v2\/media?parent=62517"}],"wp:term":[{"taxonomy":"category","embeddable":true,"href":"https:\/\/eldiariodesanpedro.com.ar\/sitio\/wp-json\/wp\/v2\/categories?post=62517"},{"taxonomy":"post_tag","embeddable":true,"href":"https:\/\/eldiariodesanpedro.com.ar\/sitio\/wp-json\/wp\/v2\/tags?post=62517"}],"curies":[{"name":"wp","href":"https:\/\/api.w.org\/{rel}","templated":true}]}}