{"id":62516,"date":"2019-10-23T13:44:08","date_gmt":"2019-10-23T16:44:08","guid":{"rendered":"https:\/\/eldiariodesanpedro.com.ar\/sitio\/?p=62516"},"modified":"2019-10-23T17:50:51","modified_gmt":"2019-10-23T20:50:51","slug":"me-defendi-esta-persona-fue-decidida-a-matarme-dijo-el-policia-acusado-de-disparar-contra-otro-joven","status":"publish","type":"post","link":"https:\/\/eldiariodesanpedro.com.ar\/sitio\/me-defendi-esta-persona-fue-decidida-a-matarme-dijo-el-policia-acusado-de-disparar-contra-otro-joven\/","title":{"rendered":"\u00abMe defend\u00ed, esta persona fue decidida a matarme\u00bb, dijo el polic\u00eda acusado de disparar contra otro joven"},"content":{"rendered":"<!-- VideographyWP Plugin Message: Automatic video embedding prevented by plugin options. -->\n\n<p>El violento episodio ocurri\u00f3 este domingo por la tarde cuando un sujeto, a quien desconoce, destrozo su auto  con piedras de importante tama\u00f1o, para luego seguir con el conflicto en las puertas de la vivienda de la femenina con la que se encontraba el acusado.<\/p>\n\n\n\n<p>Brian Sprenger, de 28 a\u00f1os de edad, efectivo de la polic\u00eda bonaerense, se hizo presente a nuestra redacci\u00f3n para realizar un descargo contando lo sucedido este domingo por la tarde donde queda imputado por una causa de \u00ababuso de armas\u00bb al disparar supuestamente contra otro joven.<\/p>\n\n\n\n<p>El hecho sucedi\u00f3 primeramente en la v\u00eda p\u00fablica, m\u00e1s precisamente en calle libertad entre Mitre y pellegrini.<\/p>\n\n\n\n<p>Sprenger comienza su relato:<\/p>\n\n\n\n<p>\u00abAlrededor de las 5 de la tarde del domingo, un masculino pateaba las puertas de mis vecinos amenazandolos de muerte*<\/p>\n\n\n\n<figure class=\"wp-block-image\"><img decoding=\"async\" width=\"1024\" height=\"576\" data-attachment-id=\"62521\" data-permalink=\"https:\/\/eldiariodesanpedro.com.ar\/sitio\/img-20191023-wa0014\/\" data-orig-file=\"https:\/\/eldiariodesanpedro.com.ar\/sitio\/wp-content\/uploads\/2019\/10\/IMG-20191023-WA0014.jpg\" data-orig-size=\"1032,581\" data-comments-opened=\"1\" data-image-meta=\"{&quot;aperture&quot;:&quot;0&quot;,&quot;credit&quot;:&quot;&quot;,&quot;camera&quot;:&quot;&quot;,&quot;caption&quot;:&quot;&quot;,&quot;created_timestamp&quot;:&quot;0&quot;,&quot;copyright&quot;:&quot;&quot;,&quot;focal_length&quot;:&quot;0&quot;,&quot;iso&quot;:&quot;0&quot;,&quot;shutter_speed&quot;:&quot;0&quot;,&quot;title&quot;:&quot;&quot;,&quot;orientation&quot;:&quot;0&quot;}\" data-image-title=\"IMG-20191023-WA0014\" data-image-description=\"\" data-image-caption=\"\" data-large-file=\"https:\/\/eldiariodesanpedro.com.ar\/sitio\/wp-content\/uploads\/2019\/10\/IMG-20191023-WA0014-1024x576.jpg\" data-src=\"https:\/\/eldiariodesanpedro.com.ar\/sitio\/wp-content\/uploads\/2019\/10\/IMG-20191023-WA0014-1024x576.jpg\" alt=\"\" class=\"wp-image-62521 lazyload\" data-srcset=\"https:\/\/eldiariodesanpedro.com.ar\/sitio\/wp-content\/uploads\/2019\/10\/IMG-20191023-WA0014-1024x576.jpg 1024w, https:\/\/eldiariodesanpedro.com.ar\/sitio\/wp-content\/uploads\/2019\/10\/IMG-20191023-WA0014-300x169.jpg 300w, https:\/\/eldiariodesanpedro.com.ar\/sitio\/wp-content\/uploads\/2019\/10\/IMG-20191023-WA0014-768x432.jpg 768w, https:\/\/eldiariodesanpedro.com.ar\/sitio\/wp-content\/uploads\/2019\/10\/IMG-20191023-WA0014.jpg 1032w\" data-sizes=\"(max-width: 1024px) 100vw, 1024px\" src=\"data:image\/svg+xml;base64,PHN2ZyB3aWR0aD0iMSIgaGVpZ2h0PSIxIiB4bWxucz0iaHR0cDovL3d3dy53My5vcmcvMjAwMC9zdmciPjwvc3ZnPg==\" style=\"--smush-placeholder-width: 1024px; --smush-placeholder-aspect-ratio: 1024\/576;\" \/><\/figure>\n\n\n\n<p>\u00abDoy aviso a la comisar\u00eda que este masculino de contextura f\u00edsica musculosa,  de remera negra, y color de pelo rubio, fuera de sus caudales quer\u00eda entrar a la casa\u00bb<\/p>\n\n\n\n<p>\u00abPara esto, me golpea la puerta una vecina cont\u00e1ndome que me rompieron el auto, salgo con la persona femenina que me encontraba, la cual la vecina me informa que la persona que me rompe el auto andaba en un Corsa blanco vestido con remera negra\u00bb<\/p>\n\n\n\n<p>\u00abNos subimos al auto, destrozado, corriendo los vidrios y los pedazos de adoqu\u00edn que se encontraba para sentarnos, cuidando de no cortarnos, la llevo a su domicilio, la dejo, me vuelvo, llego a mi casa y constato que no tenia mi llave para ingresar, lo que me hace volver nuevamente a la casa de ella ya que hab\u00eda cerrado la puerta de mi casa, y ah\u00ed cuando llego este sujeto se encontraba pateandole la puerta, totalmente sacado de si\u00bb<\/p>\n\n\n\n<p>\u00bb Este tipo me ve que llego con el auto, que me lo dejo destruido, se me va encima, me arroja una piedra, y viene a atacarme siempre fuera de sus caudales mentales queriendo manotear la puerta de mi auto para hacerme da\u00f1o. Yo me bajo efectu\u00f3 dos disparo a un lugar inerte (la banquina)  para alejarlo tratando de calmarlo anunciando que soy polic\u00eda , d\u00e1ndole la voz de alto y que seda con los ataque de querer matarme;  me sigue atacando, le sigo diciendo que se calme y se tire al piso, lo cual me vuelve a querer atacar y efectu\u00f3 dos disparo m\u00e1s a un lugar inerte y alej\u00e1ndome de el!!\u00bb<\/p>\n\n\n\n<p>Brian sigue con su relato expresando con mucha impotencia , \u00bb a que fue despu\u00e9s a la casa de la chica?, a que la fue a buscar as\u00ed como estaba?, obviamente que la iba a atacar tambi\u00e9n, me ten\u00eda que quedar de brazos cruzados ante un hecho tan violento que me estaba ocurriendo a mi y a la persona que est\u00e1ba conmigo?\u00bb<\/p>\n\n\n\n<p>\u00abCuando llegan los patrulleros esta persona dice que le dispar\u00e9 y cuando llegan varios efectivos policiales logra reci\u00e9n ah\u00ed calmarse\u00bb. <\/p>\n\n\n\n<p>\u00abMe dirijo por mi voluntad a la comisar\u00eda para radicar la denuncia correspondiente por los da\u00f1os y las constantes amenzasas de muerte que recibi, ah\u00ed es cuando  la oficial de servicio nunca me toma declaraci\u00f3n, ni me da la oportunidad de hacer mi descargo \u00bb dici\u00e9ndome yo me voy a encargar de que te quedes preso, quien te crees que sos\u00bb.  Me condenaron a mi cuando esta persona me fue a buscar para matarme, me destrozo el auto, me atac\u00f3 y quiso atacar a la chica que estaba conmigo, que tenia que hacer?, tenia que dejar que me mate, que me desfigure la cara, que la lastime a ella, soy polic\u00eda puedo portar mi arma las 24 horas, puedo y tengo derecho a que si una persona esta cometiendo un delito o que si mi vida corre peligro, la vida de un tercero, puedo defender, y lo hice en defensa, no le tire un disparo para matarlo, no me quedo otra, fue para asustarlo, para que se calme\u00bb<\/p>\n\n\n\n<p>La justicia ordena luego mantenerlo detenido en la comisar\u00eda de San Pedro luego lo trasladan a la 2\u00b0 de San nicolas recuperando la libertad este martes, quedando imputado por \u00ababuso de armas agravado\u00bb por su condici\u00f3n de pertenecer a la fuerza de seguridad.<\/p>\n\n\n\n<p>Hoy Brian Sprenger se encuentra  desafectado de la misma, trabajando junto a su abogado, testigos, intenta reincorporarse.<\/p>\n\n\n\n<ul class=\"wp-block-gallery columns-3 is-cropped wp-block-gallery-1 is-layout-flex wp-block-gallery-is-layout-flex\"><li class=\"blocks-gallery-item\"><figure><img decoding=\"async\" width=\"576\" height=\"1024\" data-attachment-id=\"62522\" data-permalink=\"https:\/\/eldiariodesanpedro.com.ar\/sitio\/img-20191023-wa0012\/\" data-orig-file=\"https:\/\/eldiariodesanpedro.com.ar\/sitio\/wp-content\/uploads\/2019\/10\/IMG-20191023-WA0012.jpg\" data-orig-size=\"581,1032\" data-comments-opened=\"1\" data-image-meta=\"{&quot;aperture&quot;:&quot;0&quot;,&quot;credit&quot;:&quot;&quot;,&quot;camera&quot;:&quot;&quot;,&quot;caption&quot;:&quot;&quot;,&quot;created_timestamp&quot;:&quot;0&quot;,&quot;copyright&quot;:&quot;&quot;,&quot;focal_length&quot;:&quot;0&quot;,&quot;iso&quot;:&quot;0&quot;,&quot;shutter_speed&quot;:&quot;0&quot;,&quot;title&quot;:&quot;&quot;,&quot;orientation&quot;:&quot;0&quot;}\" data-image-title=\"IMG-20191023-WA0012\" data-image-description=\"\" data-image-caption=\"\" data-large-file=\"https:\/\/eldiariodesanpedro.com.ar\/sitio\/wp-content\/uploads\/2019\/10\/IMG-20191023-WA0012-576x1024.jpg\" data-src=\"https:\/\/eldiariodesanpedro.com.ar\/sitio\/wp-content\/uploads\/2019\/10\/IMG-20191023-WA0012-576x1024.jpg\" alt=\"\" data-id=\"62522\" data-link=\"https:\/\/eldiariodesanpedro.com.ar\/sitio\/img-20191023-wa0012\/\" class=\"wp-image-62522 lazyload\" data-srcset=\"https:\/\/eldiariodesanpedro.com.ar\/sitio\/wp-content\/uploads\/2019\/10\/IMG-20191023-WA0012-576x1024.jpg 576w, https:\/\/eldiariodesanpedro.com.ar\/sitio\/wp-content\/uploads\/2019\/10\/IMG-20191023-WA0012-169x300.jpg 169w, https:\/\/eldiariodesanpedro.com.ar\/sitio\/wp-content\/uploads\/2019\/10\/IMG-20191023-WA0012.jpg 581w\" data-sizes=\"(max-width: 576px) 100vw, 576px\" src=\"data:image\/svg+xml;base64,PHN2ZyB3aWR0aD0iMSIgaGVpZ2h0PSIxIiB4bWxucz0iaHR0cDovL3d3dy53My5vcmcvMjAwMC9zdmciPjwvc3ZnPg==\" style=\"--smush-placeholder-width: 576px; --smush-placeholder-aspect-ratio: 576\/1024;\" \/><\/figure><\/li><li class=\"blocks-gallery-item\"><figure><img decoding=\"async\" width=\"576\" height=\"1024\" data-attachment-id=\"62523\" data-permalink=\"https:\/\/eldiariodesanpedro.com.ar\/sitio\/img-20191023-wa0013\/\" data-orig-file=\"https:\/\/eldiariodesanpedro.com.ar\/sitio\/wp-content\/uploads\/2019\/10\/IMG-20191023-WA0013.jpg\" data-orig-size=\"581,1032\" data-comments-opened=\"1\" data-image-meta=\"{&quot;aperture&quot;:&quot;0&quot;,&quot;credit&quot;:&quot;&quot;,&quot;camera&quot;:&quot;&quot;,&quot;caption&quot;:&quot;&quot;,&quot;created_timestamp&quot;:&quot;0&quot;,&quot;copyright&quot;:&quot;&quot;,&quot;focal_length&quot;:&quot;0&quot;,&quot;iso&quot;:&quot;0&quot;,&quot;shutter_speed&quot;:&quot;0&quot;,&quot;title&quot;:&quot;&quot;,&quot;orientation&quot;:&quot;0&quot;}\" data-image-title=\"IMG-20191023-WA0013\" data-image-description=\"\" data-image-caption=\"\" data-large-file=\"https:\/\/eldiariodesanpedro.com.ar\/sitio\/wp-content\/uploads\/2019\/10\/IMG-20191023-WA0013-576x1024.jpg\" data-src=\"https:\/\/eldiariodesanpedro.com.ar\/sitio\/wp-content\/uploads\/2019\/10\/IMG-20191023-WA0013-576x1024.jpg\" alt=\"\" data-id=\"62523\" data-link=\"https:\/\/eldiariodesanpedro.com.ar\/sitio\/img-20191023-wa0013\/\" class=\"wp-image-62523 lazyload\" data-srcset=\"https:\/\/eldiariodesanpedro.com.ar\/sitio\/wp-content\/uploads\/2019\/10\/IMG-20191023-WA0013-576x1024.jpg 576w, https:\/\/eldiariodesanpedro.com.ar\/sitio\/wp-content\/uploads\/2019\/10\/IMG-20191023-WA0013-169x300.jpg 169w, https:\/\/eldiariodesanpedro.com.ar\/sitio\/wp-content\/uploads\/2019\/10\/IMG-20191023-WA0013.jpg 581w\" data-sizes=\"(max-width: 576px) 100vw, 576px\" src=\"data:image\/svg+xml;base64,PHN2ZyB3aWR0aD0iMSIgaGVpZ2h0PSIxIiB4bWxucz0iaHR0cDovL3d3dy53My5vcmcvMjAwMC9zdmciPjwvc3ZnPg==\" style=\"--smush-placeholder-width: 576px; --smush-placeholder-aspect-ratio: 576\/1024;\" \/><\/figure><\/li><li class=\"blocks-gallery-item\"><figure><img decoding=\"async\" width=\"1024\" height=\"576\" data-attachment-id=\"62520\" data-permalink=\"https:\/\/eldiariodesanpedro.com.ar\/sitio\/img-20191023-wa0011\/\" data-orig-file=\"https:\/\/eldiariodesanpedro.com.ar\/sitio\/wp-content\/uploads\/2019\/10\/IMG-20191023-WA0011.jpg\" data-orig-size=\"1032,581\" data-comments-opened=\"1\" data-image-meta=\"{&quot;aperture&quot;:&quot;0&quot;,&quot;credit&quot;:&quot;&quot;,&quot;camera&quot;:&quot;&quot;,&quot;caption&quot;:&quot;&quot;,&quot;created_timestamp&quot;:&quot;0&quot;,&quot;copyright&quot;:&quot;&quot;,&quot;focal_length&quot;:&quot;0&quot;,&quot;iso&quot;:&quot;0&quot;,&quot;shutter_speed&quot;:&quot;0&quot;,&quot;title&quot;:&quot;&quot;,&quot;orientation&quot;:&quot;0&quot;}\" data-image-title=\"IMG-20191023-WA0011\" data-image-description=\"\" data-image-caption=\"\" data-large-file=\"https:\/\/eldiariodesanpedro.com.ar\/sitio\/wp-content\/uploads\/2019\/10\/IMG-20191023-WA0011-1024x576.jpg\" data-src=\"https:\/\/eldiariodesanpedro.com.ar\/sitio\/wp-content\/uploads\/2019\/10\/IMG-20191023-WA0011-1024x576.jpg\" alt=\"\" data-id=\"62520\" data-link=\"https:\/\/eldiariodesanpedro.com.ar\/sitio\/img-20191023-wa0011\/\" class=\"wp-image-62520 lazyload\" data-srcset=\"https:\/\/eldiariodesanpedro.com.ar\/sitio\/wp-content\/uploads\/2019\/10\/IMG-20191023-WA0011-1024x576.jpg 1024w, https:\/\/eldiariodesanpedro.com.ar\/sitio\/wp-content\/uploads\/2019\/10\/IMG-20191023-WA0011-300x169.jpg 300w, https:\/\/eldiariodesanpedro.com.ar\/sitio\/wp-content\/uploads\/2019\/10\/IMG-20191023-WA0011-768x432.jpg 768w, https:\/\/eldiariodesanpedro.com.ar\/sitio\/wp-content\/uploads\/2019\/10\/IMG-20191023-WA0011.jpg 1032w\" data-sizes=\"(max-width: 1024px) 100vw, 1024px\" src=\"data:image\/svg+xml;base64,PHN2ZyB3aWR0aD0iMSIgaGVpZ2h0PSIxIiB4bWxucz0iaHR0cDovL3d3dy53My5vcmcvMjAwMC9zdmciPjwvc3ZnPg==\" style=\"--smush-placeholder-width: 1024px; --smush-placeholder-aspect-ratio: 1024\/576;\" \/><\/figure><\/li><\/ul>\n\n\n\n<p>Tambi\u00e9n en su descargo cont\u00f3 lo que sucedi\u00f3 el 15 de septiembre cuando circulaba solo en un m\u00f3vil de la patrulla del Destacamento de Santa Lucia cuando choc\u00f3  una alcantarilla y volc\u00f3 en un camino del paraje Colegiales, hecho que provoco su traslado a la ciudad de pergamino:<\/p>\n\n\n\n<p>\u00abMe dorm\u00ed, venia haciendo recargos, est\u00e1bamos haciendo operativos anti piratas, fui y vine muchas veces a Castro,  Santa Lucia, resolvimos un conflicto grande que hubo, cuando me voy de ah\u00ed, la verdad que vengo teniendo una contractura en la espalda  que me provoca mucho dolor, y sue\u00f1o, cansancio, el traqueteo de los caminos y los m\u00f3viles que no est\u00e1n nuevos me jugo en contra, el camino que agarre lo hab\u00edan arreglado con la Champions e hicieron una banquina muy profunda provocando no poder salir con facilidad con ning\u00fan tipo de vehiculo, volantee y no pude salir, la realidad es que volque. me meti adentro de la alcantarilla que gracias a Dios no tenia agua, me salvo que quede colgado de la ventana debido a que el volante que lo tenia bajo, pude salir todo embarrado por la ventanilla mia la cual manten\u00eda abierta para no dormirme y estuve una hora y media intentando comunicarme con alguien que venga a socorrerme , estaba solo, trabajamos solo, falta personal policial tanto en la parte de seguridad y en las patrullas rurales\u00bb, culmin\u00f3.<\/p>\n","protected":false},"excerpt":{"rendered":"<p>El violento episodio ocurri\u00f3 este domingo por la tarde cuando un sujeto, a quien desconoce, destrozo su auto con piedras de importante tama\u00f1o, para luego seguir con el conflicto en las puertas de la vivienda de la femenina con la que se encontraba el acusado. Brian Sprenger, de 28 a\u00f1os de edad, efectivo de la [&hellip;]<\/p>\n","protected":false},"author":4,"featured_media":62557,"comment_status":"open","ping_status":"closed","sticky":false,"template":"","format":"standard","meta":{"om_disable_all_campaigns":false,"_jetpack_memberships_contains_paid_content":false,"footnotes":""},"categories":[50,2,103],"tags":[],"class_list":["post-62516","post","type-post","status-publish","format-standard","has-post-thumbnail","hentry","category-destacadas","category-locales","category-policiales-locales"],"aioseo_notices":[],"gutentor_comment":0,"jetpack_featured_media_url":"https:\/\/eldiariodesanpedro.com.ar\/sitio\/wp-content\/uploads\/2019\/10\/IMG-20191023-WA00132.jpg","jetpack_shortlink":"https:\/\/wp.me\/p6RhLt-ggk","jetpack_sharing_enabled":true,"_links":{"self":[{"href":"https:\/\/eldiariodesanpedro.com.ar\/sitio\/wp-json\/wp\/v2\/posts\/62516","targetHints":{"allow":["GET"]}}],"collection":[{"href":"https:\/\/eldiariodesanpedro.com.ar\/sitio\/wp-json\/wp\/v2\/posts"}],"about":[{"href":"https:\/\/eldiariodesanpedro.com.ar\/sitio\/wp-json\/wp\/v2\/types\/post"}],"author":[{"embeddable":true,"href":"https:\/\/eldiariodesanpedro.com.ar\/sitio\/wp-json\/wp\/v2\/users\/4"}],"replies":[{"embeddable":true,"href":"https:\/\/eldiariodesanpedro.com.ar\/sitio\/wp-json\/wp\/v2\/comments?post=62516"}],"version-history":[{"count":8,"href":"https:\/\/eldiariodesanpedro.com.ar\/sitio\/wp-json\/wp\/v2\/posts\/62516\/revisions"}],"predecessor-version":[{"id":62575,"href":"https:\/\/eldiariodesanpedro.com.ar\/sitio\/wp-json\/wp\/v2\/posts\/62516\/revisions\/62575"}],"wp:featuredmedia":[{"embeddable":true,"href":"https:\/\/eldiariodesanpedro.com.ar\/sitio\/wp-json\/wp\/v2\/media\/62557"}],"wp:attachment":[{"href":"https:\/\/eldiariodesanpedro.com.ar\/sitio\/wp-json\/wp\/v2\/media?parent=62516"}],"wp:term":[{"taxonomy":"category","embeddable":true,"href":"https:\/\/eldiariodesanpedro.com.ar\/sitio\/wp-json\/wp\/v2\/categories?post=62516"},{"taxonomy":"post_tag","embeddable":true,"href":"https:\/\/eldiariodesanpedro.com.ar\/sitio\/wp-json\/wp\/v2\/tags?post=62516"}],"curies":[{"name":"wp","href":"https:\/\/api.w.org\/{rel}","templated":true}]}}